{"id":340559,"date":"2026-01-14T16:41:09","date_gmt":"2026-01-14T16:41:09","guid":{"rendered":"https:\/\/www.europesays.com\/es\/340559\/"},"modified":"2026-01-14T16:41:09","modified_gmt":"2026-01-14T16:41:09","slug":"por-que-spielberg-borro-su-escena-del-minuto-50-en-e-t","status":"publish","type":"post","link":"https:\/\/www.europesays.com\/es\/340559\/","title":{"rendered":"Por qu\u00e9 Spielberg borr\u00f3 su escena del minuto 50 en \u201cE.T.\u201d"},"content":{"rendered":"<p class=\"paragraph font__body-regular\">Que la pel\u00edcula \u201c<b>E.T., el extraterrestre\u201d<\/b>, creada por<a href=\"https:\/\/tn.com.ar\/show\/hollywood\/2023\/03\/25\/la-historia-de-firelight-la-primera-pelicula-de-steven-spielberg-realizada-con-solo-500-dolares\/\" target=\"_self\" rel=\"nofollow noopener\" title=\"https:\/\/tn.com.ar\/show\/hollywood\/2023\/03\/25\/la-historia-de-firelight-la-primera-pelicula-de-steven-spielberg-realizada-con-solo-500-dolares\/\"> <b>Steven Spielberg<\/b><\/a> a comienzos de los a\u00f1os 80, es una de las m\u00e1s taquilleras de la historia, es un dato objetivo. Lo que es subjetivo es qu\u00e9 hubiese ocurrido si el director dejaba en la edici\u00f3n final de su c\u00e9lebre film <b>el cameo secreto de Harrison Ford.<\/b><\/p>\n<p class=\"paragraph font__body-regular\">Sin embargo, <b>Spielberg borr\u00f3 la escena en la que aparec\u00eda Ford en el minuto 50<\/b> y \u00e9sta reci\u00e9n se pudo observar muchos a\u00f1os despu\u00e9s, con la aparici\u00f3n del DVD y del Blue Ray, tiempos en los que se pudo ver, adem\u00e1s de la pel\u00edcula completa tal como fue <b>estrenada a medidos de 1982.<\/b><\/p>\n<p><img decoding=\"async\" loading=\"lazy\" fetchpriority=\"low\" data-testid=\"loading-testid\" class=\"image content-image image_placeholder\" alt=\"Steven Spielberg convoc\u00f3 a su amigo Harrison Ford para hacer un cameo en &quot;E.T., el Extraterrestre&quot;, pero luego no incluy\u00f3 la escena en el montaje final de la pel\u00edcula.  REUTERS\/Mario Anzuoni\" width=\"767\" height=\"1107\" src=\"https:\/\/www.europesays.com\/es\/wp-content\/uploads\/2026\/01\/steven-spielberg-convoco-a-su-amigo-harrison-ford-para-hacer-un-cameo-en-et-el-extraterrestre-pero-l.jpeg\"\/><\/p>\n<p>Steven Spielberg convoc\u00f3 a su amigo Harrison Ford para hacer un cameo en \u00abE.T., el Extraterrestre\u00bb, pero luego no incluy\u00f3 la escena en el montaje final de la pel\u00edcula.  REUTERS\/Mario Anzuoni<\/p>\n<p class=\"paragraph font__body-regular\">Los directores siempre suelen recortar muchos fragmentos de las tomas realizadas al momento del montaje y esta escena en la que aparece <b>Harrison Ford <\/b>fue uno de ellos. Claro que es algo que resulta llamativa dado que el actor de <b>Hollywood <\/b>se encontraba en aquel momento en uno de sus picos m\u00e1s altos de popularidad.<\/p>\n<p class=\"paragraph font__body-regular\">Adem\u00e1s, siendo muy amigo de Spielberg, junto a quien ya hab\u00eda alcanzado un \u00e9xito arrollador en <b>\u201cIndiana Jones, en busca del arca perdida\u201d<\/b>, puede leerse esta aparici\u00f3n en \u201cE.T., el extraterrestre\u201d, como una suerte de respaldo al director que se lanzaba a una nueva ventura cinematogr\u00e1fica.<\/p>\n<p class=\"paragraph font__body-regular\"><b>Le\u00e9 tambi\u00e9n: <\/b><a href=\"https:\/\/tn.com.ar\/tecno\/redes-sociales\/2026\/01\/06\/minuto-122-de-soy-leyenda-el-poster-que-anuncio-una-pelicula-que-se-estreno-9-anos-despues\/\" title=\"Minuto 1:22 de Soy Leyenda: el p\u00f3ster que anunci\u00f3 una pel\u00edcula que se estren\u00f3 9 a\u00f1os despu\u00e9s\" rel=\"nofollow noopener\" target=\"_blank\"><b>Minuto 1:22 de Soy Leyenda: el p\u00f3ster que anunci\u00f3 una pel\u00edcula que se estren\u00f3 9 a\u00f1os despu\u00e9s<\/b><\/a><\/p>\n<p class=\"paragraph font__body-regular\">Luego de haber ya cosechado enormes \u00e9xitos de taquilla con el cine de ciencia ficci\u00f3n en \u201cTibur\u00f3n\u201d, \u201cEncuentros cercanos del tercer tipo\u201d y la mencionada \u201cIndiana Jones\u201d, la pel\u00edcula sobre el extraterrestre volv\u00eda a plantear la fantas\u00eda y expectativa de realidad de la presencia de OVNIs y seres de otros planetas que rondan la Tierra.<\/p>\n<p>El cameo secreto de Harrison Ford en \u201cE.T.\u201d: una aparici\u00f3n breve y muy hablada<\/p>\n<p class=\"paragraph font__body-regular\">El momento en que Harrison Ford entra en escena en \u201cE.T.\u201d es en el minuto 50 de la pel\u00edcula, cuando el peque\u00f1o extraterrestre ya era parte de la vida <b>de Elliot (Henry Thomas), el ni\u00f1o protagonista de esta historia.<\/b><\/p>\n<p class=\"paragraph font__body-regular\">En esa escena, finalmente borrada, Harrison Ford sale de espaldas a la c\u00e1mara, que tiene de frente al ni\u00f1o. El famoso actor de Hollywood hace las veces de director del colegio en el que cursa el peque\u00f1o Elliot, quien viene mostrando conductas extra\u00f1as que generaron preocupaci\u00f3n en su madre, a quien le manten\u00edan en secreto la presencia de un extraterrestre en el placard de su hijo del medio (Elliot ten\u00eda un hermano mayor y una hermana menor).<\/p>\n<p><img decoding=\"async\" class=\"image image_placeholder\" alt=\"Video Placeholder\" draggable=\"true\" src=\"https:\/\/www.europesays.com\/es\/wp-content\/uploads\/2026\/01\/https:\/\/i.ytimg.com\/vi\/Rd5o-QzqPWE\/hqdefault.jpg\"\/><\/p>\n<p>La escena que Steven Spielberg borr\u00f3 de E.T., el extraterrestre, en la que su amigo Harrison Ford hace un cameo secreto.<\/p>\n<p class=\"paragraph font__body-regular\">Ford habla mucho y gesticula mientras Elliot lo escucha. Y en un momento de la escena, gira y mira hacia la ventana, d\u00e1ndole la espalda al ni\u00f1o quien, sorprendido, vuelve a comprobar <b>los poderes de su amigo extraterrestre<\/b>, que aun sin estar en el lugar percibe todo a trav\u00e9s del peque\u00f1o y lo hace levitar en su silla.<\/p>\n<p class=\"paragraph font__body-regular\">El director (Ford) nunca lo ve porque est\u00e1 mirando hacia la calle en ese momento. La silla de Elliot vuelve a su lugar cuando ingresa a la oficina su mam\u00e1. En ning\u00fan momento, los planos que hizo Spielberg de <a href=\"https:\/\/tn.com.ar\/show\/hollywood\/2022\/07\/13\/los-80-anos-de-harrison-ford-el-carpintero-carismatico-que-conquisto-a-george-lucas-y-steven-spielberg\/\" target=\"_self\" rel=\"nofollow noopener\" title=\"https:\/\/tn.com.ar\/show\/hollywood\/2022\/07\/13\/los-80-anos-de-harrison-ford-el-carpintero-carismatico-que-conquisto-a-george-lucas-y-steven-spielberg\/\"><b>Harrison Ford<\/b><\/a> van m\u00e1s all\u00e1 de su espalda y sus manos.<\/p>\n<p>El cameo secreto de Harrison Ford en \u201cE.T.\u201d: la felicidad del ni\u00f1o actor por estar con una estrella<\/p>\n<p class=\"paragraph font__body-regular\">Nacido en 1971, Henry Thomas debut\u00f3 en la pantalla gigante con 10 a\u00f1os, en la pel\u00edcula Raggedy Man, del director Jack Fisk. Y ese mismo a\u00f1o particip\u00f3 en The Steeler and the Pittsburgh Kid. Claro que, cuando <b>fue elegido en el casting para ser Elliot en \u201cE.T.\u201d<\/b>, su carrera como actor y su ni\u00f1ez dieron un vuelco.<\/p>\n<p class=\"paragraph font__body-regular\">M\u00e1s all\u00e1 de que por ese papel fue nominado a un Globo de Oro y un BAFTA, lo que m\u00e1s motivaba al ni\u00f1o Henry Thomas no era solo ser dirigido por el joven y exitoso Spielberg, sino poder compartir una escena con quien era su \u00eddolo aventurero de aquel tiempo, Harrison Ford.<\/p>\n<p class=\"paragraph font__body-regular\"><b>Le\u00e9 tambi\u00e9n: <\/b><a href=\"https:\/\/tn.com.ar\/show\/cine-series\/2026\/01\/05\/el-error-de-principiantes-que-aparece-en-el-minuto-104-de-harry-potter-y-la-camara-secreta\/\" title=\"El error de principiantes que aparece en el minuto 104 de \u201cHarry Potter y la C\u00e1mara Secreta\u201d\" rel=\"nofollow noopener\" target=\"_blank\"><b>El error de principiantes que aparece en el minuto 104 de \u201cHarry Potter y la C\u00e1mara Secreta\u201d<\/b><\/a><\/p>\n<p class=\"paragraph font__body-regular\">Lo consigui\u00f3 y le qued\u00f3 como un recuerdo para la posteridad m\u00e1s all\u00e1 de que el gran p\u00fablico no se enter\u00f3 hasta muchos a\u00f1os despu\u00e9s de que \u201cE.T., el extraterrestre\u201d se transformara en una <b>pel\u00edcula ic\u00f3nica para el cine de Hollywood<\/b>.<\/p>\n<p class=\"paragraph font__body-regular\">Una producci\u00f3n que tuvo un costo de 10 millones de d\u00f3lares y <b>una recaudaci\u00f3n en cines de 793 millones<\/b>, sin sumar todas las formas de monetizar pel\u00edculas en los \u00faltimos 40 a\u00f1os, desde los VHS, DVD, Blue Ray, hasta las plataformas de streaming actuales. <\/p>\n","protected":false},"excerpt":{"rendered":"Que la pel\u00edcula \u201cE.T., el extraterrestre\u201d, creada por Steven Spielberg a comienzos de los a\u00f1os 80, es una&hellip;\n","protected":false},"author":2,"featured_media":340560,"comment_status":"","ping_status":"","sticky":false,"template":"","format":"standard","meta":{"footnotes":""},"categories":[169],"tags":[177,77613,146,147,25,24,58207,176,3183,1505,175,23,6828,11934],"class_list":{"0":"post-340559","1":"post","2":"type-post","3":"status-publish","4":"format-standard","5":"has-post-thumbnail","7":"category-cine","8":"tag-cine","9":"tag-e-t-el-extraterrestre","10":"tag-entertainment","11":"tag-entretenimiento","12":"tag-es","13":"tag-espana","14":"tag-externo","15":"tag-film","16":"tag-harrison-ford","17":"tag-hollywood","18":"tag-movies","19":"tag-spain","20":"tag-steven-spielberg","21":"tag-tns"},"share_on_mastodon":{"url":"https:\/\/pubeurope.com\/@es\/115894451245389572","error":""},"_links":{"self":[{"href":"https:\/\/www.europesays.com\/es\/wp-json\/wp\/v2\/posts\/340559","targetHints":{"allow":["GET"]}}],"collection":[{"href":"https:\/\/www.europesays.com\/es\/wp-json\/wp\/v2\/posts"}],"about":[{"href":"https:\/\/www.europesays.com\/es\/wp-json\/wp\/v2\/types\/post"}],"author":[{"embeddable":true,"href":"https:\/\/www.europesays.com\/es\/wp-json\/wp\/v2\/users\/2"}],"replies":[{"embeddable":true,"href":"https:\/\/www.europesays.com\/es\/wp-json\/wp\/v2\/comments?post=340559"}],"version-history":[{"count":0,"href":"https:\/\/www.europesays.com\/es\/wp-json\/wp\/v2\/posts\/340559\/revisions"}],"wp:featuredmedia":[{"embeddable":true,"href":"https:\/\/www.europesays.com\/es\/wp-json\/wp\/v2\/media\/340560"}],"wp:attachment":[{"href":"https:\/\/www.europesays.com\/es\/wp-json\/wp\/v2\/media?parent=340559"}],"wp:term":[{"taxonomy":"category","embeddable":true,"href":"https:\/\/www.europesays.com\/es\/wp-json\/wp\/v2\/categories?post=340559"},{"taxonomy":"post_tag","embeddable":true,"href":"https:\/\/www.europesays.com\/es\/wp-json\/wp\/v2\/tags?post=340559"}],"curies":[{"name":"wp","href":"https:\/\/api.w.org\/{rel}","templated":true}]}}