{"id":340584,"date":"2026-01-14T16:59:06","date_gmt":"2026-01-14T16:59:06","guid":{"rendered":"https:\/\/www.europesays.com\/es\/340584\/"},"modified":"2026-01-14T16:59:06","modified_gmt":"2026-01-14T16:59:06","slug":"las-portadas-de-las-revistas-del-corazon-de-hoy-14-de-enero-samantha-vallejo-nagera-victoria-federica-y-su-nuevo-amor-y-el-cambio-de-jesus-vazquez-los40","status":"publish","type":"post","link":"https:\/\/www.europesays.com\/es\/340584\/","title":{"rendered":"Las portadas de las revistas del coraz\u00f3n de hoy, 14 de enero: Samantha Vallejo-N\u00e1gera, Victoria Federica y su nuevo amor y el cambio de Jes\u00fas V\u00e1zquez &#8211; LOS40"},"content":{"rendered":"<ol>\n<li><a href=\"https:\/\/news.google.com\/rss\/articles\/CBMi_gFBVV95cUxOdXExVXJUWU1vNmN5cHpkV2M0b2xfME5CV1dlQ2xJUGtLQS1kRG11X0VBdEZkdi1Dek9WRlRlU3lEbHlOVkFkN1BVR2VnWEM3ZHhqejF3TGtSb3BKaTJ5clc1NzE5cUF2UlM2aUZpR3NPWEpMcTVpanFsekFpT1NIYmx3d2xKbXJXM2ctYV90TGJ6b1pLNEprejBLdDBiSW8zcGtjTGhySlA1NkpSWmxlODQ3dU9nakdWZnhRTTBuSHdNMkVIcE00UGJHazlYdkMzUnNZazMyNEZTMXFPUTJ0NndmQV94VFctT1JyNUJkUmRpck5MSEdEWjFRamhqd9IBkgJBVV95cUxOY3gtdGNrNGFSVS1penl5RXpSd2lnSDJ4cVVGVHlwYUpHSFEyMGNwZGR2UlZoMkFrSWw5SW9yOWw4WW1wcEc0amdoa2o4eGU2cVh2QWR3XzJ3NHhzTXdPZEc3VVBBbGNkYk5jSHg0b3J3VC1uWlRDU0RKUDdfUXV2TU1ROE5wM2VrT0RjOVlBTzh5bnJsUjl5d0ljd2JvWERnVHVTTG1tbTZsTlY4M1plZk4wN0djTThGTndaQlQ5Vlo3MkJ2eVpONEF1ZC13RktjMnVySUIxZmQweXJLSVRhV1JEZ0tNbFRsbVB0ZnplR0ZNOUpEVXRsdmVqVkF2MGVIQS1pdDRqcjdrTURROHItc2Vn?oc=5\" target=\"_blank\" rel=\"nofollow noopener\">Las portadas de las revistas del coraz\u00f3n de hoy, 14 de enero: Samantha Vallejo-N\u00e1gera, Victoria Federica y su nuevo amor y el cambio de Jes\u00fas V\u00e1zquez<\/a>&nbsp;&nbsp;LOS40<\/li>\n<li><a href=\"https:\/\/news.google.com\/rss\/articles\/CBMiyAFBVV95cUxOYXhnN3RndFR6UlZqNnoyV1Y1OEptZ0hGbktraFd5cHBFWGpvNWMxV0h5T1pLaUJZcmNWdmFiYURtSzJEOWZRNmtpWWZSRjhUb0RYV21ySld4Rk5YbFR2dlg5d3NsTHdDb1ByaVUwem4tdnhvN29hTmxnTE84TENaZU9Dbjg4eHlkSksyaUJyZ25hcW9semRpU2dzeUNKbGlfNlYzWmU2azlBbVYyTlc0MFk3dldtUXhzU0FuZjFraUpTd1kzV0FGbNIBzgFBVV95cUxObVJ4ckxrdUxVYTlJZ09JeExNWjJ5NzB3VG9BWW9PaXhIQjZPN0NvdXBWWVN4bVRMbTI5TVNlbElZVHl0cGJPYVZoM2dfWmcxeC1lRmpRZlhYUHhQZk13NW1ZZHZ0WDA3WnFrN3RZY2tOeEkwaDhwbzVRa19qWXRpSnJ0MXc4SnpKNERMLTU1aE5YOUFQNVl1NW5BQjdnWEg5Ui1ucDFUTGJuQWZud0ZTbWNsc19hbzlHU2l4SXdTTDVLeE1VbmtBWHRZZ1lIZw?oc=5\" target=\"_blank\" rel=\"nofollow noopener\">Samantha Vallejo-N\u00e1gera, Victoria Federica, Jes\u00fas V\u00e1zquez y Julia Roberts protagonizan las portadas<\/a>&nbsp;&nbsp;La Vanguardia<\/li>\n<li><a href=\"https:\/\/news.google.com\/rss\/articles\/CBMijAJBVV95cUxOUlg5TlRQSllGVW5pVmZiTnc3UlV1S09ualB2VWVCWm5TQS1qcXA2clFuY2p6cEQxUkpwcWttb21RVGdlXzdaUThfMGNTVEpvVC1lWFlBWTIzRlVKeUJaRV9OMEJ1elE1Z3JZcVlfaURXZG4wR3h2Rk5kV3lNU1J3MmwwV3dNREstZkdISnJjNFNsb3ZSbmthdTY4X2lMd3lRc1VWNUo5NVJkd2tzZl9vMF9Ob21xM05rV1BGWHZLQS01SlVZS2RONlBJamZJaGV2NEtpMFhzN3AyNWFEeGs4MkJVOU1yQ0ZjTmptc3dKU1BlaGw5bl9HM2FFMjFadGhuOW0wOVM5RDRBQUNl0gGgAkFVX3lxTE9TZmZGQ1p3WFdzdVNLSkhjaGhDUmZ3SUF2Y08tVFlFZVlUOG4xTXFBUV9aOEx4eEh4aXVyYU5RSGwwU3BiMDlaQ1oxSGtKRkh1enJFRUlCVm1LQk5DTDhXLWlQR1AzNXlvSkxLSmRORlFncTFxdEZzdDl1ZmFsejN0dWpWRy15MFlrUzFEWVdyOHBYLUVpWFFnYjJYMDlvSGM2cXNZXzNXM1pNS1c2S2VsRmZJQ3h2UFR3bVpJXzRpNlRGbk13SGtMdlN4SWczYlZkSFdiTy10M2l2U2kzSWJaRmctVWsxMTRmcVg1dUJTLVBySEIyVTZycGpGVUlJQVd5QWlQd1FlMnZoTDFab1g1eDdGTnE2XzM0bjVPcjYyeg?oc=5\" target=\"_blank\" rel=\"nofollow noopener\">De Bosco Vallejo-N\u00e1jera a Victoria Federica: amores, despedidas y nuevos comienzos marcan las portadas de las<\/a>&nbsp;&nbsp;La Raz\u00f3n<\/li>\n<li><a href=\"https:\/\/news.google.com\/rss\/articles\/CBMizAFBVV95cUxOTzJ1OVFOb3pteVJ6TFNxRTUzYm5INlJRUmNJVW5admhoYXZjVHlIS1ZNQXdpR0w1ZDVkQnFwWl8ycXpTc2ltOHNwVzBtaUJDMU04cVd6T0hFODVxOXBEcDVLejg1V2tnZkZxaG45WktpU3M5RlNGZHpZUkcyWnkyWFZuV0xtb3J4RzJfV0dXWDd3THg5ZDlmdTRVc0pRSUpoOEhsbnE5OUlqRVp4Smt5MG84RUVOSWdhQXB0WjhmUDJTbElDTm1WQ1NaRU3SAdIBQVVfeXFMTkR2OU1HVjdETFpyb19JYnV6eFFSa1F6bHNjQnZGc25vTjBzYjVVS19HQTNxVU1iMHF5LWp4WlhydnkzMmI1dTExc09DX3VSREZNVHZXOVYydG9CX3loM2NJdm9Eb0VnakhZQkN5RHdrdHZhakdVdWs5cUgwaWRObUtjYjJHTjNjRmNsUnByRnN2UnpwcmtVNGg2VFlHV3lSNHN1Y3RIcW9kMzJuUGVvRndkMWNEeFlUWVd3X1l5cVRROXNobkIzaDUwZlNuUjh6SkF3?oc=5\" target=\"_blank\" rel=\"nofollow noopener\">Las portadas de las revistas del coraz\u00f3n de hoy, 14 de enero: el cambio de vida de Jes\u00fas V\u00e1zquez a los 60 a\u00f1os<\/a>&nbsp;&nbsp;El Peri\u00f3dico<\/li>\n<li><a href=\"https:\/\/news.google.com\/rss\/articles\/CBMivwFBVV95cUxPTmE5QjVNbVV4aDEyMTdTUktsZmNDSV9mcUtGRjhYX1NxaTZDcUt0R3E2VFppM3FVeFFZaV9KaWJGemNPR0NBM3A5Q1VRckFQOE1KZGZ2THFHRm9jNXYwSDhIUFRKSWdQblFwM3UxQlpRcGRoWHlMdUVTekY2cFVFVWgyTm83QmlBWFBfTHlNbjhYSXNrWmJVRGgtUmRrWXAwM19ZaGxGLWw1MUNSTWlZNDVnTzZXMThDaUhSeEN5QQ?oc=5\" target=\"_blank\" rel=\"nofollow noopener\">Las noticias de las portadas de las revistas del coraz\u00f3n de hoy: el posado de Samantha Vallejo-N\u00e1gera con sus hijos y Victoria Federica con su novio en Abu Dabi<\/a>&nbsp;&nbsp;Lecturas<\/li>\n<\/ol>\n","protected":false},"excerpt":{"rendered":"Las portadas de las revistas del coraz\u00f3n de hoy, 14 de enero: Samantha Vallejo-N\u00e1gera, Victoria Federica y su&hellip;\n","protected":false},"author":2,"featured_media":338026,"comment_status":"","ping_status":"","sticky":false,"template":"","format":"standard","meta":{"footnotes":""},"categories":[174],"tags":[255,146,147,25,24,256,23],"class_list":{"0":"post-340584","1":"post","2":"type-post","3":"status-publish","4":"format-standard","5":"has-post-thumbnail","7":"category-famosos","8":"tag-celebrities","9":"tag-entertainment","10":"tag-entretenimiento","11":"tag-es","12":"tag-espana","13":"tag-famosos","14":"tag-spain"},"share_on_mastodon":{"url":"https:\/\/pubeurope.com\/@es\/115894522010143840","error":""},"_links":{"self":[{"href":"https:\/\/www.europesays.com\/es\/wp-json\/wp\/v2\/posts\/340584","targetHints":{"allow":["GET"]}}],"collection":[{"href":"https:\/\/www.europesays.com\/es\/wp-json\/wp\/v2\/posts"}],"about":[{"href":"https:\/\/www.europesays.com\/es\/wp-json\/wp\/v2\/types\/post"}],"author":[{"embeddable":true,"href":"https:\/\/www.europesays.com\/es\/wp-json\/wp\/v2\/users\/2"}],"replies":[{"embeddable":true,"href":"https:\/\/www.europesays.com\/es\/wp-json\/wp\/v2\/comments?post=340584"}],"version-history":[{"count":0,"href":"https:\/\/www.europesays.com\/es\/wp-json\/wp\/v2\/posts\/340584\/revisions"}],"wp:featuredmedia":[{"embeddable":true,"href":"https:\/\/www.europesays.com\/es\/wp-json\/wp\/v2\/media\/338026"}],"wp:attachment":[{"href":"https:\/\/www.europesays.com\/es\/wp-json\/wp\/v2\/media?parent=340584"}],"wp:term":[{"taxonomy":"category","embeddable":true,"href":"https:\/\/www.europesays.com\/es\/wp-json\/wp\/v2\/categories?post=340584"},{"taxonomy":"post_tag","embeddable":true,"href":"https:\/\/www.europesays.com\/es\/wp-json\/wp\/v2\/tags?post=340584"}],"curies":[{"name":"wp","href":"https:\/\/api.w.org\/{rel}","templated":true}]}}