{"id":340585,"date":"2026-01-14T17:00:17","date_gmt":"2026-01-14T17:00:17","guid":{"rendered":"https:\/\/www.europesays.com\/es\/340585\/"},"modified":"2026-01-14T17:00:17","modified_gmt":"2026-01-14T17:00:17","slug":"la-cadena-creativa-que-convierte-la-galeria-del-movil-en-obra-de-arte","status":"publish","type":"post","link":"https:\/\/www.europesays.com\/es\/340585\/","title":{"rendered":"la cadena creativa que convierte la galer\u00eda del m\u00f3vil en obra de arte"},"content":{"rendered":"<p>                        Xiaomi impulsa <strong>\u2018Te doy mis ojos\u2019<\/strong>, un proyecto art\u00edstico colaborativo en el que el \u00e1lbum de im\u00e1genes de cada persona se convierte en fuente de inspiraci\u00f3n para otros.<\/p>\n<p class=\"section__text\">\n                    Cuando el instante nos llama, captar la esencia del momento en una fotograf\u00eda responde a una cuesti\u00f3n de instinto. Accionar el obturador significa aprehender una mirada, que puede ser m\u00e1s art\u00edstica, m\u00e1s o menos abstracta o estar imbuida \u2014o no\u2014 de un mensaje o una intencionalidad determinada. Lo que es obvio es que, m\u00e1s all\u00e1 de la t\u00e9cnica, <strong>el ejercicio de retratar el mundo que surge a nuestro alrededor es una actividad estrictamente personal<\/strong>.\n                <\/p>\n<p class=\"section__text\">\n                    Es por ello que las galer\u00edas de fotos de nuestros m\u00f3viles son, hoy en d\u00eda, <strong>algo pr\u00f3ximo a un diario \u00edntimo<\/strong> en el que caben experiencias, sonrisas, viajes o, en definitiva, cualquier detalle que nos haya llamado la atenci\u00f3n. <strong>Xiaomi ha querido poner en valor este mosaico personal<\/strong> y convertirlo en el punto de partida de una de sus propuestas m\u00e1s especiales: la de transformar este cat\u00e1logo \u00fanico en la materia prima de la creaci\u00f3n art\u00edstica de otro.\n                <\/p>\n<p class=\"section__text\">\n                    Esa idea es la que sustenta <strong>\u2018Te doy mis ojos\u2019, un proyecto de creaci\u00f3n colectiva de Xiaomi Espa\u00f1a<\/strong>. La idea es sencilla: la compa\u00f1\u00eda ha invitado a seis creadores provenientes de mundos tan diversos como la interpretaci\u00f3n, el deporte o la cocina, entre otros, para reinterpretar la mirada del otro y hacerla un poco suya. La iniciativa ha puesto el foco en este archivo cotidiano que todos tenemos para <strong>convertirlo en una cadena de inspiraci\u00f3n<\/strong> cuyo punto de partida com\u00fan para estas personas es el uso del tel\u00e9fono Xiaomi 15 Ultra, como herramienta de fotograf\u00eda m\u00f3vil.\n                <\/p>\n<p class=\"section__text\">\n                    El protagonismo de este dispositivo en este contexto resulta especialmente relevante dado que, m\u00e1s all\u00e1 de ser la punta de lanza del ecosistema tecnol\u00f3gico de la marca, <strong>su vocaci\u00f3n fotogr\u00e1fica es clave para imbuir a las im\u00e1genes del proyecto de la m\u00e1xima calidad<\/strong>. La incorporaci\u00f3n de lentes Leica para sus c\u00e1maras marca la diferencia y convierte al Xiaomi 15 Ultra en una herramienta capaz de responder ante la m\u00e1xima exigencia, incluso de cualquier fot\u00f3grafo profesional.\n                <\/p>\n<p class=\"section__text\">\n                    El actor y poeta Jaime Lorente, uno de los rostros de moda del cine espa\u00f1ol, pone su inquietud y sensibilidad art\u00edstica para condensar su talento en las im\u00e1genes que cede a la breakdance Ana Furia, y que sirve para iniciar esta cadena visual que tiene tambi\u00e9n como protagonistas al d\u00fao tecnol\u00f3gico ValPat, el chef Jes\u00fas S\u00e1nchez, el dise\u00f1ador de moda Pablo Erroz y la chef Bego\u00f1a Rodrigo, cuyas fotos vuelven nuevamente a Lorente para transformar su visi\u00f3n en poes\u00eda.\n                <\/p>\n<p class=\"section__text\">\n                    <strong>Lo heterog\u00e9neo de sus lenguajes es el catalizador de un proyecto-laboratorio<\/strong> en el que, por una vez, las excelencias tecnol\u00f3gicas del dispositivo bandera de Xiaomi quedan en segundo plano: aqu\u00ed se pone sobre la mesa la intuici\u00f3n, el mensaje y el talento. \u00bfQu\u00e9 podr\u00e1 salir de esta propuesta?\n                <\/p>\n<p>                    Ana Furia<\/p>\n<p class=\"section__subtext\">Im\u00e1genes en coreograf\u00eda<\/p>\n<p class=\"section__text\">\n                        La plasticidad, el ritmo y la energ\u00eda de Ana Furia, <strong>miembro del equipo ol\u00edmpico espa\u00f1ol de breakdance<\/strong>, modelan la galer\u00eda de Jaime Lorente, de quien asume la mirada para transformarla en una obra de danza. Es la comuni\u00f3n de dos lenguajes que se tocan: lo visual que aporta el actor y poeta, y la expresi\u00f3n corporal de la deportista.\n                    <\/p>\n<p>                    <img decoding=\"async\" class=\"section__img\" src=\"https:\/\/www.europesays.com\/es\/wp-content\/uploads\/2026\/01\/ana-perfil.png\" alt=\"imagen\"\/><\/p>\n<p>                    ValPat<\/p>\n<p class=\"section__subtext\">La ciencia de la vocaci\u00f3n art\u00edstica<\/p>\n<p class=\"section__text\">\n                        El d\u00fao ValPat (Valeria Corrales &amp; Patricia Heredia) es un <strong>referente en divulgaci\u00f3n STEAM<\/strong> entre los m\u00e1s j\u00f3venes, a quienes acerca contenidos sobre ciencia, tecnolog\u00eda, ingenier\u00eda y matem\u00e1ticas. En este caso, su propuesta asume esta vocaci\u00f3n innovadora para dise\u00f1ar y programar un robot que \u2018lee\u2019 la galer\u00eda de Ana Furia y la traduce en trazos y movimientos, convirtiendo la danza en un gesto mec\u00e1nico con sensibilidad humana.\n                    <\/p>\n<p>                    <img decoding=\"async\" class=\"section__img\" src=\"https:\/\/www.europesays.com\/es\/wp-content\/uploads\/2026\/01\/valpat-perfil.png\" alt=\"imagen\"\/><\/p>\n<p>                    Jes\u00fas S\u00e1nchez<\/p>\n<p class=\"section__subtext\">Cocinando emociones en madera<\/p>\n<p class=\"section__text\">\n                        Jes\u00fas S\u00e1nchez es uno de esos chefs capaces de <strong>sublimar la cocina al terreno del arte<\/strong>. Por eso, este maestro de maridajes y fusiones responde a la est\u00e9tica futurista y disruptiva de ValPat con una obra tallada en madera. Un gui\u00f1o vocacional de un artesano hacia lo m\u00e1s moderno que, no obstante, es capaz de generar un di\u00e1logo en el que las emociones, las formas y las texturas son pura vida. Artesan\u00eda expresada en dos idiomas diferentes que, sin embargo, aqu\u00ed se entienden mutuamente.\n                    <\/p>\n<p>                    <img decoding=\"async\" class=\"section__img\" src=\"https:\/\/www.europesays.com\/es\/wp-content\/uploads\/2026\/01\/jesus-perfil.png\" alt=\"imagen\"\/><\/p>\n<p>                    Pablo Erroz<\/p>\n<p class=\"section__subtext\">Vestir el futuro con forma y color<\/p>\n<p class=\"section__text\">\n                        La galer\u00eda de Jes\u00fas S\u00e1nchez se convierte en una obra art\u00edstica creada por Pablo Erroz, <strong>uno de los dise\u00f1adores espa\u00f1oles con mayor proyecci\u00f3n internacional<\/strong> y gran referente de la moda contempor\u00e1nea y sostenible. En este caso, Erroz transforma las im\u00e1genes del chef en una pieza visual abstracta, centrada en colores, vol\u00famenes y estructuras que hablan el lenguaje de la moda actual.\n                    <\/p>\n<p>                    <img decoding=\"async\" class=\"section__img\" src=\"https:\/\/www.europesays.com\/es\/wp-content\/uploads\/2026\/01\/pablo-perfil.png\" alt=\"imagen\"\/><\/p>\n<p>                    Bego\u00f1a Rodrigo<\/p>\n<p class=\"section__subtext\">Maridaje entre lo culinario y lo textil<\/p>\n<p class=\"section__text\">\n                        Bego\u00f1a Rodrigo, <strong>chef con estrella Michelin y tres Soles Repsol<\/strong>, interpreta la galer\u00eda de Erroz en clave gastron\u00f3mica para crear una pieza \u00fanica que fusiona lo culinario y lo textil, de modo que un vestido puede recordar a un plato y un emplatado puede funcionar como prenda conceptual. Su colecci\u00f3n de im\u00e1genes vuelve a manos de Jaime Lorente, reiniciando la cadena y demostrando que el ciclo creativo no se agota.\n                    <\/p>\n<p>                    <img decoding=\"async\" class=\"section__img\" src=\"https:\/\/www.europesays.com\/es\/wp-content\/uploads\/2026\/01\/begona-perfil.png\" alt=\"imagen\"\/><\/p>\n<p>                Ampliar los l\u00edmites de la creatividad<\/p>\n<p class=\"section__text\">\n                    \u2018Te doy mis ojos\u2019 <strong>se enmarca en la plataforma #ConXiaomi<\/strong>, un programa en el que la marca ha implicado a perfiles de diferentes \u00e1mbitos que comparten la tecnolog\u00eda como motor de creaci\u00f3n art\u00edstica. En este caso, la iniciativa celebra su segunda edici\u00f3n con esta propuesta, que <strong>enriquece la idea original impulsando no solo la exhibici\u00f3n del talento, sino su intercambio<\/strong>. Se trata de una evoluci\u00f3n hacia un modelo colaborativo donde lo importante es c\u00f3mo las miradas se combinan entre s\u00ed.\n                <\/p>\n<p class=\"section__text\">\n                    \u201cEn Xiaomi entendemos la fotograf\u00eda no solo como un medio para capturar im\u00e1genes, sino como <strong>una poderosa herramienta para contar historias, transmitir emociones y conectar distintas formas de arte<\/strong>\u201d, explica Nelly de Navia, Head of Marketing Xiaomi Iberia. En este sentido, a\u00f1ade: \u201c\u2018Te doy mis ojos\u2019 refleja nuestra apuesta por proyectos que ampl\u00edan los l\u00edmites de la creatividad, integrando tecnolog\u00eda y expresi\u00f3n art\u00edstica de manera \u00fanica\u201d.\n                <\/p>\n<p class=\"section__text\">\n                    Se trata, en definitiva, de poner sobre la mesa c\u00f3mo <strong>la fotograf\u00eda m\u00f3vil no es solo un recurso para captar momentos \u2014que tambi\u00e9n\u2014, sino un recurso expresivo de primera magnitud<\/strong> para cualquier disciplina. Es toda una declaraci\u00f3n de intenciones que reivindica el rol cultural de un dispositivo que todos llevamos en el bolsillo y al que Xiaomi 15 Series aporta un potencial que democratiza este arte y redefine la manera de mirar e interpretar el mundo.\n                <\/p>\n","protected":false},"excerpt":{"rendered":"Xiaomi impulsa \u2018Te doy mis ojos\u2019, un proyecto art\u00edstico colaborativo en el que el \u00e1lbum de im\u00e1genes de&hellip;\n","protected":false},"author":2,"featured_media":340586,"comment_status":"","ping_status":"","sticky":false,"template":"","format":"standard","meta":{"footnotes":""},"categories":[173],"tags":[229,233,231,230,1924,232,234,146,147,25,24,244,12078,77614,21841,23,120,2766],"class_list":{"0":"post-340585","1":"post","2":"type-post","3":"status-publish","4":"format-standard","5":"has-post-thumbnail","7":"category-arte-y-diseno","8":"tag-arte","9":"tag-arte-y-diseno","10":"tag-arts","11":"tag-arts-and-design","12":"tag-branded-content","13":"tag-design","14":"tag-diseno","15":"tag-entertainment","16":"tag-entretenimiento","17":"tag-es","18":"tag-espana","19":"tag-fotografia","20":"tag-leica","21":"tag-marcas-n","22":"tag-omicrono","23":"tag-spain","24":"tag-tecnologia","25":"tag-xiaomi"},"share_on_mastodon":{"url":"https:\/\/pubeurope.com\/@es\/115894525937402222","error":""},"_links":{"self":[{"href":"https:\/\/www.europesays.com\/es\/wp-json\/wp\/v2\/posts\/340585","targetHints":{"allow":["GET"]}}],"collection":[{"href":"https:\/\/www.europesays.com\/es\/wp-json\/wp\/v2\/posts"}],"about":[{"href":"https:\/\/www.europesays.com\/es\/wp-json\/wp\/v2\/types\/post"}],"author":[{"embeddable":true,"href":"https:\/\/www.europesays.com\/es\/wp-json\/wp\/v2\/users\/2"}],"replies":[{"embeddable":true,"href":"https:\/\/www.europesays.com\/es\/wp-json\/wp\/v2\/comments?post=340585"}],"version-history":[{"count":0,"href":"https:\/\/www.europesays.com\/es\/wp-json\/wp\/v2\/posts\/340585\/revisions"}],"wp:featuredmedia":[{"embeddable":true,"href":"https:\/\/www.europesays.com\/es\/wp-json\/wp\/v2\/media\/340586"}],"wp:attachment":[{"href":"https:\/\/www.europesays.com\/es\/wp-json\/wp\/v2\/media?parent=340585"}],"wp:term":[{"taxonomy":"category","embeddable":true,"href":"https:\/\/www.europesays.com\/es\/wp-json\/wp\/v2\/categories?post=340585"},{"taxonomy":"post_tag","embeddable":true,"href":"https:\/\/www.europesays.com\/es\/wp-json\/wp\/v2\/tags?post=340585"}],"curies":[{"name":"wp","href":"https:\/\/api.w.org\/{rel}","templated":true}]}}