{"id":340587,"date":"2026-01-14T17:02:10","date_gmt":"2026-01-14T17:02:10","guid":{"rendered":"https:\/\/www.europesays.com\/es\/340587\/"},"modified":"2026-01-14T17:02:10","modified_gmt":"2026-01-14T17:02:10","slug":"valeria-ros-disipa-las-dudas-sobre-su-continuidad-en-la-revuelta-tras-fichar-por-todo-es-mentira-con-dardazo-a-sus-detractores-por-el-show-de-tve","status":"publish","type":"post","link":"https:\/\/www.europesays.com\/es\/340587\/","title":{"rendered":"Valeria Ros disipa las dudas sobre su continuidad en &#8216;La revuelta&#8217; tras fichar por &#8216;Todo es mentira&#8217;, con dardazo a sus detractores por el show de TVE"},"content":{"rendered":"\n<p> Valeria Ros vuelve a situarse en el centro del debate televisivo, esta vez para aclarar una inc\u00f3gnita que llevaba unas horas circulando entre la industria y las redes sociales. Su fichaje como <a href=\"https:\/\/www.elconfidencial.com\/television\/programas-tv\/2026-01-13\/todo-es-mentira-risto-mejide-ficha-valeria-ros-cuatro_4282896\/\" target=\"_blank\" rel=\"nofollow noopener\">nueva colaboradora de <\/a> (Cuatro) hab\u00eda reavivado las especulaciones sobre una posible salida de La revuelta, el programa de David Broncano en La 1 donde participa de forma intermitente. La propia humorista se ha encargado de zanjar el asunto con un mensaje directo y con retranca: \u201c<strong>Lo siento,<\/strong><strong> haters<\/strong><strong>. Creo que me vais a tener que seguir aguantando tambi\u00e9n en<\/strong><strong> La revuelta<\/strong>\u201d. <\/p>\n<p> La aclaraci\u00f3n no es menor. Ros llega al programa de Risto Mejide para cubrir el hueco dejado por Virginia Riezu, que ha puesto rumbo a Zapeando, pero lo hace sin atarse en exclusiva a Mediaset.<strong> No ficha por el grupo, sino por el formato, lo que le permite mantener colaboraciones puntuales en otras cadenas.<\/strong> Un matiz contractual que explica por qu\u00e9 podr\u00e1 compaginar su presencia en Cuatro con sus apariciones en el espacio estrella del access de La 1. <\/p>\n<p> El movimiento, adem\u00e1s, encierra una curiosa iron\u00eda profesional. <strong>Hace ahora justo un a\u00f1o, Valeria Ros vivi\u00f3 la situaci\u00f3n inversa: <\/strong><a href=\"https:\/\/www.elconfidencial.com\/television\/programas-tv\/2025-01-15\/valeria-ros-despido-zapeando-la-revuelta_4043676\/\" target=\"_blank\" rel=\"nofollow noopener\"><strong>tuvo que abandonar<\/strong><\/a><strong> <\/strong><strong>Zapeando<\/strong><strong> porque su trabajo en<\/strong><strong> La revuelta <\/strong><strong>fue considerado incompatible <\/strong>desde Atresmedia. Entonces, la humorista reconoc\u00eda que aquella decisi\u00f3n le hab\u00eda provocado \u201cmucha pena\u201d y lleg\u00f3 a verbalizar que se quedaba \u201ccon los que no me hacen elegir\u201d. Ahora, el escenario se invierte: entra en un programa de Mediaset sin que ello suponga renunciar a TVE, algo impensable en otros tiempos de la televisi\u00f3n generalista. <\/p>\n<p> La continuidad de Ros en La revuelta tampoco ha estado exenta de ruido desde el inicio del programa. <strong>Sus primeras apariciones fueron duramente criticadas por una parte de la audiencia, un episodio que ella misma relativiz\u00f3 con el tiempo<\/strong>. \u201cHubo un hate horrible, pero luego me di cuenta de que ponen a caldo a todo el mundo\u201d, explic\u00f3 en su d\u00eda, asumiendo la pol\u00e9mica como parte del ecosistema del programa y del humor contempor\u00e1neo. De hecho, siempre ha insistido en que su colaboraci\u00f3n con Broncano nunca ha sido fija ni prioritaria, sino un \u201cextra en comedia\u201d al que acude cuando la agenda se lo permite. <\/p>\n<blockquote class=\"twitter-tweet\">\n<p lang=\"es\" dir=\"ltr\">Lo siento haters! Creo que me vais a tener que seguir aguantando tambi\u00e9n en <a href=\"https:\/\/twitter.com\/LaRevuelta_TVE?ref_src=twsrc%5Etfw\" rel=\"nofollow noopener\" target=\"_blank\">@LaRevuelta_TVE<\/a> ?<\/p>\n<p>\u2014 Valeria Ros (@VALValeriaRos) <a href=\"https:\/\/twitter.com\/VALValeriaRos\/status\/2011173677694435488?ref_src=twsrc%5Etfw\" rel=\"nofollow noopener\" target=\"_blank\">January 13, 2026<\/a><\/p><\/blockquote>\n<p> Ese planteamiento flexible es el que le posibilita ahora sumar Todo es mentira a su curr\u00edculum sin cerrar otras puertas. <strong>Su estreno en el programa de Risto Mejide est\u00e1 previsto para el pr\u00f3ximo lunes 19 de enero<\/strong>, mientras que en La 1 seguir\u00e1 apareciendo \u201cde vez en cuando\u201d, siempre que el equipo lo considere oportuno. Una f\u00f3rmula que refleja tambi\u00e9n un cambio de paradigma: menos exclusividades f\u00e9rreas y m\u00e1s circulaci\u00f3n de talentos entre cadenas, especialmente en el terreno del humor y la tertulia. <\/p>\n<p> Con este movimiento, Valeria Ros consolida una posici\u00f3n singular en la televisi\u00f3n actual: la de una c\u00f3mica capaz de transitar entre la p\u00fablica y la privada, entre el entretenimiento y la actualidad, sin quedar atrapada en las viejas guerras de bloques. Y, de paso, deja claro que, al menos por ahora, <strong>no piensa desaparecer de<\/strong><strong> La revuelta<\/strong><strong>, pese a quien pese.<\/strong> <\/p>\n<p> Valeria Ros vuelve a situarse en el centro del debate televisivo, esta vez para aclarar una inc\u00f3gnita que llevaba unas horas circulando entre la industria y las redes sociales. Su fichaje como <a href=\"https:\/\/www.elconfidencial.com\/television\/programas-tv\/2026-01-13\/todo-es-mentira-risto-mejide-ficha-valeria-ros-cuatro_4282896\/\" target=\"_blank\" rel=\"nofollow noopener\">nueva colaboradora de <\/a> (Cuatro) hab\u00eda reavivado las especulaciones sobre una posible salida de La revuelta, el programa de David Broncano en La 1 donde participa de forma intermitente. La propia humorista se ha encargado de zanjar el asunto con un mensaje directo y con retranca: \u201c<strong>Lo siento,<\/strong><strong> haters<\/strong><strong>. Creo que me vais a tener que seguir aguantando tambi\u00e9n en<\/strong><strong> La revuelta<\/strong>\u201d. <\/p>\n<p>              <script async src=\"https:\/\/platform.twitter.com\/widgets.js\" charset=\"utf-8\"><\/script><\/p>\n","protected":false},"excerpt":{"rendered":"Valeria Ros vuelve a situarse en el centro del debate televisivo, esta vez para aclarar una inc\u00f3gnita que&hellip;\n","protected":false},"author":2,"featured_media":340588,"comment_status":"","ping_status":"","sticky":false,"template":"","format":"standard","meta":{"footnotes":""},"categories":[171],"tags":[146,147,25,24,23,214],"class_list":{"0":"post-340587","1":"post","2":"type-post","3":"status-publish","4":"format-standard","5":"has-post-thumbnail","7":"category-tv","8":"tag-entertainment","9":"tag-entretenimiento","10":"tag-es","11":"tag-espana","12":"tag-spain","13":"tag-tv"},"share_on_mastodon":{"url":"https:\/\/pubeurope.com\/@es\/115894533848553669","error":""},"_links":{"self":[{"href":"https:\/\/www.europesays.com\/es\/wp-json\/wp\/v2\/posts\/340587","targetHints":{"allow":["GET"]}}],"collection":[{"href":"https:\/\/www.europesays.com\/es\/wp-json\/wp\/v2\/posts"}],"about":[{"href":"https:\/\/www.europesays.com\/es\/wp-json\/wp\/v2\/types\/post"}],"author":[{"embeddable":true,"href":"https:\/\/www.europesays.com\/es\/wp-json\/wp\/v2\/users\/2"}],"replies":[{"embeddable":true,"href":"https:\/\/www.europesays.com\/es\/wp-json\/wp\/v2\/comments?post=340587"}],"version-history":[{"count":0,"href":"https:\/\/www.europesays.com\/es\/wp-json\/wp\/v2\/posts\/340587\/revisions"}],"wp:featuredmedia":[{"embeddable":true,"href":"https:\/\/www.europesays.com\/es\/wp-json\/wp\/v2\/media\/340588"}],"wp:attachment":[{"href":"https:\/\/www.europesays.com\/es\/wp-json\/wp\/v2\/media?parent=340587"}],"wp:term":[{"taxonomy":"category","embeddable":true,"href":"https:\/\/www.europesays.com\/es\/wp-json\/wp\/v2\/categories?post=340587"},{"taxonomy":"post_tag","embeddable":true,"href":"https:\/\/www.europesays.com\/es\/wp-json\/wp\/v2\/tags?post=340587"}],"curies":[{"name":"wp","href":"https:\/\/api.w.org\/{rel}","templated":true}]}}