{"id":340589,"date":"2026-01-14T17:03:09","date_gmt":"2026-01-14T17:03:09","guid":{"rendered":"https:\/\/www.europesays.com\/es\/340589\/"},"modified":"2026-01-14T17:03:09","modified_gmt":"2026-01-14T17:03:09","slug":"polemica-por-la-presencia-de-metrika-en-los-army-awards-los-premios-asociados-a-la-extrema-derecha","status":"publish","type":"post","link":"https:\/\/www.europesays.com\/es\/340589\/","title":{"rendered":"Pol\u00e9mica por la presencia de Metrika en los Army Awards, los premios asociados a la extrema derecha"},"content":{"rendered":"<p>La <a data-external=\"1\" href=\"https:\/\/www.elplural.com\/playtime\/metrika-madre-fundadora-propio-culto_346578102\" rel=\"nofollow noopener\" target=\"_blank\" title=\"cantante valenciana Metrika \">cantante valenciana Metrika <\/a>ha generado controversia\u00a0este pasado fin de semana debido a su presencia en los<strong> Army Awards<\/strong>, conocidos como los <strong>&#8216;antipremios de Internet&#8217;\u00a0<\/strong>y cuyo anfitri\u00f3n es <strong>Ceciarmy<\/strong>, un pol\u00e9mico creador de contenido conocido por sus relaciones con discursos de ultraderecha.\u00a0<\/p>\n<p>La gala de premios, celebrada este pasado s\u00e1bado 10 de enero y conducida por Santiago Segura, estuvo<strong> marcada por la presencia de Vito Quiles<\/strong>, galardonado con la distinci\u00f3n de \u00abMejor pareja del a\u00f1o\u00bb, junto a Gabriel Rufi\u00e1n, en referencia a sus frecuentes encontronazos con el l\u00edder de ERC. Fue durante el recibimiento del premio, que el difusor de bulos <strong><a data-external=\"1\" href=\"https:\/\/www.elplural.com\/politica\/espana\/vito-quiles-recibido-insultos-pedro-sanchez-army-awards-me-habeis-quitado_378359102\" rel=\"nofollow noopener\" target=\"_blank\" title=\"invit\u00f3 a todo el p\u00fablico a corear \" pedro=\"\" s=\"\" hijo=\"\" de=\"\" puta=\"\">invit\u00f3 a todo el p\u00fablico a corear \u00abPedro S\u00e1nchez, hijo de puta\u00bb<\/a><\/strong>.<\/p>\n<p>Por su parte, la presencia de la artista valenciana gener\u00f3 un gran debate en redes sociales sobre si es adecuado\u00a0que una cantante claramente posicionada hacia discursos progresistas y <strong>tan alineada con la comunidad LGTBI acuda a este tipo de eventos<\/strong>. Por su parte, la cantante ha justificado su decisi\u00f3n recordando la importancia de \u00abocupar espacios\u00bb cuando una usuaria le achac\u00f3 haber actuado en un<strong> \u00abevento de fachas\u00bb<\/strong>.\u00a0\u00a0Asimismo, la\u00a0artista tambi\u00e9n ha asegurado al respecto que va <strong>\u00aba seguir yendo a los eventos donde haya fachas a cantar Toto de loca porque no soy yo la que se tiene que esconder\u00bb<\/strong>.<\/p>\n<blockquote class=\"twitter-tweet\">\n<p dir=\"ltr\" lang=\"es\">a m\u00ed me parece muxo m\u00e1s interesante ocupar espacios pero aqu\u00ed cada una con vuestros royos raros jajajjaja <a href=\"https:\/\/t.co\/oxQp42UkK5\" rel=\"nofollow\">https:\/\/t.co\/oxQp42UkK5<\/a><\/p>\n<p>\u2014 madre fundadora (@metrikazf) <a href=\"https:\/\/twitter.com\/metrikazf\/status\/2010720391405412675?ref_src=twsrc%5Etfw\" rel=\"nofollow noopener\" target=\"_blank\">January 12, 2026<\/a><\/p><\/blockquote>\n<p>Sin embargo, la pol\u00e9mica estall\u00f3 aun m\u00e1s cuando la propia Metrika public\u00f3 un tuit contestando a una usuaria que continuaba reproch\u00e1ndole su actuaci\u00f3n en un evento vinculado con ideas de extrema derecha. En \u00e9l, la valenciana esgrim\u00eda que <strong>\u00abten\u00e9is mucho odio dentro supongo, y yo gane 5K en veinte minutos\u00bb<\/strong>; unas palabras que han sido interpretadas por muchos como una confesi\u00f3n de que la artista acudi\u00f3 a los Army Awards esencialmente por dinero, independientemente de su discurso contrapuesto a la t\u00f3nica general de la gala. El debate contin\u00faa abierto en redes sociales, habiendo quien reprocha a la cantante su actuaci\u00f3n y quien aplaude su presencia en un evento dominado por hombres conservadores.\u00a0<\/p>\n<blockquote class=\"twitter-tweet\">\n<p dir=\"ltr\" lang=\"es\">no pude ir a otra hora mixoxo porque ten\u00eda bolo por la noche en salou pero me fascin\u00f3 ese diky calvo \ud83e\ude77 ten\u00e9is muxo odio dentro supongo y yo gan\u00e9 5k en 20 minutosss<\/p>\n<p>\u2014 madre fundadora (@metrikazf) <a href=\"https:\/\/twitter.com\/metrikazf\/status\/2010734387420373428?ref_src=twsrc%5Etfw\" rel=\"nofollow noopener\" target=\"_blank\">January 12, 2026<\/a><\/p><\/blockquote>\n<p>Algunos influencers abandonan el evento<\/p>\n<p>Precisamente los personajes que conduc\u00edan el evento, vinculados con ideas reaccionarias, consiguieron que varios\u00a0de los asistentes abandonaran la gala antes de su final debido a las proclamas que representaron al evento. Algunos de los rostros que se retiraban de los premios eran los exconcursantes de Operaci\u00f3n Triunfo 2025 <strong>Luc\u00eda Casani, Laura M\u00fa\u00f1oz, Salma de Diego, Tinho <\/strong>y la ganadora del concurso musical, <strong>Cristina Lora<\/strong>. <strong>\u00abSab\u00edamos que ven\u00edamos a unos premios raros, pero no a unos premios que est\u00e1n blanqueando el fascismo\u00bb<\/strong>, asegur\u00f3 De Diego tras su abandono.\u00a0<\/p>\n<p>Por su parte, Casani tambi\u00e9n se\u00f1al\u00f3 las bromas inapropiadas de Santiago Segura como maestro de ceremonias, quien comparaba a la ex de OT con Ruth &#8216;Empoderada&#8217;, una joven que pacede el\u00a0<strong>s\u00edndrome de Silver-Russell<\/strong>.<\/p>\n<p>Tambi\u00e9n la influencer y exconcursante de La Isla de las Tentaciones, Noem\u00ed Asensi, coment\u00f3 sobre el evento que <strong>\u00abestaba siendo divertido hasta que han empezado a darle el micr\u00f3fono a fachorras diciendo subnormalidades\u00bb<\/strong>, algo que otra influencer, Shannis, quien\u00a0asisti\u00f3 a la gala del a\u00f1o pasado, contestaba asegurando que ha decidido no volver, ya que \u00abno iba a poder aguantar a tanto nazi\u00bb.<\/p>\n<blockquote class=\"twitter-tweet\">\n<p dir=\"ltr\" lang=\"es\">Hoy le han concedido un premio en los <a href=\"https:\/\/twitter.com\/hashtag\/ArmyAwards?src=hash&amp;ref_src=twsrc%5Etfw\" rel=\"nofollow noopener\" target=\"_blank\">#ArmyAwards<\/a> al ultraderechista Vito Quiles como pareja del a\u00f1o con Gabriel Rufi\u00e1n. La gala ha sido presentada por Santiago Segura. Ha cantado \u00abPedro S\u00e1nchez, hijo de puta\u00bb y le ha dedicado el premio al Peque\u00f1o Nicol\u00e1s. Lamentable. <a href=\"https:\/\/t.co\/NHkbkFhE5Z\" rel=\"nofollow\">pic.twitter.com\/NHkbkFhE5Z<\/a><\/p>\n<p>\u2014 Fonsi Loaiza (@FonsiLoaiza) <a href=\"https:\/\/twitter.com\/FonsiLoaiza\/status\/2010130137187053627?ref_src=twsrc%5Etfw\" rel=\"nofollow noopener\" target=\"_blank\">January 10, 2026<\/a><\/p><\/blockquote>\n<p><script async src=\"https:\/\/platform.twitter.com\/widgets.js\" charset=\"utf-8\"><\/script><\/p>\n","protected":false},"excerpt":{"rendered":"La cantante valenciana Metrika ha generado controversia\u00a0este pasado fin de semana debido a su presencia en los Army&hellip;\n","protected":false},"author":2,"featured_media":340590,"comment_status":"","ping_status":"","sticky":false,"template":"","format":"standard","meta":{"footnotes":""},"categories":[170],"tags":[146,147,25,24,184,185,23],"class_list":{"0":"post-340589","1":"post","2":"type-post","3":"status-publish","4":"format-standard","5":"has-post-thumbnail","7":"category-musica","8":"tag-entertainment","9":"tag-entretenimiento","10":"tag-es","11":"tag-espana","12":"tag-music","13":"tag-musica","14":"tag-spain"},"share_on_mastodon":{"url":"https:\/\/pubeurope.com\/@es\/115894537764373016","error":""},"_links":{"self":[{"href":"https:\/\/www.europesays.com\/es\/wp-json\/wp\/v2\/posts\/340589","targetHints":{"allow":["GET"]}}],"collection":[{"href":"https:\/\/www.europesays.com\/es\/wp-json\/wp\/v2\/posts"}],"about":[{"href":"https:\/\/www.europesays.com\/es\/wp-json\/wp\/v2\/types\/post"}],"author":[{"embeddable":true,"href":"https:\/\/www.europesays.com\/es\/wp-json\/wp\/v2\/users\/2"}],"replies":[{"embeddable":true,"href":"https:\/\/www.europesays.com\/es\/wp-json\/wp\/v2\/comments?post=340589"}],"version-history":[{"count":0,"href":"https:\/\/www.europesays.com\/es\/wp-json\/wp\/v2\/posts\/340589\/revisions"}],"wp:featuredmedia":[{"embeddable":true,"href":"https:\/\/www.europesays.com\/es\/wp-json\/wp\/v2\/media\/340590"}],"wp:attachment":[{"href":"https:\/\/www.europesays.com\/es\/wp-json\/wp\/v2\/media?parent=340589"}],"wp:term":[{"taxonomy":"category","embeddable":true,"href":"https:\/\/www.europesays.com\/es\/wp-json\/wp\/v2\/categories?post=340589"},{"taxonomy":"post_tag","embeddable":true,"href":"https:\/\/www.europesays.com\/es\/wp-json\/wp\/v2\/tags?post=340589"}],"curies":[{"name":"wp","href":"https:\/\/api.w.org\/{rel}","templated":true}]}}