{"id":340597,"date":"2026-01-14T17:07:09","date_gmt":"2026-01-14T17:07:09","guid":{"rendered":"https:\/\/www.europesays.com\/es\/340597\/"},"modified":"2026-01-14T17:07:09","modified_gmt":"2026-01-14T17:07:09","slug":"las-2-victimas-que-denuncian-a-julio-iglesias-por-trata-y-agresion-sexual-siguen-trabajando-para-el","status":"publish","type":"post","link":"https:\/\/www.europesays.com\/es\/340597\/","title":{"rendered":"Las 2 v\u00edctimas que denuncian a Julio Iglesias por trata y agresi\u00f3n sexual siguen trabajando para \u00e9l"},"content":{"rendered":"<p>La organizaci\u00f3n Women&#8217;s Link Worldwide y Amnist\u00eda Internacional han ofrecido este mi\u00e9rcoles una rueda de prensa para aportar detalles sobre <a href=\"https:\/\/es.euronews.com\/cultura\/2026\/01\/13\/julio-iglesias-acusado-agresion-sexual-2-exempleadas\" rel=\"nofollow noopener\" target=\"_blank\">la denuncia presentada contra el cantante Julio Iglesias<\/a>. Seg\u00fan ha confirmado Jovana R\u00edos, portavoz de la organizaci\u00f3n Women&#8217;s Link, las dos denunciantes, conocidas bajo los nombres ficticios de Rebeca y Laura, <strong>contin\u00faan actualmente empleadas<\/strong> por <a href=\"https:\/\/es.euronews.com\/cultura\/2026\/01\/14\/julio-iglesias-preocupado-impacto-dacusaciones-acoso-sexual\" rel=\"nofollow noopener\" target=\"_blank\">el artista<\/a>, lo que a\u00f1ade una capa de complejidad y riesgo al proceso judicial iniciado el pasado 5 de enero.<\/p>\n<p>Un contexto de servidumbre y abuso de poder<\/p>\n<p>La denuncia, interpuesta ante la Fiscal\u00eda de la Audiencia Nacional en Espa\u00f1a bajo el principio de extraterritorialidad, <strong>relata hechos ocurridos entre 2020 y 2021<\/strong> en las residencias del cantante en Rep\u00fablica Dominicana y Bahamas. Las organizaciones consideran que <strong>los testimonios son constitutivos de delitos<\/strong> de trata de seres humanos con fines de trabajo forzado y servidumbre, adem\u00e1s de acoso y agresi\u00f3n sexual con lesiones.<\/p>\n<p>Gema Fern\u00e1ndez, abogada del caso, <strong>ha subrayado la extrema diferencia de poder<\/strong> entre el cantante y las trabajadoras, a quienes Amnist\u00eda Internacional describe como <strong>mujeres migrantes racializadas en contextos de pobreza<\/strong>. \u00abLos hechos que relatan ocurrieron en un contexto de intimidaci\u00f3n y delante de sus jefas\u00bb, ha se\u00f1alado Fern\u00e1ndez, destacando que la organizaci\u00f3n busca con este \u00ablitigio estrat\u00e9gico\u00bb <strong>desmantelar la impunidad<\/strong> que a menudo otorgan la fama y la riqueza.<\/p>\n<p>Medidas cautelares y testigos protegidos<\/p>\n<p>Dada la gravedad de las acusaciones y el hecho de que <strong>las v\u00edctimas sigan en el entorno laboral del denunciado<\/strong>, la Fiscal\u00eda ya ha otorgado a Laura y Rebeca el estatus de testigos protegidos. Entre las medidas solicitadas por la defensa se encuentran <strong>evitar cualquier contacto directo con el cantante<\/strong>, proteger la intimidad de las familias de las mujeres y aplicar protocolos que eviten la revictimizaci\u00f3n durante las declaraciones.<\/p>\n<p>\u00abMi prop\u00f3sito es <strong>que ninguna mujer vuelva a sufrir abusos de \u00e9l<\/strong>\u00ab, ha transmitido Laura a trav\u00e9s de sus representantes legales. Mientras la investigaci\u00f3n preprocesal avanza bajo estricta reserva, <strong>el impacto social ya se deja sentir<\/strong>: la editorial Libros del Asteroide ha anunciado que reescribir\u00e1 la biograf\u00eda del cantante tras las acusaciones, y el ministro de Cultura, Ernest Urtasun, ha calificado los hechos de \u00abrepugnantes\u00bb, confirmando que <strong>el Gobierno estudia la retirada de sus honores oficiales<\/strong>.<\/p>\n<p>La Fiscal\u00eda de la Audiencia Nacional mantiene el car\u00e1cter secreto de las diligencias para <strong>asegurar la protecci\u00f3n de las v\u00edctimas<\/strong>, en un caso que promete marcar un antes y un despu\u00e9s en la fiscalizaci\u00f3n de las grandes fortunas y figuras del entretenimiento <strong>frente a los derechos de los trabajadores<\/strong>.<\/p>\n","protected":false},"excerpt":{"rendered":"La organizaci\u00f3n Women&#8217;s Link Worldwide y Amnist\u00eda Internacional han ofrecido este mi\u00e9rcoles una rueda de prensa para aportar&hellip;\n","protected":false},"author":2,"featured_media":340598,"comment_status":"","ping_status":"","sticky":false,"template":"","format":"standard","meta":{"footnotes":""},"categories":[91],"tags":[36763,10239,4328,209,146,147,25,24,10,23],"class_list":{"0":"post-340597","1":"post","2":"type-post","3":"status-publish","4":"format-standard","5":"has-post-thumbnail","7":"category-entretenimiento","8":"tag-abuso-sexual","9":"tag-acoso-sexual","10":"tag-cantante","11":"tag-cultura","12":"tag-entertainment","13":"tag-entretenimiento","14":"tag-es","15":"tag-espana","16":"tag-noticias","17":"tag-spain"},"share_on_mastodon":{"url":"https:\/\/pubeurope.com\/@es\/115894553432459756","error":""},"_links":{"self":[{"href":"https:\/\/www.europesays.com\/es\/wp-json\/wp\/v2\/posts\/340597","targetHints":{"allow":["GET"]}}],"collection":[{"href":"https:\/\/www.europesays.com\/es\/wp-json\/wp\/v2\/posts"}],"about":[{"href":"https:\/\/www.europesays.com\/es\/wp-json\/wp\/v2\/types\/post"}],"author":[{"embeddable":true,"href":"https:\/\/www.europesays.com\/es\/wp-json\/wp\/v2\/users\/2"}],"replies":[{"embeddable":true,"href":"https:\/\/www.europesays.com\/es\/wp-json\/wp\/v2\/comments?post=340597"}],"version-history":[{"count":0,"href":"https:\/\/www.europesays.com\/es\/wp-json\/wp\/v2\/posts\/340597\/revisions"}],"wp:featuredmedia":[{"embeddable":true,"href":"https:\/\/www.europesays.com\/es\/wp-json\/wp\/v2\/media\/340598"}],"wp:attachment":[{"href":"https:\/\/www.europesays.com\/es\/wp-json\/wp\/v2\/media?parent=340597"}],"wp:term":[{"taxonomy":"category","embeddable":true,"href":"https:\/\/www.europesays.com\/es\/wp-json\/wp\/v2\/categories?post=340597"},{"taxonomy":"post_tag","embeddable":true,"href":"https:\/\/www.europesays.com\/es\/wp-json\/wp\/v2\/tags?post=340597"}],"curies":[{"name":"wp","href":"https:\/\/api.w.org\/{rel}","templated":true}]}}