{"id":340603,"date":"2026-01-14T17:10:09","date_gmt":"2026-01-14T17:10:09","guid":{"rendered":"https:\/\/www.europesays.com\/es\/340603\/"},"modified":"2026-01-14T17:10:09","modified_gmt":"2026-01-14T17:10:09","slug":"incendios-en-la-patagonia-controlar-hoy-prevenir-manana-y-restaurar-el-futuro","status":"publish","type":"post","link":"https:\/\/www.europesays.com\/es\/340603\/","title":{"rendered":"Incendios en la Patagonia: controlar hoy, prevenir ma\u00f1ana y restaurar el futuro"},"content":{"rendered":"<p class=\"Paragraph SCXW247369925 BCX0\" paraeid=\"{22b256a4-a6f1-4192-b68d-9ecf7eacc934}{7}\" paraid=\"511197966\" style=\"-webkit-user-drag: none; -webkit-tap-highlight-color: transparent; margin-bottom: 10.6667px; padding: 0px; user-select: text; overflow-wrap: break-word; vertical-align: baseline; font-kerning: none; background-color: transparent; color: windowtext; text-align: justify;\">Los incendios forestales vuelven a ocupar un lugar central en la agenda ambiental y social de la Argentina. El inicio de 2026\u00a0\u2013como ocurre en casi todos los inicios de a\u00f1o-\u00a0encuentra a la Patagonia atravesando una situaci\u00f3n cr\u00edtica, con m\u00faltiples focos activos que\u00a0arrasan y\u00a0amenazan ecosistemas \u00fanicos,\u00a0especies nativas,\u00a0comunidades locales y econom\u00edas regionales.\u00a0\u201cFrente a este escenario, resulta imprescindible\u00a0apoyar a los brigadistas en su esfuerzo por controlar las llamas\u201d, indic\u00f3\u00a0Manuel Jaramillo, director general de Fundaci\u00f3n Vida Silvestre Argentina.\u00a0\u201cLuego,\u00a0una vez extintas,\u00a0habr\u00e1\u00a0que\u00a0reforzar las acciones de prevenci\u00f3n, fortalecer los sistemas de alerta temprana y profundizar la concientizaci\u00f3n tanto de la poblaci\u00f3n local como de quienes visitan estos territorios\u201d.\u00a0<\/p>\n<p class=\"Paragraph SCXW247369925 BCX0\" paraeid=\"{22b256a4-a6f1-4192-b68d-9ecf7eacc934}{11}\" paraid=\"112274651\" style=\"-webkit-user-drag: none; -webkit-tap-highlight-color: transparent; margin-bottom: 10.6667px; padding: 0px; user-select: text; overflow-wrap: break-word; vertical-align: baseline; font-kerning: none; background-color: transparent; color: windowtext; text-align: justify;\">En nuestro pa\u00eds, la temporada de incendios var\u00eda seg\u00fan la regi\u00f3n, pero durante el verano el riesgo se incrementa de manera significativa. Las altas temperaturas, la baja humedad, los vientos intensos y los per\u00edodos prolongados de escasas precipitaciones \u2014cada vez m\u00e1s frecuentes como consecuencia del cambio clim\u00e1tico\u2014 generan condiciones propicias para incendios de gran magnitud y dif\u00edcil control.\u00a0A estas condiciones naturales se suman las acciones humanas, como quemas para limpieza de terrenos, fogatas mal apagadas, colillas de cigarrillos y el uso irresponsable del fuego, que son las causantes de la mayor\u00eda de los incendios.\u00a0<\/p>\n<p class=\"Paragraph SCXW247369925 BCX0\" lang=\"ES-ES\" paraeid=\"{34384287-2069-49dc-a4fd-8ea3797d2f30}{191}\" paraid=\"1116225945\" style=\"-webkit-user-drag: none; -webkit-tap-highlight-color: transparent; margin-bottom: 10.6667px; padding: 0px; user-select: text; overflow-wrap: break-word; vertical-align: baseline; font-kerning: none; background-color: transparent; color: windowtext; text-align: justify;\" xml:lang=\"ES-ES\">A\u00f1o tras a\u00f1o son noticia los\u00a0incendios forestales que acumulan cientos de miles de hect\u00e1reas abrazadas por el fuego. Esto ocurre a la vez que miles de bomberos voluntarios y brigadistas de todo el pa\u00eds luchan con templanza,\u00a0y muchas veces con pocos recursos por evitar y controlar estos incendios.\u00a0\u00a0<\/p>\n<p class=\"Paragraph SCXW247369925 BCX0\" paraeid=\"{a77afc50-5bc4-48ac-ac9b-81c4eaf32149}{124}\" paraid=\"1701078677\" style=\"-webkit-user-drag: none; -webkit-tap-highlight-color: transparent; margin-bottom: 10.6667px; padding: 0px; user-select: text; overflow-wrap: break-word; vertical-align: baseline; font-kerning: none; background-color: transparent; color: windowtext; text-align: justify;\">\u201cEl fuego arrasa con la vegetaci\u00f3n,\u00a0la vida silvestre\u00a0y las comunidades\u00a0a su paso. El da\u00f1o sin dudas ya es enorme, pero una vez que lo peor pase, ser\u00e1 el momento de trabajar en la restauraci\u00f3n de\u00a0lo\u00a0que se perdi\u00f3. Sin dudas, ese debe ser el camino que deberemos emprender\u201d,\u00a0se\u00f1al\u00f3 Jaramillo.\u00a0<\/p>\n<p class=\"Paragraph SCXW247369925 BCX0\" paraeid=\"{22b256a4-a6f1-4192-b68d-9ecf7eacc934}{17}\" paraid=\"548803425\" style=\"-webkit-user-drag: none; -webkit-tap-highlight-color: transparent; margin-bottom: 10.6667px; padding: 0px; user-select: text; overflow-wrap: break-word; vertical-align: baseline; font-kerning: none; background-color: transparent; color: windowtext;\">El impacto de los incendios en la Patagonia\u00a0<\/p>\n<p class=\"Paragraph SCXW247369925 BCX0\" paraeid=\"{22b256a4-a6f1-4192-b68d-9ecf7eacc934}{19}\" paraid=\"68306575\" style=\"-webkit-user-drag: none; -webkit-tap-highlight-color: transparent; margin-bottom: 10.6667px; padding: 0px; user-select: text; overflow-wrap: break-word; vertical-align: baseline; font-kerning: none; background-color: transparent; color: windowtext; text-align: justify;\">En la provincia de Chubut, entre los focos activos de\u00a0Puerto Patriada,\u00a0Epuy\u00e9n, El Hoyo y \u00e1reas rurales cercanas, iniciados en los primeros d\u00edas de enero, ya se registran m\u00e1s de\u00a013.000 hect\u00e1reas afectadas\u00a0de\u00a0bosques, plantaciones,\u00a0viviendas\u00a0y \u00e1reas protegidas. La situaci\u00f3n contin\u00faa siendo cr\u00edtica debido a las dificultades de acceso, la crisis h\u00eddrica y las condiciones meteorol\u00f3gicas adversas, que favorecen la reactivaci\u00f3n y propagaci\u00f3n del fuego.\u00a0<\/p>\n<p class=\"Paragraph SCXW247369925 BCX0\" paraeid=\"{22b256a4-a6f1-4192-b68d-9ecf7eacc934}{21}\" paraid=\"1277794564\" style=\"-webkit-user-drag: none; -webkit-tap-highlight-color: transparent; margin-bottom: 10.6667px; padding: 0px; user-select: text; overflow-wrap: break-word; vertical-align: baseline; font-kerning: none; background-color: transparent; color: windowtext; text-align: justify;\">En varias localidades patag\u00f3nicas, la expansi\u00f3n hist\u00f3rica de plantaciones forestales con especies ex\u00f3ticas, sin el manejo adecuado, increment\u00f3 la disponibilidad de material combustible. Esta situaci\u00f3n, sumada a condiciones clim\u00e1ticas extremas, potencia la propagaci\u00f3n de los incendios y eleva el riesgo para las poblaciones cercanas.\u00a0<\/p>\n<p class=\"Paragraph SCXW247369925 BCX0\" paraeid=\"{22b256a4-a6f1-4192-b68d-9ecf7eacc934}{23}\" paraid=\"358328344\" style=\"-webkit-user-drag: none; -webkit-tap-highlight-color: transparent; margin-bottom: 10.6667px; padding: 0px; user-select: text; overflow-wrap: break-word; vertical-align: baseline; font-kerning: none; background-color: transparent; color: windowtext; text-align: justify;\">\u201cEl intenso y sostenido trabajo de m\u00e1s de 200 brigadistas\u00a0y un\u00a0gran\u00a0n\u00famero\u00a0de personal de apoyo, junto con el\u00a0trabajo\u00a0de aviones hidrantes\u00a0resulta fundamental,\u00a0pero no alcanza si no se acompa\u00f1a con pol\u00edticas s\u00f3lidas de prevenci\u00f3n y planificaci\u00f3n\u201d, agreg\u00f3 Manuel Jaramillo.\u00a0\u00a0<\/p>\n<p class=\"Paragraph SCXW247369925 BCX0\" lang=\"ES-ES\" paraeid=\"{a77afc50-5bc4-48ac-ac9b-81c4eaf32149}{228}\" paraid=\"1927285175\" style=\"-webkit-user-drag: none; -webkit-tap-highlight-color: transparent; margin-bottom: 10.6667px; padding: 0px; user-select: text; overflow-wrap: break-word; vertical-align: baseline; font-kerning: none; background-color: transparent; color: windowtext; text-align: justify;\" xml:lang=\"ES-ES\">Particular atenci\u00f3n presentan las \u00e1reas de bosques nativos afectadas por el fuego, las cuales est\u00e1n protegidas por el art\u00edculo 40 de la Ley de Bosques que indica que deben ser recuperados,\u00a0restaurados y mantener su categor\u00eda en el Ordenamiento Territorial de los Bosques Nativos de cada Jurisdicci\u00f3n.\u00a0<\/p>\n<p class=\"Paragraph SCXW247369925 BCX0\" paraeid=\"{22b256a4-a6f1-4192-b68d-9ecf7eacc934}{25}\" paraid=\"400659575\" style=\"-webkit-user-drag: none; -webkit-tap-highlight-color: transparent; margin-bottom: 10.6667px; padding: 0px; user-select: text; overflow-wrap: break-word; vertical-align: baseline; font-kerning: none; background-color: transparent; color: windowtext; text-align: justify;\">\u201cLos incendios no solo destruyen biodiversidad: tambi\u00e9n afectan viviendas, producciones y medios de vida, profundizando la vulnerabilidad de miles de personas. Acompa\u00f1ar a las comunidades afectadas y planificar su recuperaci\u00f3n debe ser parte central de una respuesta\u00a0integral\u201d,\u00a0afirm\u00f3\u00a0Jaramillo\u00a0<\/p>\n<p class=\"Paragraph SCXW247369925 BCX0\" paraeid=\"{22b256a4-a6f1-4192-b68d-9ecf7eacc934}{27}\" paraid=\"1141459650\" style=\"-webkit-user-drag: none; -webkit-tap-highlight-color: transparent; margin-bottom: 10.6667px; padding: 0px; user-select: text; overflow-wrap: break-word; vertical-align: baseline; font-kerning: none; background-color: transparent; color: windowtext;\">La importancia de la planificaci\u00f3n y la alerta temprana\u00a0<\/p>\n<p class=\"Paragraph SCXW247369925 BCX0\" paraeid=\"{22b256a4-a6f1-4192-b68d-9ecf7eacc934}{29}\" paraid=\"864407754\" style=\"-webkit-user-drag: none; -webkit-tap-highlight-color: transparent; margin-bottom: 10.6667px; padding: 0px; user-select: text; overflow-wrap: break-word; vertical-align: baseline; font-kerning: none; background-color: transparent; color: windowtext; text-align: justify;\">Desde 2013, Argentina cuenta con el Sistema Federal de Manejo del Fuego, creado por ley para coordinar acciones entre Naci\u00f3n,\u00a0las\u00a0provincias y la Administraci\u00f3n de Parques Nacionales. La normativa establece la elaboraci\u00f3n de planes de manejo del fuego y la implementaci\u00f3n de un Sistema Nacional de Alerta Temprana.\u00a0Sin embargo, la ausencia de\u00a0un Plan Nacional\u00a0Integral contin\u00faa siendo una deuda pendiente que limita la capacidad de anticipaci\u00f3n y respuesta.\u00a0<\/p>\n<p class=\"Paragraph SCXW247369925 BCX0\" lang=\"ES-ES\" paraeid=\"{ab3b3b70-6c8a-4cc1-b3b6-7e15963a587b}{38}\" paraid=\"1859421119\" style=\"-webkit-user-drag: none; -webkit-tap-highlight-color: transparent; margin-bottom: 10.6667px; padding: 0px; user-select: text; overflow-wrap: break-word; vertical-align: baseline; font-kerning: none; background-color: transparent; color: windowtext; text-align: justify;\" xml:lang=\"ES-ES\">La emergencia clim\u00e1tica demanda actuar de manera urgente para controlar y extinguir los incendios activos, prevenir los pr\u00f3ximos, iniciar r\u00e1pidamente los procesos de restauraci\u00f3n necesarios para recuperar los servicios ambientales perdidos, y realizar peritajes que determinen las causas e identifiquen y sancionen fuertemente a los responsables.\u00a0<\/p>\n<p class=\"Paragraph SCXW247369925 BCX0\" lang=\"ES-ES\" paraeid=\"{59da81dc-445a-44aa-958d-8a11e8ea3acc}{78}\" paraid=\"1303903709\" style=\"-webkit-user-drag: none; -webkit-tap-highlight-color: transparent; margin-bottom: 10.6667px; padding: 0px; user-select: text; overflow-wrap: break-word; vertical-align: baseline; font-kerning: none; background-color: transparent; color: windowtext;\" xml:lang=\"ES-ES\">Incendios, cambio clim\u00e1tico y responsabilidad social\u00a0<\/p>\n<p class=\"Paragraph SCXW247369925 BCX0\" paraeid=\"{22b256a4-a6f1-4192-b68d-9ecf7eacc934}{35}\" paraid=\"647160288\" style=\"-webkit-user-drag: none; -webkit-tap-highlight-color: transparent; margin-bottom: 10.6667px; padding: 0px; user-select: text; overflow-wrap: break-word; vertical-align: baseline; font-kerning: none; background-color: transparent; color: windowtext; text-align: justify;\">A nivel global, se estima que el\u00a075%\u00a0de los incendios forestales son causados por actividades humanas, ya sea de manera intencional o por negligencia. En contextos de sequ\u00eda y altas temperaturas, una fogata mal apagada, una colilla de cigarrillo o una quema sin control pueden desencadenar tragedias irreversibles.\u00a0<\/p>\n<p class=\"Paragraph SCXW247369925 BCX0\" lang=\"ES-ES\" paraeid=\"{539e14f1-9cac-45d1-bc39-a4969bfbf55a}{217}\" paraid=\"161256908\" style=\"-webkit-user-drag: none; -webkit-tap-highlight-color: transparent; margin-bottom: 10.6667px; padding: 0px; user-select: text; overflow-wrap: break-word; vertical-align: baseline; font-kerning: none; background-color: transparent; color: windowtext; text-align: justify;\" xml:lang=\"ES-ES\">La mayor parte de los ecosistemas naturales\u00a0han estado alguna vez sometidos a incendios rurales o forestales naturales, que modelaron el paisaje y fomentaron procesos evolutivos y ecol\u00f3gicos, generando adaptaciones y promoviendo la biodiversidad.\u00a0<\/p>\n<p class=\"Paragraph SCXW247369925 BCX0\" lang=\"ES-ES\" paraeid=\"{59da81dc-445a-44aa-958d-8a11e8ea3acc}{115}\" paraid=\"487588652\" style=\"-webkit-user-drag: none; -webkit-tap-highlight-color: transparent; margin-bottom: 10.6667px; padding: 0px; user-select: text; overflow-wrap: break-word; vertical-align: baseline; font-kerning: none; background-color: transparent; color: windowtext; text-align: justify;\" xml:lang=\"ES-ES\">Pero las acciones humanas alteraron radicalmente esa din\u00e1mica natural y su balance: por un lado, la transformaci\u00f3n de ambientes naturales reemplaz\u00e1ndolos por ambientes productivos, lo que contribuye al aumento de la cantidad de combustible disponible y a la falta de barreras o cortafuegos naturales.\u00a0<\/p>\n<p class=\"Paragraph SCXW247369925 BCX0\" lang=\"ES-ES\" paraeid=\"{59da81dc-445a-44aa-958d-8a11e8ea3acc}{133}\" paraid=\"1627348355\" style=\"-webkit-user-drag: none; -webkit-tap-highlight-color: transparent; margin-bottom: 10.6667px; padding: 0px; user-select: text; overflow-wrap: break-word; vertical-align: baseline; font-kerning: none; background-color: transparent; color: windowtext; text-align: justify;\" xml:lang=\"ES-ES\">Por el otro, los efectos del calentamiento global y el cambio clim\u00e1tico hacen m\u00e1s recurrentes los eventos extremos de altas temperaturas, baja humedad relativa y fuertes vientos, lo que, asociado a la oferta y continuidad de combustible mencionada previamente, genera una situaci\u00f3n de alto riesgo que puede devenir en incendios de gran\u00a0escala y dif\u00edciles de controlar.\u00a0<\/p>\n<p class=\"Paragraph SCXW247369925 BCX0\" lang=\"ES-ES\" paraeid=\"{59da81dc-445a-44aa-958d-8a11e8ea3acc}{143}\" paraid=\"935565977\" style=\"-webkit-user-drag: none; -webkit-tap-highlight-color: transparent; margin-bottom: 10.6667px; padding: 0px; user-select: text; overflow-wrap: break-word; vertical-align: baseline; font-kerning: none; background-color: transparent; color: windowtext; text-align: justify;\" xml:lang=\"ES-ES\">Por eso, la concientizaci\u00f3n de residentes y turistas es fundamental. Evitar el uso del fuego, respetar las normas locales y comprender el riesgo extremo que implica cualquier descuido durante el verano es una responsabilidad compartida.\u00a0<\/p>\n<p class=\"Paragraph SCXW247369925 BCX0\" lang=\"ES-ES\" paraeid=\"{59da81dc-445a-44aa-958d-8a11e8ea3acc}{157}\" paraid=\"475462036\" style=\"-webkit-user-drag: none; -webkit-tap-highlight-color: transparent; margin-bottom: 10.6667px; padding: 0px; user-select: text; overflow-wrap: break-word; vertical-align: baseline; font-kerning: none; background-color: transparent; color: windowtext; text-align: justify;\" xml:lang=\"ES-ES\">Frente a un escenario cada vez m\u00e1s desafiante, a\u00fan hay lugar para la esperanza. La\u00a0planificaci\u00f3n, educaci\u00f3n, sistemas de alerta temprana eficaces y una ciudadan\u00eda comprometida, es posible reducir el impacto de los incendios y proteger los paisajes, la biodiversidad y las comunidades de la Patagonia.\u00a0<\/p>\n","protected":false},"excerpt":{"rendered":"Los incendios forestales vuelven a ocupar un lugar central en la agenda ambiental y social de la Argentina.&hellip;\n","protected":false},"author":2,"featured_media":340604,"comment_status":"","ping_status":"","sticky":false,"template":"","format":"standard","meta":{"footnotes":""},"categories":[42],"tags":[17,18,13,14,11,61,62,63,64,19,20,9,10,15,16,12,21,22,65,66,67],"class_list":{"0":"post-340603","1":"post","2":"type-post","3":"status-publish","4":"format-standard","5":"has-post-thumbnail","7":"category-internacional","8":"tag-breaking-news","9":"tag-breakingnews","10":"tag-featured-news","11":"tag-featurednews","12":"tag-headlines","13":"tag-internacional","14":"tag-international","15":"tag-international-news","16":"tag-internationalnews","17":"tag-latest-news","18":"tag-latestnews","19":"tag-news","20":"tag-noticias","21":"tag-noticias-destacadas","22":"tag-noticiasdestacadas","23":"tag-titulares","24":"tag-ultimas-noticias","25":"tag-ultimasnoticias","26":"tag-world","27":"tag-world-news","28":"tag-worldnews"},"share_on_mastodon":{"url":"https:\/\/pubeurope.com\/@es\/115894565200762754","error":""},"_links":{"self":[{"href":"https:\/\/www.europesays.com\/es\/wp-json\/wp\/v2\/posts\/340603","targetHints":{"allow":["GET"]}}],"collection":[{"href":"https:\/\/www.europesays.com\/es\/wp-json\/wp\/v2\/posts"}],"about":[{"href":"https:\/\/www.europesays.com\/es\/wp-json\/wp\/v2\/types\/post"}],"author":[{"embeddable":true,"href":"https:\/\/www.europesays.com\/es\/wp-json\/wp\/v2\/users\/2"}],"replies":[{"embeddable":true,"href":"https:\/\/www.europesays.com\/es\/wp-json\/wp\/v2\/comments?post=340603"}],"version-history":[{"count":0,"href":"https:\/\/www.europesays.com\/es\/wp-json\/wp\/v2\/posts\/340603\/revisions"}],"wp:featuredmedia":[{"embeddable":true,"href":"https:\/\/www.europesays.com\/es\/wp-json\/wp\/v2\/media\/340604"}],"wp:attachment":[{"href":"https:\/\/www.europesays.com\/es\/wp-json\/wp\/v2\/media?parent=340603"}],"wp:term":[{"taxonomy":"category","embeddable":true,"href":"https:\/\/www.europesays.com\/es\/wp-json\/wp\/v2\/categories?post=340603"},{"taxonomy":"post_tag","embeddable":true,"href":"https:\/\/www.europesays.com\/es\/wp-json\/wp\/v2\/tags?post=340603"}],"curies":[{"name":"wp","href":"https:\/\/api.w.org\/{rel}","templated":true}]}}