{"id":340621,"date":"2026-01-14T17:26:07","date_gmt":"2026-01-14T17:26:07","guid":{"rendered":"https:\/\/www.europesays.com\/es\/340621\/"},"modified":"2026-01-14T17:26:07","modified_gmt":"2026-01-14T17:26:07","slug":"mansion-de-la-serie-saldra-a-la-venta-por-una-cifra-millonaria","status":"publish","type":"post","link":"https:\/\/www.europesays.com\/es\/340621\/","title":{"rendered":"mansi\u00f3n de la serie saldr\u00e1 a la venta por una cifra millonaria"},"content":{"rendered":"<p>La mansi\u00f3n que se hizo famosa gracias a la serie <a href=\"https:\/\/rpp.pe\/noticias\/el-principe-del-rap\" rel=\"follow noopener nofollow\" target=\"_blank\">El pr\u00edncipe del rap<\/a>, protagonizada por <strong>Will Smith<\/strong>, est\u00e1 a punto de salir al mercado inmobiliario por una cifra millonaria, seg\u00fan informaci\u00f3n difundida por <a href=\"https:\/\/www.tmz.com\/2026\/01\/13\/fresh-prince-of-bel-air-house-to-hit-the-market\/\" rel=\"nofollow noopener\" target=\"_blank\">TMZ<\/a>.<\/p>\n<p>\u00bfCu\u00e1l ser\u00e1 el precio de la mansi\u00f3n de El pr\u00edncipe del rap?<\/p>\n<p>Los representantes de <a href=\"https:\/\/www.thealtmanbrothers.com\/\" rel=\"nofollow noopener\" target=\"_blank\">The Altman Brothers<\/a>, una reconocida compa\u00f1\u00eda inmobiliaria de casas de lujo en Los \u00c1ngeles, se\u00f1alaron al medio estadounidense que la propiedad ser\u00e1 puesta en venta a finales de este mes por un precio cercano a los <strong>30 millones de d\u00f3lares<\/strong>.<\/p>\n<p>La mansi\u00f3n, de estilo colonial georgiano, cuenta con seis dormitorios y siete ba\u00f1os y medio. Tiene una superficie aproximada de 10 mil pies cuadrados (casi mil metros cuadrados) y se encuentra sobre un amplio terreno esquinado de 38 510 pies cuadrados (3 578 metros cuadrados). La vivienda fue construida en 1937.<\/p>\n<p>La mansi\u00f3n no est\u00e1 ubicada en Bel-Air<\/p>\n<p>Esta ser\u00e1 la primera vez en 48 a\u00f1os que la mansi\u00f3n estar\u00e1 disponible en el mercado. A pesar de que la serie la identificaba como ubicada en\u00a0<strong>Bel-Air<\/strong>, la propiedad se encuentra en realidad en <strong>Brentwood<\/strong>, uno de los barrios m\u00e1s exclusivos de la ciudad de Los \u00c1ngeles.<\/p>\n<p>Seg\u00fan el medio, el productor\u00a0<a href=\"https:\/\/rpp.pe\/noticias\/judd-apatow\" rel=\"follow noopener nofollow\" target=\"_blank\">Judd Apatow<\/a> vendi\u00f3 recientemente la casa vecina; adem\u00e1s, se encuentra en el mismo vecindario donde vive el exalcalde de Los \u00c1ngeles, Richard Riordan.<\/p>\n<p>Actualmente, la mansi\u00f3n funciona como locaci\u00f3n para algunas producciones de Netflix; sin embargo, pronto ser\u00e1 desocupada para dar inicio al proceso de venta.<\/p>\n","protected":false},"excerpt":{"rendered":"La mansi\u00f3n que se hizo famosa gracias a la serie El pr\u00edncipe del rap, protagonizada por Will Smith,&hellip;\n","protected":false},"author":2,"featured_media":340622,"comment_status":"","ping_status":"","sticky":false,"template":"","format":"standard","meta":{"footnotes":""},"categories":[170],"tags":[77618,146,147,25,24,77619,184,185,23,5655],"class_list":{"0":"post-340621","1":"post","2":"type-post","3":"status-publish","4":"format-standard","5":"has-post-thumbnail","7":"category-musica","8":"tag-el-prncipe-del-rap","9":"tag-entertainment","10":"tag-entretenimiento","11":"tag-es","12":"tag-espana","13":"tag-fresh-prince-of-bel-air","14":"tag-music","15":"tag-musica","16":"tag-spain","17":"tag-will-smith"},"share_on_mastodon":{"url":"https:\/\/pubeurope.com\/@es\/115894628416107959","error":""},"_links":{"self":[{"href":"https:\/\/www.europesays.com\/es\/wp-json\/wp\/v2\/posts\/340621","targetHints":{"allow":["GET"]}}],"collection":[{"href":"https:\/\/www.europesays.com\/es\/wp-json\/wp\/v2\/posts"}],"about":[{"href":"https:\/\/www.europesays.com\/es\/wp-json\/wp\/v2\/types\/post"}],"author":[{"embeddable":true,"href":"https:\/\/www.europesays.com\/es\/wp-json\/wp\/v2\/users\/2"}],"replies":[{"embeddable":true,"href":"https:\/\/www.europesays.com\/es\/wp-json\/wp\/v2\/comments?post=340621"}],"version-history":[{"count":0,"href":"https:\/\/www.europesays.com\/es\/wp-json\/wp\/v2\/posts\/340621\/revisions"}],"wp:featuredmedia":[{"embeddable":true,"href":"https:\/\/www.europesays.com\/es\/wp-json\/wp\/v2\/media\/340622"}],"wp:attachment":[{"href":"https:\/\/www.europesays.com\/es\/wp-json\/wp\/v2\/media?parent=340621"}],"wp:term":[{"taxonomy":"category","embeddable":true,"href":"https:\/\/www.europesays.com\/es\/wp-json\/wp\/v2\/categories?post=340621"},{"taxonomy":"post_tag","embeddable":true,"href":"https:\/\/www.europesays.com\/es\/wp-json\/wp\/v2\/tags?post=340621"}],"curies":[{"name":"wp","href":"https:\/\/api.w.org\/{rel}","templated":true}]}}