{"id":340638,"date":"2026-01-14T17:35:09","date_gmt":"2026-01-14T17:35:09","guid":{"rendered":"https:\/\/www.europesays.com\/es\/340638\/"},"modified":"2026-01-14T17:35:09","modified_gmt":"2026-01-14T17:35:09","slug":"todas-las-cc-aa-salvo-cataluna-rechazan-en-bloque-la-propuesta-de-financiacion-de-montero","status":"publish","type":"post","link":"https:\/\/www.europesays.com\/es\/340638\/","title":{"rendered":"Todas las CC.AA. salvo Catalu\u00f1a rechazan en bloque la propuesta de financiaci\u00f3n de Montero"},"content":{"rendered":"<p style=\"\">\u00abSistema de castas\u00bb, \u00abpalabrer\u00eda\u00bb, \u00abchantaje\u00bb, \u00abdecepcionante\u00bb, pocas veces el tradicional desfile de consejeros auton\u00f3micos tras la reuni\u00f3n del Consejo de Pol\u00edtica Fiscal y Financiera fue tan duro y tan un\u00e1nime. Uno tras otro la consejera de la Comunidad de Madrid, el consejero de Murcia,  &#8230; el de Castilla-La Mancha, el de Galicia, la de Extremadura, del PP, del PSOE, han manifestado su rechazo frontal a la propuesta de reforma del sistema de financiaci\u00f3n auton\u00f3mica presentado por el Gobierno, negociado de forma exclusiva con la Generalitat y pactado con ERC. Solo la consejera de Econom\u00eda y Finanzas de la Generalitat, Alicia Romero, ha valorado el esfuerzo realizado por el Gobierno para presentar una propuesta concreta tras 17 a\u00f1os de espera y ha mostrado su apoyo a la propuesta. <\/p>\n<p class=\"voc-p\" style=\"\">El repudio casi total de los gobiernos auton\u00f3micos a la propuesta del Ministerio de Hacienda augura un camino a\u00fan m\u00e1s complicado del que ya se preve\u00eda para la norma, amenazada con recursos de constitucionalidad por los gobiernos auton\u00f3micos del PP. La vicepresidenta primera y ministra de Hacienda, Mar\u00eda Jes\u00fas Montero, trat\u00f3 de despachar el asunto durante su reuni\u00f3n de este mi\u00e9rcoles con las comunidades aut\u00f3nomas recordando que la adscripci\u00f3n a este modelo ser\u00e1 voluntaria y que toda aquella regi\u00f3n -de momento 14 de 15- que no quiera sumarse al mismo puede quedarse en el sistema actual. \u00abAqu\u00ed no es obliga a nadie a adscribirse al modelo. Si quieren seguir en el anterior no hay ning\u00fan problema porque podemos avanzar en paralelo porque ya lo tenemos previsto\u00bb, ha dicho Montero en la rueda de prensa posterior a la reuni\u00f3n.<\/p>\n<p class=\"voc-p\" style=\"\">El argumento ha sido muy mal recibido por los consejeros auton\u00f3micos, especialmente por el socialista de Castilla-La Mancha que <strong>ha tachado la maniobra de chantaje<\/strong> y ha afeado a la ministra que condicione la mejora de financiaci\u00f3n que plantea el sistema a aceptar un sistema planteado a su juicio para contentar a los nacionalistas. <\/p>\n<p class=\"voc-p\" style=\"\">Las autonom\u00edas del Partido Popular han avanzado que explorar\u00e1n todas las v\u00edas jur\u00eddicas disponibles para obligar a la ministra de Hacienda a \u00abvolver a la casilla de salida\u00bb y reiniciar la negociaci\u00f3n de la reforma del sistema desde una perspectiva multilateral y no creando una especie de \u00absistema de castas\u00bb, como lo ha calificado la consejera de la Comunidad de Madrid, Roc\u00edo Albert, que ha sido la m\u00e1s firme en asegurar que no se van a adscribir a este sistema.<\/p>\n<p class=\"voc-p\" style=\"\">Para Montero la posici\u00f3n de las autonom\u00edas del Partido Popular responde a una pose pol\u00edtica, que enfatizan ante la certeza, ha asegurado, de que renunciar a los nuevos recursos que les proporciona el sistema \u00ables puede perjudicar en sus territorios\u00bb. Respecto a la de Asturias y Castilla-La Mancha ha preferido pasar de puntillas, revelando que Asturias se ha mostrado dispuesta a negociar el modelo dentro de la reuni\u00f3n.<\/p>\n<p class=\"voc-p\" style=\"\">En realidad todas las comunidades aut\u00f3nomas se han mostrado dentro de la reuni\u00f3n dispuestas a negociar el modelo, es m\u00e1s, han exigido a Montero que renegocie el modelo, sobre bases distintas y en un di\u00e1logo multilateral, seg\u00fan han recalcado varios consejeros del PP.<\/p>\n<p class=\"voc-p\" style=\"\">Montero, que el pasado viernes desliz\u00f3 que a estas alturas ya no cab\u00eda mucho margen para alterar los par\u00e1metros b\u00e1sicos del sistema, ha sido este mi\u00e9rcoles, quiz\u00e1 tras el desenga\u00f1o de la reuni\u00f3n con las autonom\u00edas, algo m\u00e1s abierta. \u00abUna negociaci\u00f3n es una negociaci\u00f3n y no se puede avanzar a qu\u00e9 punto puede llegar\u00bb, ha dicho, aunque se ha negado a especificar si Hacienda estar\u00eda dispuesta o no a alterar la distribuci\u00f3n de recursos que se ha acordado con la Generalitat de Catalu\u00f1a y que constituye una l\u00ednea roja en el acuerdo alcanzado con el gobierno de Illa y con ERC.<\/p>\n<p class=\"voc-p\" style=\"\">M\u00e1s tensa que en otras ocasiones, la vicepresidenta ha cargado contra Feij\u00f3o, al que atribuye la firme posici\u00f3n en contra del sistema de las autonom\u00edas del PP, y ha despachado con cajas templadas las preguntas de los periodistas respecto a si el eventual rechazo de todos los gobiernos auton\u00f3micos a su propuesta -constatado tras la reuni\u00f3n de este mi\u00e9rcoles- podr\u00eda erosionar la legitimidad de una reforma que se ha negociado y dise\u00f1ado de manera bilateral. Ha aprovechado para recordar que la aprobaci\u00f3n de la reforma del sistema de financiaci\u00f3n auton\u00f3mica no depende del mayor o menor apoyo de las comunidades aut\u00f3nomas sino de alcanzar una mayor\u00eda suficiente en el Congreso de los Diputados.<\/p>\n","protected":false},"excerpt":{"rendered":"\u00abSistema de castas\u00bb, \u00abpalabrer\u00eda\u00bb, \u00abchantaje\u00bb, \u00abdecepcionante\u00bb, pocas veces el tradicional desfile de consejeros auton\u00f3micos tras la reuni\u00f3n del&hellip;\n","protected":false},"author":2,"featured_media":340639,"comment_status":"","ping_status":"","sticky":false,"template":"","format":"standard","meta":{"footnotes":""},"categories":[5],"tags":[25059,17,18,1980,39225,25,24,13,14,6861,11,19,20,2466,9,10,15,16,7679,48245,7034,23,12,21,22],"class_list":{"0":"post-340638","1":"post","2":"type-post","3":"status-publish","4":"format-standard","5":"has-post-thumbnail","7":"category-titulares","8":"tag-bloque","9":"tag-breaking-news","10":"tag-breakingnews","11":"tag-cataluna","12":"tag-ccaa","13":"tag-es","14":"tag-espana","15":"tag-featured-news","16":"tag-featurednews","17":"tag-financiacion","18":"tag-headlines","19":"tag-latest-news","20":"tag-latestnews","21":"tag-montero","22":"tag-news","23":"tag-noticias","24":"tag-noticias-destacadas","25":"tag-noticiasdestacadas","26":"tag-propuesta","27":"tag-rechazan","28":"tag-salvo","29":"tag-spain","30":"tag-titulares","31":"tag-ultimas-noticias","32":"tag-ultimasnoticias"},"share_on_mastodon":{"url":"https:\/\/pubeurope.com\/@es\/115894663400129221","error":""},"_links":{"self":[{"href":"https:\/\/www.europesays.com\/es\/wp-json\/wp\/v2\/posts\/340638","targetHints":{"allow":["GET"]}}],"collection":[{"href":"https:\/\/www.europesays.com\/es\/wp-json\/wp\/v2\/posts"}],"about":[{"href":"https:\/\/www.europesays.com\/es\/wp-json\/wp\/v2\/types\/post"}],"author":[{"embeddable":true,"href":"https:\/\/www.europesays.com\/es\/wp-json\/wp\/v2\/users\/2"}],"replies":[{"embeddable":true,"href":"https:\/\/www.europesays.com\/es\/wp-json\/wp\/v2\/comments?post=340638"}],"version-history":[{"count":0,"href":"https:\/\/www.europesays.com\/es\/wp-json\/wp\/v2\/posts\/340638\/revisions"}],"wp:featuredmedia":[{"embeddable":true,"href":"https:\/\/www.europesays.com\/es\/wp-json\/wp\/v2\/media\/340639"}],"wp:attachment":[{"href":"https:\/\/www.europesays.com\/es\/wp-json\/wp\/v2\/media?parent=340638"}],"wp:term":[{"taxonomy":"category","embeddable":true,"href":"https:\/\/www.europesays.com\/es\/wp-json\/wp\/v2\/categories?post=340638"},{"taxonomy":"post_tag","embeddable":true,"href":"https:\/\/www.europesays.com\/es\/wp-json\/wp\/v2\/tags?post=340638"}],"curies":[{"name":"wp","href":"https:\/\/api.w.org\/{rel}","templated":true}]}}