{"id":340675,"date":"2026-01-14T18:03:09","date_gmt":"2026-01-14T18:03:09","guid":{"rendered":"https:\/\/www.europesays.com\/es\/340675\/"},"modified":"2026-01-14T18:03:09","modified_gmt":"2026-01-14T18:03:09","slug":"sebastian-baez-sigue-de-racha-en-auckland-y-ahora-tendra-una-prueba-de-fuego-enfrentara-a-un-tenista-invencible-para-los-argentinos","status":"publish","type":"post","link":"https:\/\/www.europesays.com\/es\/340675\/","title":{"rendered":"Sebasti\u00e1n B\u00e1ez sigue de racha en Auckland y ahora tendr\u00e1 una prueba de fuego: enfrentar\u00e1 a un tenista \u201cinvencible\u201d para los argentinos"},"content":{"rendered":"<p><img alt=\"Sebasti\u00e1n B\u00e1ez festeja su contundente\" class=\"global-image\" decoding=\"async\" fetchpriority=\"high\" height=\"1280\" loading=\"eager\" src=\"https:\/\/www.europesays.com\/es\/wp-content\/uploads\/2026\/01\/UKCZ5VCLQ5D6XLA5B5LD4EKMF4.jpg\" width=\"1920\"\/>Sebasti\u00e1n B\u00e1ez festeja su contundente victoria en los octavos de final del ATP de Auckland y se prepara para enfrentar a Ben Shelton<\/p>\n<p class=\"paragraph\"><b>Sebasti\u00e1n B\u00e1ez<\/b> sigue haciendo de las suyas en <b>Ocean\u00eda<\/b>. En los octavos de final del <b>ATP 250 de Auckland, <\/b>que se juega sobre canchas duras, se clasific\u00f3 a los cuartos de final tras derrotar de forma contundente al estadounidense <b>Jenson Brooksby<\/b> por 7-5 y 6-0. <b>Francisco Cer\u00fandolo<\/b>, <b>Francisco Comesa\u00f1a<\/b> y <b>Solana Sierra<\/b> quedaron eliminados.<\/p>\n<p class=\"paragraph\">En un deporte tan mental como el tenis, <b>B\u00e1ez<\/b>, que ocupa el puesto 39 del escalaf\u00f3n mundial, logr\u00f3 destrabar un bloqueo que ten\u00eda con su juego sobre superficies r\u00e1pidas. La temporada pasada s\u00f3lo registraba tres triunfos en este tipo de canchas, mientras que en sus cinco presentaciones de 2026 ya consigui\u00f3 un r\u00e9cord de 5-0.<\/p>\n<p class=\"paragraph\">La traves\u00eda que finalizar\u00e1 con el primer <b>Grand Slam<\/b> de la temporada, el <b>Australian Open<\/b>, para el bonaerense comenz\u00f3 en la competencia por equipos, la <b>United Cup<\/b>, donde el conjunto nacional se despidi\u00f3 en los cuartos de final. <b>B\u00e1ez<\/b> tuvo tres actuaciones s\u00f3lidas que le permitieron, adem\u00e1s de alcanzar las victorias frente al estadounidense <b>Taylor Fritz<\/b> (9\u00b0), el espa\u00f1ol <b>Jaume Munar<\/b> (38\u00b0) y el suizo <b>Stanislas Wawrinka<\/b> (139\u00b0), tener la certeza de que, si manten\u00eda la regularidad demostrada, podr\u00eda convertirse en un rival peligroso.<\/p>\n<p class=\"paragraph\">La primera prueba fue en el debut del certamen neozeland\u00e9s, bajo la inc\u00f3gnita de si su demoledor comienzo d\u00edas atr\u00e1s hab\u00eda sido casualidad. <b>B\u00e1ez<\/b> resolvi\u00f3 la cuesti\u00f3n con total naturalidad al superar en su debut al nacido en Los \u00c1ngeles <b>Emilio Nava<\/b> (88\u00b0) en tres parciales.<\/p>\n<p class=\"paragraph\">En su segunda participaci\u00f3n en <b>Auckland<\/b>, el albiceleste fue terminante con <b>Brooksby<\/b> (48\u00b0). En el inicio del encuentro, ambos tenistas no estuvieron finos con sus servicios: <b>B\u00e1ez<\/b> lo cedi\u00f3 en dos oportunidades y el estadounidense en tres ocasiones, lo que hizo que la balanza se inclinara para el pupilo de <b>Sebasti\u00e1n Guti\u00e9rrez<\/b> por 7-5.<\/p>\n<p class=\"paragraph\">En el segundo set, la paridad fue total para el argentino al romper el saque de su rival tres veces, para sellar en 1 hora y 29 minutos la clasificaci\u00f3n a los cuartos de final con un contundente 6-0.<\/p>\n<p class=\"paragraph\">Por un lugar en la final, <b>B\u00e1ez<\/b> tendr\u00e1 un duro duelo ante el estadounidense <b>Ben Shelton<\/b> (8\u00b0), primer cabeza de serie. En los octavos de final, el americano super\u00f3 a <b>Francisco Comesa\u00f1a<\/b> por 7-5 y 6-4. En el primer set, el marplatense tuvo tres oportunidades de quedarse con el parcial en el d\u00e9cimo game, pero no pudo concretarlas.<\/p>\n<p><img alt=\"B\u00e1ez despleg\u00f3 su mejor tenis\" class=\"global-image\" decoding=\"async\" fetchpriority=\"low\" height=\"3226\" loading=\"lazy\" src=\"https:\/\/www.europesays.com\/es\/wp-content\/uploads\/2026\/01\/L6L7GMXYKBC5XAMHQTOGW54BK4.jpg\" width=\"4840\"\/>B\u00e1ez despleg\u00f3 su mejor tenis sobre canchas duras y avanz\u00f3 a los cuartos de final, donde lo espera Ben Shelton (Cr\u00e9dito: Antony DICKSON \/ AFP)<\/p>\n<p class=\"paragraph\"><b>Shelton<\/b> llega al duelo contra <b>B\u00e1ez<\/b> con n\u00fameros favorables: frente a tenistas argentinos cuenta con un r\u00e9cord de 12-0. Adem\u00e1s, el \u00fanico partido que disput\u00f3 ante <b>B\u00e1ez<\/b> se resolvi\u00f3 a su favor, tambi\u00e9n en este mismo escenario, durante la ronda de 32 de la temporada 2023.<\/p>\n<p class=\"paragraph\">El encuentro est\u00e1 programado para este mi\u00e9rcoles, ya jueves en <b>Auckland<\/b>, en el segundo turno de la cancha central, cerca de las 21:30 (hora Argentina). El partido se podr\u00e1 ver por Disney Plus. <\/p>\n<p><img alt=\"Francisco Cer\u00fandolo y Solana Sierra\" class=\"global-image\" decoding=\"async\" fetchpriority=\"low\" height=\"1080\" loading=\"lazy\" src=\"https:\/\/www.europesays.com\/es\/wp-content\/uploads\/2026\/01\/K2MYKCIZHRFOFEWQEEAJFF467E.jpg\" width=\"1920\"\/>Francisco Cer\u00fandolo y Solana Sierra se despidieron de sus respectivos torneos en Auckland y Hobart<\/p>\n<p class=\"paragraph\"><b>Francisco Cer\u00fandolo<\/b>, la mejor raqueta nacional, que ocupa el puesto 20, se despidi\u00f3 en el debut en su primer partido de la temporada en el <b>ATP 250 de<\/b> <b>Adelaida<\/b>. El argentino perdi\u00f3 en tres sets ante el espa\u00f1ol <b>Jaume Munar<\/b> con un marcador de 3-6, 7-5 y 6-4.<\/p>\n<p class=\"paragraph\">Mientras que en los octavos de final del <b>WTA de Hobart<\/b>, <b>Solana Sierra<\/b> (64\u00b0) no pudo vencer a la croata <b>Antonia Ruzic<\/b> (71\u00b0) por 7-5 y 6-4.<\/p>\n","protected":false},"excerpt":{"rendered":"Sebasti\u00e1n B\u00e1ez festeja su contundente victoria en los octavos de final del ATP de Auckland y se prepara&hellip;\n","protected":false},"author":2,"featured_media":340676,"comment_status":"","ping_status":"","sticky":false,"template":"","format":"standard","meta":{"footnotes":""},"categories":[274],"tags":[77635,77636,168,77637,25,24,19703,77638,28838,77639,77640,77641,23,3020,4782,167,77642,77643,77644,327,326,31730,77645,77646,28851,77647,77648,77649,77650],"class_list":{"0":"post-340675","1":"post","2":"type-post","3":"status-publish","4":"format-standard","5":"has-post-thumbnail","7":"category-tenis","8":"tag-atp-tennis","9":"tag-decider","10":"tag-deportes","11":"tag-epax","12":"tag-es","13":"tag-espana","14":"tag-international-tennis","15":"tag-mixed-doubles-tennis","16":"tag-professional-tennis","17":"tag-qf","18":"tag-quarter-final","19":"tag-quarter-finals","20":"tag-spain","21":"tag-sport","22":"tag-sporting","23":"tag-sports","24":"tag-sports-highlights","25":"tag-sports-news","26":"tag-team-tennis","27":"tag-tenis","28":"tag-tennis","29":"tag-tennis-championship","30":"tag-tennis-competition","31":"tag-tennis-results","32":"tag-tennis-tournament","33":"tag-united-cup","34":"tag-wa","35":"tag-wta-tennis","36":"tag-xarc"},"share_on_mastodon":{"url":"https:\/\/pubeurope.com\/@es\/115894773656141586","error":""},"_links":{"self":[{"href":"https:\/\/www.europesays.com\/es\/wp-json\/wp\/v2\/posts\/340675","targetHints":{"allow":["GET"]}}],"collection":[{"href":"https:\/\/www.europesays.com\/es\/wp-json\/wp\/v2\/posts"}],"about":[{"href":"https:\/\/www.europesays.com\/es\/wp-json\/wp\/v2\/types\/post"}],"author":[{"embeddable":true,"href":"https:\/\/www.europesays.com\/es\/wp-json\/wp\/v2\/users\/2"}],"replies":[{"embeddable":true,"href":"https:\/\/www.europesays.com\/es\/wp-json\/wp\/v2\/comments?post=340675"}],"version-history":[{"count":0,"href":"https:\/\/www.europesays.com\/es\/wp-json\/wp\/v2\/posts\/340675\/revisions"}],"wp:featuredmedia":[{"embeddable":true,"href":"https:\/\/www.europesays.com\/es\/wp-json\/wp\/v2\/media\/340676"}],"wp:attachment":[{"href":"https:\/\/www.europesays.com\/es\/wp-json\/wp\/v2\/media?parent=340675"}],"wp:term":[{"taxonomy":"category","embeddable":true,"href":"https:\/\/www.europesays.com\/es\/wp-json\/wp\/v2\/categories?post=340675"},{"taxonomy":"post_tag","embeddable":true,"href":"https:\/\/www.europesays.com\/es\/wp-json\/wp\/v2\/tags?post=340675"}],"curies":[{"name":"wp","href":"https:\/\/api.w.org\/{rel}","templated":true}]}}