{"id":340790,"date":"2026-01-14T19:25:19","date_gmt":"2026-01-14T19:25:19","guid":{"rendered":"https:\/\/www.europesays.com\/es\/340790\/"},"modified":"2026-01-14T19:25:19","modified_gmt":"2026-01-14T19:25:19","slug":"inverfest-14-1-2026-fuenlabrada","status":"publish","type":"post","link":"https:\/\/www.europesays.com\/es\/340790\/","title":{"rendered":"Inverfest 14-1-2026 &#8211; Fuenlabrada"},"content":{"rendered":"\n<p><strong>La Casa de la M\u00fasica acoge los d\u00edas 17 y 24 de enero las actuaciones de Pipiolas, Ni\u00f1os Bravos, Dollar Selmouni, Rub\u00e9n Satriani y La Millenial \u00a0<\/strong><br \/>\u00a0<\/p>\n<p>El Festival de Invierno \u2018Inverfest\u2019 vuelve a abrir un a\u00f1o m\u00e1s la temporada de conciertos en Fuenlabrada. Como en ediciones anteriores, ser\u00e1 la \u00fanica ciudad, fuera de la capital, que acoger\u00e1 \u00a0actuaciones. \u00a0 \u00a0<\/p>\n<p>\u201cEl Ayuntamiento de Fuenlabrada apuesta desde hace muchos a\u00f1os por la m\u00fasica en directo en nuestra ciudad y por una oferta cultural de calidad que permite traer prestigiosos festivales, as\u00ed como apoyar y promocionar a las bandas y m\u00fasicos de Fuenlabrada\u201d ha explicado el concejal de Juventud e Infancia Javier Gonz\u00e1lez.\u00a0<\/p>\n<p>La Casa de la M\u00fasica ofrecer\u00e1 sendos conciertos los d\u00edas 17 y 24 de enero a las 20:00.\u00a0<br \/>El primero reunir\u00e1 a Pipiolas, Ni\u00f1os Bravos y a la banda fuenlabre\u00f1a La Millenial.\u00a0<\/p>\n<p><strong>Pipiolas<\/strong> cuentan con una larga trayectoria y est\u00e1n llamadas a ser unas de las grandes del pop espa\u00f1ol. Tienen un lenguaje propio, maduro y divertido, y en su repertorio cuentan con un gran pu\u00f1ado de \u00e9xitos y famosas colaboraciones.<\/p>\n<p>El pop rock irreverente de <strong>Ni\u00f1os Bravos <\/strong>con letras que mezclan humor y sarcasmo con honestidad, convertir\u00e1 el concierto de este cuarteto en una gran fiesta generacional.\u00a0<\/p>\n<p>La banda fuenlabre\u00f1a <strong>La Millenial,<\/strong> actuar\u00e1n como artistas invitados, interpretando temas que marcaron una \u00e9poca, concretamente la que discurre desde finales de los 90 hasta los 2000.\u00a0<\/p>\n<p>El d\u00eda 24 le tocar\u00e1 el turno a <strong>Dollar Selmouni<\/strong> y sus letras alejadas de las tem\u00e1ticas contempor\u00e1neas y cercanas a lo rom\u00e1ntico de anta\u00f1o. Un artista que suma millones de reproducciones en las plataformas y que crea, junto a su productor, sonidos cercanos al R&amp;B, el soul, tintes flamencos e incluso son cubano.\u00a0<\/p>\n<p><strong>Rub\u00e9n Satriani<\/strong> ser\u00e1 el artista invitado de la jornada. Una voz introspectiva que combina influencias del rap, soul y flamenco contempor\u00e1neo.\u00a0<\/p>\n<p>Las entradas se pueden adquirir en la <a href=\"http:\/\/www.entradium.com\" rel=\"nofollow noopener\" target=\"_blank\">web <\/a>a un precio de 10 euros con el carn\u00e9 Fuenlisclub o la tarjeta Fuenlajoven tanto en venta anticipada como en taquilla. El precio general en anticipada es de 12 euros y 15 en taquilla.\u00a0<\/p>\n<p>Informaci\u00f3n y entradas en la <a href=\"https:\/\/juventudfuenla.com\/festival-inverfest-2026\/\" rel=\"nofollow noopener\" target=\"_blank\">web de Juventud<\/a><\/p>\n<p>\n          Declaraciones del concejal de Juventud Javier Gonz\u00e1lez\n         <\/p>\n","protected":false},"excerpt":{"rendered":"La Casa de la M\u00fasica acoge los d\u00edas 17 y 24 de enero las actuaciones de Pipiolas, Ni\u00f1os&hellip;\n","protected":false},"author":2,"featured_media":340791,"comment_status":"","ping_status":"","sticky":false,"template":"","format":"standard","meta":{"footnotes":""},"categories":[91],"tags":[146,147,25,24,23],"class_list":{"0":"post-340790","1":"post","2":"type-post","3":"status-publish","4":"format-standard","5":"has-post-thumbnail","7":"category-entretenimiento","8":"tag-entertainment","9":"tag-entretenimiento","10":"tag-es","11":"tag-espana","12":"tag-spain"},"share_on_mastodon":{"url":"https:\/\/pubeurope.com\/@es\/115895096127458537","error":""},"_links":{"self":[{"href":"https:\/\/www.europesays.com\/es\/wp-json\/wp\/v2\/posts\/340790","targetHints":{"allow":["GET"]}}],"collection":[{"href":"https:\/\/www.europesays.com\/es\/wp-json\/wp\/v2\/posts"}],"about":[{"href":"https:\/\/www.europesays.com\/es\/wp-json\/wp\/v2\/types\/post"}],"author":[{"embeddable":true,"href":"https:\/\/www.europesays.com\/es\/wp-json\/wp\/v2\/users\/2"}],"replies":[{"embeddable":true,"href":"https:\/\/www.europesays.com\/es\/wp-json\/wp\/v2\/comments?post=340790"}],"version-history":[{"count":0,"href":"https:\/\/www.europesays.com\/es\/wp-json\/wp\/v2\/posts\/340790\/revisions"}],"wp:featuredmedia":[{"embeddable":true,"href":"https:\/\/www.europesays.com\/es\/wp-json\/wp\/v2\/media\/340791"}],"wp:attachment":[{"href":"https:\/\/www.europesays.com\/es\/wp-json\/wp\/v2\/media?parent=340790"}],"wp:term":[{"taxonomy":"category","embeddable":true,"href":"https:\/\/www.europesays.com\/es\/wp-json\/wp\/v2\/categories?post=340790"},{"taxonomy":"post_tag","embeddable":true,"href":"https:\/\/www.europesays.com\/es\/wp-json\/wp\/v2\/tags?post=340790"}],"curies":[{"name":"wp","href":"https:\/\/api.w.org\/{rel}","templated":true}]}}