{"id":340814,"date":"2026-01-14T19:44:09","date_gmt":"2026-01-14T19:44:09","guid":{"rendered":"https:\/\/www.europesays.com\/es\/340814\/"},"modified":"2026-01-14T19:44:09","modified_gmt":"2026-01-14T19:44:09","slug":"trevor-noah-presentara-por-ultima-vez-los-premios-grammy","status":"publish","type":"post","link":"https:\/\/www.europesays.com\/es\/340814\/","title":{"rendered":"Trevor Noah presentar\u00e1 por \u00faltima vez los premios Grammy"},"content":{"rendered":"<p><img src=\"data:image\/png;base64,iVBORw0KGgoAAAANSUhEUgAABIwAAAKQAQAAAADV6dzYAAAAAnRSTlMAAHaTzTgAAAB0SURBVHja7cEBDQAAAMKg909tDwcUAAAAAAAAAAAAAAAAAAAAAAAAAAAAAAAAAAAAAAAAAAAAAAAAAAAAAAAAAAAAAAAAAAAAAAAAAAAAAAAAAAAAAAAAAAAAAAAAAAAAAAAAAAAAAAAAAAAAAAAAAAAADwZ4vwABCJEtvQAAAABJRU5ErkJggg==\" alt=\"Trevor Noah\" data-src=\"https:\/\/www.europesays.com\/es\/wp-content\/uploads\/2026\/01\/Trevor-Noah.jpg\" decoding=\"async\" class=\"lazyload\" data-eio-rwidth=\"1164\" data-eio-rheight=\"656\"\/>Trevor Noah fue presentador de los Grammy por primera vez en 2020<\/p>\n<p>El c\u00f3mico <strong>Trevor Noah, conocido por presentar el programa The Daily Show en EE UU, ser\u00e1 el conductor principal por \u00faltima vez de los <a href=\"https:\/\/www.elnacional.com\/2025\/11\/grammy-2026-quienes-son-los-venezolanos-nominados\/\" rel=\"nofollow noopener\" target=\"_blank\">premios Grammy<\/a><\/strong>, que se celebrar\u00e1n el 1 de febrero.<\/p>\n<p>\u00ab<strong>Noah regresar\u00e1 por \u00faltima vez como maestro de ceremonias de los premios Grammy 2026<\/strong>. Esta ser\u00e1 su sexta presentaci\u00f3n y tambi\u00e9n ser\u00e1 productor ejecutivo\u00bb, inform\u00f3 este martes la Academia de la Grabaci\u00f3n en un escrito.<\/p>\n<blockquote class=\"instagram-media\" data-instgrm-permalink=\"https:\/\/www.instagram.com\/p\/DTdPMS6EYAO\/\" data-instgrm-version=\"14\" style=\"max-width: 500px\"\/>\n<p>La primera vez que el comediante surafricano <strong>present\u00f3 los galardones m\u00e1s importantes de la m\u00fasica internacional fue en plena pandemia del covid-19, en 2020.<\/strong><\/p>\n<p>\u00abEstoy encantado de dar la bienvenida de nuevo a Trevor Noah como presentador de los Grammy por sexta, y lamentablemente, \u00faltima vez.<strong> Ha sido el presentador m\u00e1s fenomenal del programa. Es tan inteligente, tan divertido y un aut\u00e9ntico seguidor de los artistas y la m\u00fasica<\/strong>\u00ab, indic\u00f3 por su parte productor ejecutivo del programa, Ben Winston, de Fulwell Entertainment, en un escrito al que tuvo acceso la revista Variety.<\/p>\n<p><strong>Los Grammy tendr\u00e1n lugar el 1 de febrero en una gala en Los \u00c1ngeles en la que el rapero californiano Kendrick Lamar parte como el artista con m\u00e1s nominaciones <\/strong>(nueve), seguido de Lady Gaga, Cirkut y Jack Antonoff con siete; mientras que la estrella puertorrique\u00f1a Bad Bunny optar\u00e1 a seis gram\u00f3fonos.<\/p>\n<p><script async src=\"\/\/www.instagram.com\/embed.js\"><\/script><\/p>\n","protected":false},"excerpt":{"rendered":"Trevor Noah fue presentador de los Grammy por primera vez en 2020 El c\u00f3mico Trevor Noah, conocido por&hellip;\n","protected":false},"author":2,"featured_media":340815,"comment_status":"","ping_status":"","sticky":false,"template":"","format":"standard","meta":{"footnotes":""},"categories":[170],"tags":[146,147,25,24,2791,184,185,23,77664],"class_list":{"0":"post-340814","1":"post","2":"type-post","3":"status-publish","4":"format-standard","5":"has-post-thumbnail","7":"category-musica","8":"tag-entertainment","9":"tag-entretenimiento","10":"tag-es","11":"tag-espana","12":"tag-grammy","13":"tag-music","14":"tag-musica","15":"tag-spain","16":"tag-trevor-noah"},"share_on_mastodon":{"url":"https:\/\/pubeurope.com\/@es\/115895170738716827","error":""},"_links":{"self":[{"href":"https:\/\/www.europesays.com\/es\/wp-json\/wp\/v2\/posts\/340814","targetHints":{"allow":["GET"]}}],"collection":[{"href":"https:\/\/www.europesays.com\/es\/wp-json\/wp\/v2\/posts"}],"about":[{"href":"https:\/\/www.europesays.com\/es\/wp-json\/wp\/v2\/types\/post"}],"author":[{"embeddable":true,"href":"https:\/\/www.europesays.com\/es\/wp-json\/wp\/v2\/users\/2"}],"replies":[{"embeddable":true,"href":"https:\/\/www.europesays.com\/es\/wp-json\/wp\/v2\/comments?post=340814"}],"version-history":[{"count":0,"href":"https:\/\/www.europesays.com\/es\/wp-json\/wp\/v2\/posts\/340814\/revisions"}],"wp:featuredmedia":[{"embeddable":true,"href":"https:\/\/www.europesays.com\/es\/wp-json\/wp\/v2\/media\/340815"}],"wp:attachment":[{"href":"https:\/\/www.europesays.com\/es\/wp-json\/wp\/v2\/media?parent=340814"}],"wp:term":[{"taxonomy":"category","embeddable":true,"href":"https:\/\/www.europesays.com\/es\/wp-json\/wp\/v2\/categories?post=340814"},{"taxonomy":"post_tag","embeddable":true,"href":"https:\/\/www.europesays.com\/es\/wp-json\/wp\/v2\/tags?post=340814"}],"curies":[{"name":"wp","href":"https:\/\/api.w.org\/{rel}","templated":true}]}}