{"id":340827,"date":"2026-01-14T19:51:17","date_gmt":"2026-01-14T19:51:17","guid":{"rendered":"https:\/\/www.europesays.com\/es\/340827\/"},"modified":"2026-01-14T19:51:17","modified_gmt":"2026-01-14T19:51:17","slug":"que-paises-de-america-latina-estan-en-la-lista-de-75-a-los-que-ee-uu-congela-la-tramitacion-de-visas-de-inmigrantes","status":"publish","type":"post","link":"https:\/\/www.europesays.com\/es\/340827\/","title":{"rendered":"Qu\u00e9 pa\u00edses de Am\u00e9rica Latina est\u00e1n en la lista de 75 a los que EE.UU. congela la tramitaci\u00f3n de visas de inmigrantes"},"content":{"rendered":"<p><img fetchpriority=\"high\" decoding=\"async\" src=\"https:\/\/www.europesays.com\/es\/wp-content\/uploads\/2026\/01\/8c865e20-f171-11f0-b34c-412d8cd6a3dc.jpg.webp.webp\"   alt=\"Marco Rubio, secretario de Estado de Estados Unidos, en una reuni\u00f3n el 9 de enero de 2026\" loading=\"eager\" width=\"4089\" height=\"2300\" style=\"aspect-ratio:4089 \/ 2300\" class=\"css-1seqhu9\"\/><\/p>\n<p class=\"css-by8ykd\" role=\"text\">Fuente de la imagen, EPA<\/p>\n<p><strong id=\"article-byline\" aria-hidden=\"true\" class=\"css-2ozlq5\">Informaci\u00f3n del art\u00edculo<\/strong><\/p>\n<ul class=\"css-1dlgp3z\">\n<li class=\"css-1s1df59\"\/>\n<li>14 enero 2026, 17:56 GMT\n<p>Actualizado 1 hora<\/p>\n<\/li>\n<li>\n<p>Tiempo de lectura: 2 min<\/p>\n<\/li>\n<\/ul>\n<p dir=\"ltr\" class=\"css-s4cjt0 e1yuyadm0\"><b>El gobierno de EE.UU. congelar\u00e1 de manera indefinida el procesamiento de visados de inmigrante para al menos 75 pa\u00edses, seg\u00fan confirm\u00f3 este mi\u00e9rcoles un portavoz del Departamento de Estado.<\/b><\/p>\n<p dir=\"ltr\" class=\"css-s4cjt0 e1yuyadm0\">Seg\u00fan inform\u00f3 previamente la cadena Fox News, la suspensi\u00f3n entrar\u00e1 en efecto el pr\u00f3ximo 21 de enero y se mantendr\u00e1 de manera indeterminada hasta que el Departamento de Estado \u00abrevise sus procedimientos\u00bb migratorios.<\/p>\n<p dir=\"ltr\" class=\"css-s4cjt0 e1yuyadm0\">El reporte indica que dentro de los 75 pa\u00edses hay varios de Am\u00e9rica Latina y el Caribe, incluidos Antigua y Barbuda, Brasil, Bahamas, Belice, Barbados, Colombia, Cuba, Guatemala, Hait\u00ed, Jamaica, Nicaragua, Saint Kitts y Nevis, Saint Vincent y las Granadinas y Uruguay. <\/p>\n<p dir=\"ltr\" class=\"css-s4cjt0 e1yuyadm0\">Tambi\u00e9n est\u00e1n incluidos en la lista Somalia, Rusia, Afganist\u00e1n, Ir\u00e1n, Irak, Egipto, Nigeria, Tailandia, y Yemen, entre otros pa\u00edses.<\/p>\n<p dir=\"ltr\" class=\"css-s4cjt0 e1yuyadm0\">Tommy Pigott, del Departamento de Estado, se\u00f1al\u00f3: \u00abEl Departamento de Estado utilizar\u00e1 su autoridad de larga data para declarar no elegibles a los posibles inmigrantes que pudieran convertirse en una carga p\u00fablica para Estados Unidos y abusar de la generosidad del pueblo estadounidense.<\/p>\n<p dir=\"ltr\" class=\"css-s4cjt0 e1yuyadm0\">Y a\u00f1adi\u00f3: \u00abEl procesamiento de visas de inmigrante provenientes de estos 75 pa\u00edses se suspender\u00e1 mientras el Departamento de Estado reeval\u00faa los procedimientos de procesamiento de inmigraci\u00f3n para evitar la entrada de ciudadanos extranjeros que har\u00edan uso de la asistencia social y los beneficios p\u00fablicos\u00bb.<\/p>\n<p><img decoding=\"async\" src=\"https:\/\/www.europesays.com\/es\/wp-content\/uploads\/2026\/01\/dd1b5d20-f16e-11f0-b34c-412d8cd6a3dc.jpg.webp.webp\"   alt=\"Una foto del edificio del Departamento de Estado de EE.UU.\" loading=\"lazy\" width=\"1997\" height=\"1124\" style=\"aspect-ratio:1997 \/ 1124\" class=\"css-1seqhu9\"\/><\/p>\n<p class=\"css-by8ykd\" role=\"text\">Fuente de la imagen, Getty Images<\/p>\n<p><img decoding=\"async\" src=\"https:\/\/www.europesays.com\/es\/wp-content\/uploads\/2026\/01\/ce5575e0-f16a-11f0-a422-4ba8a094a8fa.png.webp.webp\"   alt=\"&quot;&quot;\" loading=\"lazy\" width=\"800\" height=\"100\" style=\"aspect-ratio:800 \/ 100\" class=\"css-1seqhu9\"\/><\/p>\n<p dir=\"ltr\" class=\"css-s4cjt0 e1yuyadm0\"><a href=\"https:\/\/www.bbc.com\/mundo\/send\/u184973209\" class=\"focusIndicatorReducedWidth css-n8oauk e1h2ur550\" rel=\"nofollow noopener\" target=\"_blank\">Suscr\u00edbete aqu\u00ed<\/a> a nuestro nuevo newsletter para recibir cada viernes una selecci\u00f3n de nuestro mejor contenido de la semana.<\/p>\n<p dir=\"ltr\" class=\"css-s4cjt0 e1yuyadm0\">Y recuerda que puedes recibir notificaciones en nuestra app. Descarga la \u00faltima versi\u00f3n y act\u00edvalas.<\/p>\n","protected":false},"excerpt":{"rendered":"Fuente de la imagen, EPA Informaci\u00f3n del art\u00edculo 14 enero 2026, 17:56 GMT Actualizado 1 hora Tiempo de&hellip;\n","protected":false},"author":2,"featured_media":340828,"comment_status":"","ping_status":"","sticky":false,"template":"","format":"standard","meta":{"footnotes":""},"categories":[42],"tags":[17,18,13,14,11,61,62,63,64,19,20,9,10,15,16,12,21,22,65,66,67],"class_list":{"0":"post-340827","1":"post","2":"type-post","3":"status-publish","4":"format-standard","5":"has-post-thumbnail","7":"category-internacional","8":"tag-breaking-news","9":"tag-breakingnews","10":"tag-featured-news","11":"tag-featurednews","12":"tag-headlines","13":"tag-internacional","14":"tag-international","15":"tag-international-news","16":"tag-internationalnews","17":"tag-latest-news","18":"tag-latestnews","19":"tag-news","20":"tag-noticias","21":"tag-noticias-destacadas","22":"tag-noticiasdestacadas","23":"tag-titulares","24":"tag-ultimas-noticias","25":"tag-ultimasnoticias","26":"tag-world","27":"tag-world-news","28":"tag-worldnews"},"share_on_mastodon":{"url":"https:\/\/pubeurope.com\/@es\/115895198327177961","error":""},"_links":{"self":[{"href":"https:\/\/www.europesays.com\/es\/wp-json\/wp\/v2\/posts\/340827","targetHints":{"allow":["GET"]}}],"collection":[{"href":"https:\/\/www.europesays.com\/es\/wp-json\/wp\/v2\/posts"}],"about":[{"href":"https:\/\/www.europesays.com\/es\/wp-json\/wp\/v2\/types\/post"}],"author":[{"embeddable":true,"href":"https:\/\/www.europesays.com\/es\/wp-json\/wp\/v2\/users\/2"}],"replies":[{"embeddable":true,"href":"https:\/\/www.europesays.com\/es\/wp-json\/wp\/v2\/comments?post=340827"}],"version-history":[{"count":0,"href":"https:\/\/www.europesays.com\/es\/wp-json\/wp\/v2\/posts\/340827\/revisions"}],"wp:featuredmedia":[{"embeddable":true,"href":"https:\/\/www.europesays.com\/es\/wp-json\/wp\/v2\/media\/340828"}],"wp:attachment":[{"href":"https:\/\/www.europesays.com\/es\/wp-json\/wp\/v2\/media?parent=340827"}],"wp:term":[{"taxonomy":"category","embeddable":true,"href":"https:\/\/www.europesays.com\/es\/wp-json\/wp\/v2\/categories?post=340827"},{"taxonomy":"post_tag","embeddable":true,"href":"https:\/\/www.europesays.com\/es\/wp-json\/wp\/v2\/tags?post=340827"}],"curies":[{"name":"wp","href":"https:\/\/api.w.org\/{rel}","templated":true}]}}