{"id":340858,"date":"2026-01-14T20:15:07","date_gmt":"2026-01-14T20:15:07","guid":{"rendered":"https:\/\/www.europesays.com\/es\/340858\/"},"modified":"2026-01-14T20:15:07","modified_gmt":"2026-01-14T20:15:07","slug":"los-reyes-visitan-el-proyecto-salvem-les-fotos-que-recupera-la-memoria-familiar-de-los-afectados-por-la-dana-noticias-de-la-comunidad-valenciana","status":"publish","type":"post","link":"https:\/\/www.europesays.com\/es\/340858\/","title":{"rendered":"Los Reyes visitan el proyecto \u2018Salvem les fotos\u2019 que recupera la memoria familiar de los afectados por la dana | Noticias de la Comunidad Valenciana"},"content":{"rendered":"<p class=\"\">Los Reyes Felipe VI y do\u00f1a Letizia han vuelto a mostrar su apoyo a las personas afectadas por la dana durante su visita este mi\u00e9rcoles al proyecto Salvem les fotos, que ha permitido la restauraci\u00f3n de decenas de miles de fotograf\u00edas familiares da\u00f1adas por el barro y el agua. Los monarcas han podido comprobar la labor del equipo que ha rescatado estos fragmentos de memoria y se han interesado por el procedimiento que ha hecho posible devolverlos a sus propietarios. <\/p>\n<p class=\"\">El proyecto se enmarca en las iniciativas impulsadas apenas unos d\u00edas despu\u00e9s de la dana por la Xarxa d\u2019Universitats P\u00fabliques Valencianes per a la Cultura, junto con el Consejo Internacional de Museos (ICOM), el Grupo Espa\u00f1ol de Conservaci\u00f3n (GE-IIC) y el Museu Valencia d\u2019Etnolog\u00eda (L\u2019ETNO). <\/p>\n<p class=\"\">La iniciativa de la UPV, liderada por el Instituto de Restauraci\u00f3n del Patrimonio y la Facultad de Bellas Artes de esta universidad, ha permitido la recuperaci\u00f3n, conservaci\u00f3n y restituci\u00f3n de cerca de 340.000 fotograf\u00edas familiares da\u00f1adas por la dana (cerca de 3000 \u00e1lbumes de 400 familias). <\/p>\n<p class=\"\">Felipe y Letizia han visitado los laboratorios de la Facultad de Bellas Artes donde el equipo de la UPV trabaja desde el 4 noviembre de 2024, y han podido conocer de mano de los coordinadores del proyecto -Esther Nebot D\u00edaz, Pilar Soriano Sancho y Pedro Vicente-Mullor- el trabajo desarrollado a lo largo de todos estos meses. Tambi\u00e9n han recorrido la exposici\u00f3n del proyecto, que estar\u00e1 abierta hasta el 31 de enero en la Sala Josep Renau de la Facultad de Bellas Artes. <\/p>\n<p class=\"\">Los coordinadores del proyecto han destacado, al t\u00e9rmino de la visita, la \u201ccercan\u00eda\u201d de los Reyes, as\u00ed como su curiosidad por los procedimientos utilizados. Como an\u00e9cdota, han preguntado si entre las im\u00e1genes restauradas hab\u00eda alguna correspondiente a alguna persona famosa o conocida y los especialistas les han respondido que han actuado sobre algunas fotos dedicadas de la propia Casa Real en las que los Reyes son los protagonistas. <\/p>\n<p class=\"\">Tambi\u00e9n han podido departir con los monarcas Ignacio, Amparo y Marcos, tres miembros de una familia de Paiporta a quienes la casa se les inund\u00f3 hasta casi el segundo piso, con el agua arrasando con todo lo que encontraba a su paso. \u201cEran fotos con un gran valor para todos nosotros, de nuestra boda, de las comuniones de nuestras hijas, de reuniones familiares, viajes&#8230; momentos inolvidables de nuestras vidas. Para nosotros, haber podido recuperarlas, que cada uno de esos recuerdos no haya sido arrasado tambi\u00e9n por la dana ha sido maravilloso, reparador. Por eso, no podemos tener m\u00e1s que palabras de agradecimiento a todas las personas que han participado en la recuperaci\u00f3n de cada una de nuestras fotos\u201d, han explicado. <\/p>\n<p class=\"\">Esta familia tambi\u00e9n ha agradecido el trato \u201cpoco protocolario\u201d de los Reyes, a los que el peque\u00f1o Marcos ha hecho entrega de un gaiato de Sant Blai, un dulce t\u00edpico que \u00e9l mismo ha elaborado en su centro escolar. <\/p>\n<p class=\"\">Felipe VI y Do\u00f1a Letizia han llegado puntuales a la UPV, a las 16.15 horas. Cuando ha accedido al campus de Vera, el Rey ha saludado a un grupo de personas que ha recibido a los monarcas con aplausos, mientras que otro conjunto de estudiantes ha lanzado gritos contra la Corona, como \u201cFora els reis de la Universitat\u201d o \u201cLa universitat ser\u00e0 sempre nostra\u2019 (Fuera los reyes de la Universidad\u2019, \u2018La universidad ser\u00e1 siempre nuestra\u2019), y contra los gobiernos auton\u00f3mico y municipal. <\/p>\n<p class=\"\">Los monarcas han llegado sobre las 16.15 a la Universitat Polit\u00e8cnica de Val\u00e8ncia (UPV), donde les esperaba el rector de la instituci\u00f3n acad\u00e9mica, Jos\u00e9 E. Capilla. Tambi\u00e9n han asistido al acto el \u2018president\u2019 de la Generalitat, Juanfran P\u00e9rez Llorca; la presidenta de Les Corts Valencianes, Llanos Mass\u00f3; la ministra de Ciencia, Innovaci\u00f3n y Universidades, Diana Morant; la alcaldesa de Val\u00e8ncia, Mar\u00eda Jos\u00e9 Catal\u00e1; la delegada del Gobierno en la Comunitat Valenciana, Pilar Bernab\u00e9; la consellera de Cultura y Universidades, Carmen Ort\u00ed; la comisionada especial del Gobierno para la reconstrucci\u00f3n, Zulima P\u00e9rez; y el comisionado para la Recuperaci\u00f3n de la Generalitat, Ra\u00fal M\u00e9rida.<\/p>\n<p class=\"\">El proyecto de la UPV lo pusieron en marcha estudiantes del Departamento de Conservaci\u00f3n y Restauraci\u00f3n de Bienes Culturales y de la Facultad de Bellas Artes que, quince d\u00edas antes de la inundaci\u00f3n, hab\u00edan terminado las clases de Conservaci\u00f3n de Fotograf\u00edas en el M\u00e1ster en Restauraci\u00f3n de Bienes Culturales. Acud\u00edan como voluntarios a las zonas afectadas y ve\u00edan los \u00e1lbumes en la basura. \u201cEn ese momento pensaron ayudar con lo que se hab\u00edan estado formando: la intervenci\u00f3n de fotograf\u00edas\u201d, han explicado los coordinadores del proyecto. <\/p>\n<p class=\"\">El 4 de noviembre de 2024 el laboratorio ya estaba a pleno rendimiento. En el proyecto de la UPV han participado m\u00e1s de 200 personas, desde conservadores y restauradores, hasta fot\u00f3grafos, expertos en documentaci\u00f3n y digitalizaci\u00f3n, inteligencia artificial, estudiantes y voluntarios en una acci\u00f3n colectiva de rescate patrimonial. Todos ellos, han recalcado, con un objetivo com\u00fan: \u201csalvar los recuerdos del barro, recuperar las memorias y vivencias que hay detr\u00e1s de cada una de las fotograf\u00edas que llegaron hasta el laboratorio de la Facultad de Bellas Artes de la Universitat Polit\u00e8cnica de Val\u00e8ncia\u201d. <\/p>\n<p class=\"\">Aline Dieterlen Cuervo, una de las estudiantes voluntarias que ha estado en el proyecto desde el primer momento, no se ha olvidado de los momentos \u201cduros\u201d: \u201cNos pas\u00e1bamos all\u00ed todo el d\u00eda y cuando lleg\u00e1bamos a casa ven\u00eda la bajona\u201d. Tambi\u00e9n ha hecho hincapi\u00e9 en el agotamiento, los turnos y los horarios interminables, pero todo el esfuerzo \u201cmerece la pena\u201d, ha se\u00f1alado. La voluntaria ha recordado que un afectado le dijo, en la v\u00edspera del d\u00eda de su cumplea\u00f1os, que estas fotos restauradas fueron \u201cel mejor regalo de su vida despu\u00e9s del nacimiento de su hijo\u201d.<\/p>\n<p class=\"\">Al igual que la UPV, la Universitat de Val\u00e8ncia (UV) se puso manos a la obra para intentar rescatar las fotograf\u00edas perjudicadas por la riada. De hecho, ha conseguido recuperar cerca de dos millones y medio de instant\u00e1neas de m\u00e1s de 1.500 familias afectadas por la dana a trav\u00e9s de \u2018Salvem les Fotos\u2019. En esta iniciativa colaboran entidades como el Ministerio de Cultura y la Diputaci\u00f3 de Val\u00e8ncia y a\u00fana el esfuerzo de numerosas personas voluntarias de \u00e1mbitos de la investigaci\u00f3n, la docencia y la restauraci\u00f3n, tanto nacionales como internacionales, recuerda la UV en un comunicado. Dos d\u00edas despu\u00e9s de la tragedia, la UV lanz\u00f3 la campa\u00f1a. La instituci\u00f3n acad\u00e9mica habilit\u00f3 un correo electr\u00f3nico y un n\u00famero de tel\u00e9fono para que las familias damnificadas en cualquiera de las zonas afectadas pudieran contactar a la Universitat de Val\u00e8ncia para solicitar recuperar sus fotograf\u00edas.<\/p>\n<p class=\"\">Por la ma\u00f1ana, los Reyes han visitado la exposici\u00f3n de Las Provincias con motivo de su 160 aniversario La transformaci\u00f3n de Valencia 1866\u20132026, el Centro del Carmen Cultura Contempor\u00e1nea (CCCC)<\/p>\n","protected":false},"excerpt":{"rendered":"Los Reyes Felipe VI y do\u00f1a Letizia han vuelto a mostrar su apoyo a las personas afectadas por&hellip;\n","protected":false},"author":2,"featured_media":340859,"comment_status":"","ping_status":"","sticky":false,"template":"","format":"standard","meta":{"footnotes":""},"categories":[8],"tags":[17,18,242,25,24,13,14,11439,11,4274,19,20,9,10,15,16,11362,23,12,21,22,13799,235],"class_list":{"0":"post-340858","1":"post","2":"type-post","3":"status-publish","4":"format-standard","5":"has-post-thumbnail","7":"category-espana","8":"tag-breaking-news","9":"tag-breakingnews","10":"tag-comunidad-valenciana","11":"tag-es","12":"tag-espana","13":"tag-featured-news","14":"tag-featurednews","15":"tag-felipe-vi","16":"tag-headlines","17":"tag-inundaciones-dana-octubre-2024","18":"tag-latest-news","19":"tag-latestnews","20":"tag-news","21":"tag-noticias","22":"tag-noticias-destacadas","23":"tag-noticiasdestacadas","24":"tag-reina-letizia","25":"tag-spain","26":"tag-titulares","27":"tag-ultimas-noticias","28":"tag-ultimasnoticias","29":"tag-upv","30":"tag-valencia"},"share_on_mastodon":{"url":"https:\/\/pubeurope.com\/@es\/115895292682798372","error":""},"_links":{"self":[{"href":"https:\/\/www.europesays.com\/es\/wp-json\/wp\/v2\/posts\/340858","targetHints":{"allow":["GET"]}}],"collection":[{"href":"https:\/\/www.europesays.com\/es\/wp-json\/wp\/v2\/posts"}],"about":[{"href":"https:\/\/www.europesays.com\/es\/wp-json\/wp\/v2\/types\/post"}],"author":[{"embeddable":true,"href":"https:\/\/www.europesays.com\/es\/wp-json\/wp\/v2\/users\/2"}],"replies":[{"embeddable":true,"href":"https:\/\/www.europesays.com\/es\/wp-json\/wp\/v2\/comments?post=340858"}],"version-history":[{"count":0,"href":"https:\/\/www.europesays.com\/es\/wp-json\/wp\/v2\/posts\/340858\/revisions"}],"wp:featuredmedia":[{"embeddable":true,"href":"https:\/\/www.europesays.com\/es\/wp-json\/wp\/v2\/media\/340859"}],"wp:attachment":[{"href":"https:\/\/www.europesays.com\/es\/wp-json\/wp\/v2\/media?parent=340858"}],"wp:term":[{"taxonomy":"category","embeddable":true,"href":"https:\/\/www.europesays.com\/es\/wp-json\/wp\/v2\/categories?post=340858"},{"taxonomy":"post_tag","embeddable":true,"href":"https:\/\/www.europesays.com\/es\/wp-json\/wp\/v2\/tags?post=340858"}],"curies":[{"name":"wp","href":"https:\/\/api.w.org\/{rel}","templated":true}]}}