{"id":340860,"date":"2026-01-14T20:16:24","date_gmt":"2026-01-14T20:16:24","guid":{"rendered":"https:\/\/www.europesays.com\/es\/340860\/"},"modified":"2026-01-14T20:16:24","modified_gmt":"2026-01-14T20:16:24","slug":"facultad-de-ciencias-de-la-informacion-2","status":"publish","type":"post","link":"https:\/\/www.europesays.com\/es\/340860\/","title":{"rendered":"Facultad de Ciencias de la Informaci\u00f3n"},"content":{"rendered":"<p>\t\t\t\t\tUn espacio en el plat\u00f3 2 totalmente virtual refuerza la formaci\u00f3n pr\u00e1ctica del estudiantado ampliando las posibilidades de producci\u00f3n audiovisual<\/p>\n<p class=\"date\"> 14 ENE 2026 &#8211; 12:38 CET<\/p>\n<p class=\"normal\">La Facultad ha inaugurado hoy un nuevo set dentro del plat\u00f3 2, un espacio renovado que ampl\u00eda las posibilidades docentes y pr\u00e1cticas para el estudiantado vinculado a la comunicaci\u00f3n audiovisual y el periodismo.<\/p>\n<p>&#13;<\/p>\n<p class=\"normal\">El nuevo set es un espacio virtual que destaca por estar <strong>completamente dise\u00f1ado con chroma<\/strong>, tanto en el fondo como en la propia <strong>mesa de plat\u00f3<\/strong>, lo que permite una integraci\u00f3n total de escenarios virtuales y multiplica las opciones creativas y t\u00e9cnicas en la producci\u00f3n audiovisual. Esta configuraci\u00f3n reproduce de forma fiel los entornos profesionales actuales del \u00e1mbito televisivo.<\/p>\n<p>&#13;<\/p>\n<p class=\"normal\"><strong>La puesta en marcha del set se ha realizado en colaboraci\u00f3n con <\/strong><a href=\"https:\/\/infodefensatv.infodefensa.com\/\" rel=\"nofollow noopener\" target=\"_blank\"><strong>InfodefensaTV<\/strong><\/a>, dentro de un convenio de colaboraci\u00f3n firmado en el d\u00eda de hoy que busca acercar el entorno universitario a la realidad profesional y por el cual se producir\u00e1n qincenalmente en nuestro plat\u00f3, contenidos de esta canal y que permitir\u00e1 contar con <strong>tres becas de formaci\u00f3n pr\u00e1ctica remuneradas<\/strong> para estudiantes.<\/p>\n<p>&#13;<\/p>\n<p class=\"normal\">El programa \u201cPunto de fuga\u201dser\u00e1 presentado por el presidente de la Asociaci\u00f3n de periodistas de Defensa APDEF, Miguel \u00c1ngel de la Cruz, egresado de nuestra Facultad, ser\u00e1 estrenado en el canal de Infodefensa TV como un espacio para el debate y an\u00e1lisis en profundidad del sector de la defensa y la seguridad en Espa\u00f1a y Europa.<\/p>\n<p>&#13;<\/p>\n<p class=\"normal\">Con esta inauguraci\u00f3n, en la que han participado la Vicedecana de Relaciones Internacionales, Econom\u00eda y Empleabilidad, Carmen Salgado y Pedro J. Carrillo,\u00a0 CEO de Infodefensa, los plat\u00f3s de televisi\u00f3n suman un nuevo recurso que contribuir\u00e1 a enriquecer la experiencia de aprendizaje del estudiantado y a consolidar las instalaciones como un referente en la formaci\u00f3n pr\u00e1ctica en comunicaci\u00f3n.<\/p>\n<p>&#13;<\/p>\n<p>La incorporaci\u00f3n de este espacio refuerza el compromiso de la Facultad con una formaci\u00f3n pr\u00e1ctica y adaptada a las exigencias del sector, facilitando al estudiantado el uso pr\u00e1ctico de las \u00faltimas tecnolog\u00edas utilizadas en informativos, programas especializados y otros formatos televisivos.<\/p>\n<p>&#13;<\/p>\n<p><img loading=\"lazy\" decoding=\"async\" src=\"https:\/\/www.europesays.com\/es\/wp-content\/uploads\/2026\/01\/00b.jpg\" alt=\"\" width=\"1563\" height=\"909\"\/><\/p>\n<p>&#13;<\/p>\n<p><img loading=\"lazy\" decoding=\"async\" src=\"https:\/\/www.europesays.com\/es\/wp-content\/uploads\/2026\/01\/01.jpg\" alt=\"\" width=\"1204\" height=\"1442\"\/><\/p>\n<p>&#13;<\/p>\n<p><img loading=\"lazy\" decoding=\"async\" src=\"https:\/\/www.europesays.com\/es\/wp-content\/uploads\/2026\/01\/01b.jpg\" alt=\"\" width=\"1153\" height=\"747\"\/><\/p>\n<p>&#13;<\/p>\n<p><img loading=\"lazy\" decoding=\"async\" src=\"https:\/\/www.europesays.com\/es\/wp-content\/uploads\/2026\/01\/1768421782_743_02.jpg\" alt=\"\" width=\"1600\" height=\"1200\"\/><\/p>\n<p>&#13;<\/p>\n<p><img loading=\"lazy\" decoding=\"async\" src=\"https:\/\/www.europesays.com\/es\/wp-content\/uploads\/2026\/01\/1768421783_756_03.jpg\" alt=\"\" width=\"1157\" height=\"896\"\/><\/p>\n<p>&#13;<\/p>\n<p><img loading=\"lazy\" decoding=\"async\" src=\"https:\/\/www.europesays.com\/es\/wp-content\/uploads\/2026\/01\/1768421784_958_04.jpg\" alt=\"\" width=\"1600\" height=\"1200\"\/><\/p>\n","protected":false},"excerpt":{"rendered":"Un espacio en el plat\u00f3 2 totalmente virtual refuerza la formaci\u00f3n pr\u00e1ctica del estudiantado ampliando las posibilidades de&hellip;\n","protected":false},"author":2,"featured_media":340861,"comment_status":"","ping_status":"","sticky":false,"template":"","format":"standard","meta":{"footnotes":""},"categories":[5],"tags":[2198,17,18,70629,70630,15708,5262,70632,2026,25,24,13,14,7214,31641,11,1816,19,20,10320,9,10,15,16,2151,14150,6371,70634,70633,23,12,38452,21,22,51182,70631],"class_list":{"0":"post-340860","1":"post","2":"type-post","3":"status-publish","4":"format-standard","5":"has-post-thumbnail","7":"category-titulares","8":"tag-audi","9":"tag-breaking-news","10":"tag-breakingnews","11":"tag-ccinf","12":"tag-ciencias-de-la-informacion","13":"tag-complutense","14":"tag-comunicacion","15":"tag-doctorado","16":"tag-educacion","17":"tag-es","18":"tag-espana","19":"tag-featured-news","20":"tag-featurednews","21":"tag-formacion","22":"tag-grado","23":"tag-headlines","24":"tag-innovacion","25":"tag-latest-news","26":"tag-latestnews","27":"tag-master","28":"tag-news","29":"tag-noticias","30":"tag-noticias-destacadas","31":"tag-noticiasdestacadas","32":"tag-periodismo","33":"tag-postgrado","34":"tag-publicidad","35":"tag-relaciones-publicas","36":"tag-rrpp","37":"tag-spain","38":"tag-titulares","39":"tag-ucm","40":"tag-ultimas-noticias","41":"tag-ultimasnoticias","42":"tag-universidad-complutense-de-madrid","43":"tag-universidad-de-excelencia"},"share_on_mastodon":{"url":"","error":"Validation failed: Text character limit of 500 exceeded"},"_links":{"self":[{"href":"https:\/\/www.europesays.com\/es\/wp-json\/wp\/v2\/posts\/340860","targetHints":{"allow":["GET"]}}],"collection":[{"href":"https:\/\/www.europesays.com\/es\/wp-json\/wp\/v2\/posts"}],"about":[{"href":"https:\/\/www.europesays.com\/es\/wp-json\/wp\/v2\/types\/post"}],"author":[{"embeddable":true,"href":"https:\/\/www.europesays.com\/es\/wp-json\/wp\/v2\/users\/2"}],"replies":[{"embeddable":true,"href":"https:\/\/www.europesays.com\/es\/wp-json\/wp\/v2\/comments?post=340860"}],"version-history":[{"count":0,"href":"https:\/\/www.europesays.com\/es\/wp-json\/wp\/v2\/posts\/340860\/revisions"}],"wp:featuredmedia":[{"embeddable":true,"href":"https:\/\/www.europesays.com\/es\/wp-json\/wp\/v2\/media\/340861"}],"wp:attachment":[{"href":"https:\/\/www.europesays.com\/es\/wp-json\/wp\/v2\/media?parent=340860"}],"wp:term":[{"taxonomy":"category","embeddable":true,"href":"https:\/\/www.europesays.com\/es\/wp-json\/wp\/v2\/categories?post=340860"},{"taxonomy":"post_tag","embeddable":true,"href":"https:\/\/www.europesays.com\/es\/wp-json\/wp\/v2\/tags?post=340860"}],"curies":[{"name":"wp","href":"https:\/\/api.w.org\/{rel}","templated":true}]}}