{"id":340870,"date":"2026-01-14T20:25:07","date_gmt":"2026-01-14T20:25:07","guid":{"rendered":"https:\/\/www.europesays.com\/es\/340870\/"},"modified":"2026-01-14T20:25:07","modified_gmt":"2026-01-14T20:25:07","slug":"parte-medico-del-jugador-del-real-zaragoza-radovanovic-real-zaragoza","status":"publish","type":"post","link":"https:\/\/www.europesays.com\/es\/340870\/","title":{"rendered":"Parte m\u00e9dico del jugador del Real Zaragoza, Radovanovic | Real Zaragoza"},"content":{"rendered":"<p>El jugador <a href=\"https:\/\/www.realzaragoza.com\/jugadores\/radovanovic\" rel=\"nofollow noopener\" target=\"_blank\"><strong>Aleksandar Radovanovic<\/strong><\/a> fue sometido en el d\u00eda de ayer a pruebas radiol\u00f3gicas que han determinado que sufre una fractura de estern\u00f3n no desplazada y estable.<\/p>\n<p>Tras un encontronazo del central con Adri\u00e1n durante el partido disputado frente al C\u00e1diz CF, el defensa fue sometido a pruebas radiol\u00f3gicas que descartaron lesi\u00f3n \u00f3sea alguna, padeciendo una contusi\u00f3n costal.<\/p>\n<p>Posteriormente, en los encuentros frente a la UD Las Palmas y el Real Racing Club, durante los cuales recibi\u00f3 varios golpes en la misma zona. Como consecuencia, volvi\u00f3 a presentar molestias con dolor agudo, por lo que se le han practicado nuevas pruebas radiol\u00f3gicas, que han confirmado una fractura de estern\u00f3n no desplazada y estable.<\/p>\n<p>La evoluci\u00f3n que presente en su recuperaci\u00f3n determinar\u00e1 su reincorporaci\u00f3n progresiva al grupo.<\/p>\n<p>Toda informaci\u00f3n m\u00e9dica proporcionada por el club se da con la supervisi\u00f3n y el consentimiento de los jugadores que padecen dichas dolencias.<\/p>\n","protected":false},"excerpt":{"rendered":"El jugador Aleksandar Radovanovic fue sometido en el d\u00eda de ayer a pruebas radiol\u00f3gicas que han determinado que&hellip;\n","protected":false},"author":2,"featured_media":340871,"comment_status":"","ping_status":"","sticky":false,"template":"","format":"standard","meta":{"footnotes":""},"categories":[268],"tags":[168,25,24,280,282,281,23,167],"class_list":{"0":"post-340870","1":"post","2":"type-post","3":"status-publish","4":"format-standard","5":"has-post-thumbnail","7":"category-futbol","8":"tag-deportes","9":"tag-es","10":"tag-espana","11":"tag-football","12":"tag-futbol","13":"tag-soccer","14":"tag-spain","15":"tag-sports"},"share_on_mastodon":{"url":"https:\/\/pubeurope.com\/@es\/115895331970535481","error":""},"_links":{"self":[{"href":"https:\/\/www.europesays.com\/es\/wp-json\/wp\/v2\/posts\/340870","targetHints":{"allow":["GET"]}}],"collection":[{"href":"https:\/\/www.europesays.com\/es\/wp-json\/wp\/v2\/posts"}],"about":[{"href":"https:\/\/www.europesays.com\/es\/wp-json\/wp\/v2\/types\/post"}],"author":[{"embeddable":true,"href":"https:\/\/www.europesays.com\/es\/wp-json\/wp\/v2\/users\/2"}],"replies":[{"embeddable":true,"href":"https:\/\/www.europesays.com\/es\/wp-json\/wp\/v2\/comments?post=340870"}],"version-history":[{"count":0,"href":"https:\/\/www.europesays.com\/es\/wp-json\/wp\/v2\/posts\/340870\/revisions"}],"wp:featuredmedia":[{"embeddable":true,"href":"https:\/\/www.europesays.com\/es\/wp-json\/wp\/v2\/media\/340871"}],"wp:attachment":[{"href":"https:\/\/www.europesays.com\/es\/wp-json\/wp\/v2\/media?parent=340870"}],"wp:term":[{"taxonomy":"category","embeddable":true,"href":"https:\/\/www.europesays.com\/es\/wp-json\/wp\/v2\/categories?post=340870"},{"taxonomy":"post_tag","embeddable":true,"href":"https:\/\/www.europesays.com\/es\/wp-json\/wp\/v2\/tags?post=340870"}],"curies":[{"name":"wp","href":"https:\/\/api.w.org\/{rel}","templated":true}]}}