{"id":340872,"date":"2026-01-14T20:26:07","date_gmt":"2026-01-14T20:26:07","guid":{"rendered":"https:\/\/www.europesays.com\/es\/340872\/"},"modified":"2026-01-14T20:26:07","modified_gmt":"2026-01-14T20:26:07","slug":"confirman-la-fecha-del-regreso-de-la-serie-de-hbo-con-sydney-sweeney-zendaya-y-jacob-elordi","status":"publish","type":"post","link":"https:\/\/www.europesays.com\/es\/340872\/","title":{"rendered":"confirman la fecha del regreso de la serie de HBO con Sydney Sweeney, Zendaya y Jacob Elordi"},"content":{"rendered":"<p data-mrf-recirculation=\"Links P\u00e1rrafos\" class=\"ue-c-article__paragraph paragraph ue-c-article--first-letter-highlighted\">&#8216;E<strong>uphoria&#8217; est\u00e1 de vuelta.<\/strong> Ese es el mensaje que ha dejado &#8216;HBO&#8217; tras sacar el trailer de su tercera temporada en el que mostraban nuevas im\u00e1genes de la serie despu\u00e9s de cuatro a\u00f1os de que se estrenara la \u00faltima temporada. Una de las series m\u00e1s esperadas del a\u00f1o para la que tambi\u00e9n se ha confirmado su fecha de estreno y la cantidad de episodios que tendr\u00e1 en esta ocasi\u00f3n.<\/p>\n<p>Cu\u00e1ndo se estrenar\u00e1 &#8216;Euphoria 3&#8217;: la espera termina<\/p>\n<p data-mrf-recirculation=\"Links P\u00e1rrafos\" class=\"ue-c-article__paragraph paragraph\">La tercera temporada de &#8216;Euphoria&#8217; <strong>tendr\u00e1 un total de ocho episodios<\/strong>, todos ellos dirigidos por Levinson junto a Marcell R\u00e9v como director de fotograd\u00eda. Una serie que va a reflejar un crecimiento m\u00e1s all\u00e1 del instituto de las protagonistas principales entre los que est\u00e1n los personajes que dan vida <strong>Sydney Sweeney, Zendaya o\u00a0Jacob Elordi<\/strong>, entre otros.<\/p>\n<p data-mrf-recirculation=\"Links P\u00e1rrafos\" class=\"ue-c-article__paragraph paragraph\">Un estreno que tendr\u00e1 lugar desde <strong>el pr\u00f3ximo 13 de abril de 2026<\/strong> cuando la platafoorma de streaming ponga en disposici\u00f3n de sus suscriptores el primero de los cap\u00edtulos. Una forma de mostrar cada cap\u00edtulo que ser\u00e1 tradicional, <strong>semana a semana<\/strong>, y que tendr\u00e1 como d\u00eda los <strong>lunes para que los fans de &#8216;Euphoria&#8217; puedan ver un nuevo cap\u00edtulo<\/strong> de esta serie.<\/p>\n<p>&#8216;Euphoria 3&#8217; promete una gran dosis de &#8216;cine negro&#8217;<\/p>\n<p data-mrf-recirculation=\"Links P\u00e1rrafos\" class=\"ue-c-article__paragraph paragraph\">Adem\u00e1s de Zendaya, Sydney Sweeney o Jacob Elordi, otros actores como <strong>Hunter Schafer, Alexa Demie, Maude Apatow, Eric Dane, Martha Kelly, Chloe Cherry, Adewale Akinnuoye-Agbaje y Toby Wallace<\/strong>\u00a0tambi\u00e9n vuelven a las serie con sus personajes en la tercera temporada. Eso s\u00ed, habr\u00e1 un salto temporal tras el final de la segunda temporada donde ponerse al d\u00eda con sus vidas tras salir del instituto.<\/p>\n<p data-mrf-recirculation=\"Links P\u00e1rrafos\" class=\"ue-c-article__paragraph paragraph\">La trama se enfocar\u00e1 en una Rue sobria intentando encontrar su lugar como adulta en un mundo corrupto, adoptando un tono de \u00abcine negro\u00bb para cerrar las cuentas pendientes del pasado y los traumas que marcaron al grupo de amigos.<\/p>\n","protected":false},"excerpt":{"rendered":"&#8216;Euphoria&#8217; est\u00e1 de vuelta. Ese es el mensaje que ha dejado &#8216;HBO&#8217; tras sacar el trailer de su&hellip;\n","protected":false},"author":2,"featured_media":340873,"comment_status":"","ping_status":"","sticky":false,"template":"","format":"standard","meta":{"footnotes":""},"categories":[174],"tags":[255,146,147,25,24,256,23],"class_list":{"0":"post-340872","1":"post","2":"type-post","3":"status-publish","4":"format-standard","5":"has-post-thumbnail","7":"category-famosos","8":"tag-celebrities","9":"tag-entertainment","10":"tag-entretenimiento","11":"tag-es","12":"tag-espana","13":"tag-famosos","14":"tag-spain"},"share_on_mastodon":{"url":"https:\/\/pubeurope.com\/@es\/115895335835102096","error":""},"_links":{"self":[{"href":"https:\/\/www.europesays.com\/es\/wp-json\/wp\/v2\/posts\/340872","targetHints":{"allow":["GET"]}}],"collection":[{"href":"https:\/\/www.europesays.com\/es\/wp-json\/wp\/v2\/posts"}],"about":[{"href":"https:\/\/www.europesays.com\/es\/wp-json\/wp\/v2\/types\/post"}],"author":[{"embeddable":true,"href":"https:\/\/www.europesays.com\/es\/wp-json\/wp\/v2\/users\/2"}],"replies":[{"embeddable":true,"href":"https:\/\/www.europesays.com\/es\/wp-json\/wp\/v2\/comments?post=340872"}],"version-history":[{"count":0,"href":"https:\/\/www.europesays.com\/es\/wp-json\/wp\/v2\/posts\/340872\/revisions"}],"wp:featuredmedia":[{"embeddable":true,"href":"https:\/\/www.europesays.com\/es\/wp-json\/wp\/v2\/media\/340873"}],"wp:attachment":[{"href":"https:\/\/www.europesays.com\/es\/wp-json\/wp\/v2\/media?parent=340872"}],"wp:term":[{"taxonomy":"category","embeddable":true,"href":"https:\/\/www.europesays.com\/es\/wp-json\/wp\/v2\/categories?post=340872"},{"taxonomy":"post_tag","embeddable":true,"href":"https:\/\/www.europesays.com\/es\/wp-json\/wp\/v2\/tags?post=340872"}],"curies":[{"name":"wp","href":"https:\/\/api.w.org\/{rel}","templated":true}]}}