{"id":340914,"date":"2026-01-14T20:57:08","date_gmt":"2026-01-14T20:57:08","guid":{"rendered":"https:\/\/www.europesays.com\/es\/340914\/"},"modified":"2026-01-14T20:57:08","modified_gmt":"2026-01-14T20:57:08","slug":"el-patrimonio-de-julio-iglesias-casitas-del-terror-en-el-caribe-su-negocio-con-oscar-de-la-renta-y-millones-el-mundo","status":"publish","type":"post","link":"https:\/\/www.europesays.com\/es\/340914\/","title":{"rendered":"El patrimonio de Julio Iglesias: &quot;casitas del terror&quot; en el Caribe, su negocio con \u00d3scar de la Renta y millones &#8211; El Mundo"},"content":{"rendered":"<ol>\n<li><a href=\"https:\/\/news.google.com\/rss\/articles\/CBMigAFBVV95cUxQdnpiVWdNSkVkZXFuTDY2UFNrTVFjSnJBblFtMEVNazNLbk52c0YyTVdDM1VXd1pydzFERF9pU1RxcVQyUkd1bDZuZmpEa0FaV0wxQjEweFY3YVJ3ZlA5aS0wRWt4cG9QTDAwM04zTTJqMnVzZmFibXdWbkFTaU1VX9IBgAFBVV95cUxQdEIwMUNNRmZmLUJlaXFCWVJWVXRSS05EQ2R3d1hDU0dyUkNhX0ZoMFp3S1h1UldqdUY5d3haemxNLUtrNkJSckdXZC10VTFIS3E5bE5hLVZsaFRMUHBOZjk5UGdLWVBFRXdvTmVjVTB2V0R0Nzhzb19RN0N3TXlTRA?oc=5\" target=\"_blank\" rel=\"nofollow noopener\">El patrimonio de Julio Iglesias: \u00abcasitas del terror\u00bb en el Caribe, su negocio con \u00d3scar de la Renta y millones<\/a>&nbsp;&nbsp;El Mundo<\/li>\n<li><a href=\"https:\/\/news.google.com\/rss\/articles\/CBMihAFBVV95cUxPWGdHVENTUVVmX3Y5ZHZPcHM5cy1DWkRNamNDeVNzcXVmU1BhM0NBUkxMbWZxa2JrNXpxNmhXcEM5S0RIenNZR3ZnTFZPMkcybV9YVS05NmNCUUdSTUNsaU10Rmptd3hVZnhjRmFYeHVCUHJwNy1kTmUwZHNidFUtcWd5Nno?oc=5\" target=\"_blank\" rel=\"nofollow noopener\">La Fiscal\u00eda de la Audiencia Nacional tomar\u00e1 declaraci\u00f3n a las dos denunciantes de Julio Iglesias como testigos protegidas<\/a>&nbsp;&nbsp;El Mundo<\/li>\n<li><a href=\"https:\/\/news.google.com\/rss\/articles\/CBMi5AFBVV95cUxPMUhDZUVIcjNtRmtwZ1gxMGw0UzZRQ0pGbDc3OUpNSjU5SXNSQnBES3llQkdpODdkVWwxVXVTdFNOWHBsRWwtSExKc1dEZkZjdFlnY1dLcWdWQjZkNExMZlVzNnEybTRBSVRQZ0Q2VXBuckd5LXZxVGJMY3BmU3FVcm1KWXlVT0t5MFZ1UWhJQVdxcGJBeWdYUzFWczMyQVVHYkRUQUhaVnRDZUlXdEtRZ3NIcTY0eHZrM0h4cXdaM0ZVMU04Zlp0OUxiSGlHRUJyTkhSSjBXbGplcE41ay1MZnVMS1A?oc=5\" target=\"_blank\" rel=\"nofollow noopener\">Women&#8217;s Link: \u00abLas denunciantes de Julio Iglesias temen que las contacten\u00bb<\/a>&nbsp;&nbsp;RTVE.es<\/li>\n<li><a href=\"https:\/\/news.google.com\/rss\/articles\/CBMizgFBVV95cUxPeGdtREdZME5WWTdGOFlzcU0tRnZySjdhZ01YbS1zcGFkNGk1YWoxdmlLTTJQMk41ZFhHeUd5S3ZxSjVMY3VzajZ0YW9UMF80RWJXT0x1VWRXSk9Qa21wVzJsWkt6R0NkcUJnRk1YOWtDMVQ4b3pPX3hEV0ZsNFhSXzJhZWlIa3BrSWZBaEUxZWRCUVFpcG9MZmtjYUJETGtFU3FlQkg2dXJFV2JBYWhRLVY1R3JaNnFEWldHR3lsNzNRUXFSLWxaQ3gwblFvQdIB0wFBVV95cUxQVHJER1poVkFTVE53VzZwY080R2NjZnNvMkh0TXNMYk42d1VrbEs2NG5oLV9QTXcwdy1XR0ZSN0lZX2d3TjdGdTJXLVZFa3VJLS02bUhtMGxNQkxKOGdDbzRMTnpxYUV0alE0Vy1ZOTdXUV93eGJQWjNXbXZYNWdrUnhIRWZXLWE4YVVwSGl5dXRwVmVQbkduNHZIZGhlbnFoMDRYdmlORkVNenVTN1V4STJXX1BZUncyZnlIOE55R3p2eEdlWmp2MTIwU3RxdklHUzlF?oc=5\" target=\"_blank\" rel=\"nofollow noopener\">La dram\u00e1tica situaci\u00f3n de Miranda Rijnsburger: su papel en las \u00abmansiones del terror\u00bb de Julio Iglesias, seg\u00fan las mujeres que le acusan de agresi\u00f3n sexual<\/a>&nbsp;&nbsp;Mujerhoy<\/li>\n<li><a href=\"https:\/\/news.google.com\/rss\/articles\/CBMi1gFBVV95cUxNbGZFWVZEOVd3QmI4ZFpjQ2ZxYkJobnBCUTNQYXMtdDhTcXNSYmRscFVBN2h5REpQM3F3ZE92V05MTFRYYXRuNDhvdnh4aFhsZExJWjRMaGRvQzdMZkpjMGRSWDU1RHRLMWJzUjJMZnVYcm5OYzZNX2twNE5CQi1MdUY1SEdfeG9EVnNxald3RW1fQmFSUk5IQm15RVBCR2tBd1RYSXBIZWRFLUptekVvV3ZVYnRwUm5xT25hN3pjQmFXMnJJd3pnMWctNU53SURPd01NckhB?oc=5\" target=\"_blank\" rel=\"nofollow noopener\">Las ecograf\u00edas y pruebas de VIH o clamidia que Julio Iglesias \u201cimpon\u00eda\u201d a sus empleadas: \u201cTuvieron acceso a todos los resultados\u201d<\/a>&nbsp;&nbsp;elDiario.es<\/li>\n<\/ol>\n","protected":false},"excerpt":{"rendered":"El patrimonio de Julio Iglesias: \u00abcasitas del terror\u00bb en el Caribe, su negocio con \u00d3scar de la Renta&hellip;\n","protected":false},"author":2,"featured_media":340915,"comment_status":"","ping_status":"","sticky":false,"template":"","format":"standard","meta":{"footnotes":""},"categories":[91],"tags":[146,147,25,24,720,23],"class_list":{"0":"post-340914","1":"post","2":"type-post","3":"status-publish","4":"format-standard","5":"has-post-thumbnail","7":"category-entretenimiento","8":"tag-entertainment","9":"tag-entretenimiento","10":"tag-es","11":"tag-espana","12":"tag-loc-famosos","13":"tag-spain"},"share_on_mastodon":{"url":"https:\/\/pubeurope.com\/@es\/115895458047832124","error":""},"_links":{"self":[{"href":"https:\/\/www.europesays.com\/es\/wp-json\/wp\/v2\/posts\/340914","targetHints":{"allow":["GET"]}}],"collection":[{"href":"https:\/\/www.europesays.com\/es\/wp-json\/wp\/v2\/posts"}],"about":[{"href":"https:\/\/www.europesays.com\/es\/wp-json\/wp\/v2\/types\/post"}],"author":[{"embeddable":true,"href":"https:\/\/www.europesays.com\/es\/wp-json\/wp\/v2\/users\/2"}],"replies":[{"embeddable":true,"href":"https:\/\/www.europesays.com\/es\/wp-json\/wp\/v2\/comments?post=340914"}],"version-history":[{"count":0,"href":"https:\/\/www.europesays.com\/es\/wp-json\/wp\/v2\/posts\/340914\/revisions"}],"wp:featuredmedia":[{"embeddable":true,"href":"https:\/\/www.europesays.com\/es\/wp-json\/wp\/v2\/media\/340915"}],"wp:attachment":[{"href":"https:\/\/www.europesays.com\/es\/wp-json\/wp\/v2\/media?parent=340914"}],"wp:term":[{"taxonomy":"category","embeddable":true,"href":"https:\/\/www.europesays.com\/es\/wp-json\/wp\/v2\/categories?post=340914"},{"taxonomy":"post_tag","embeddable":true,"href":"https:\/\/www.europesays.com\/es\/wp-json\/wp\/v2\/tags?post=340914"}],"curies":[{"name":"wp","href":"https:\/\/api.w.org\/{rel}","templated":true}]}}