{"id":340918,"date":"2026-01-14T20:59:14","date_gmt":"2026-01-14T20:59:14","guid":{"rendered":"https:\/\/www.europesays.com\/es\/340918\/"},"modified":"2026-01-14T20:59:14","modified_gmt":"2026-01-14T20:59:14","slug":"panza-capital-estamos-en-una-burbuja-significativamente-mayor-a-la-que-tuvimos-en-el-puntocom","status":"publish","type":"post","link":"https:\/\/www.europesays.com\/es\/340918\/","title":{"rendered":"Panza Capital: \u00abEstamos en una burbuja significativamente mayor a la que tuvimos en el puntocom\u00bb"},"content":{"rendered":"<p><img decoding=\"async\" src=\"https:\/\/www.finect.com\/v4\/resources\/media\/images\/f9962167aee84af09079a57dc2a9cb00-w1332-webp\" class=\"partials__AutocloseNode-sc-1bshul6-1 gCyNNK image_resized\" width=\"1332px\" height=\"749px\"\/>Gustavo Trillo y Beltr\u00e1n de la Lastra, de Panza Capital, en las oficinas de la gestora. Foto: Panza Capital.<\/p>\n<p class=\"partials__StyledNode-sc-1bshul6-0 jpuQBp\">La gestora espa\u00f1ola <strong class=\"partials__StyledNode-sc-1bshul6-0 jpuQBp\">Panza Capital<\/strong> ha presentado este mi\u00e9rcoles su primera carta anual a inversores, coincidiendo con el tercer aniversario de la firma. <strong class=\"partials__StyledNode-sc-1bshul6-0 jpuQBp\">Beltr\u00e1n de la Lastra<\/strong>, director de inversiones y presidente de la compa\u00f1\u00eda, ha contextualizado el actual escenario de inversi\u00f3n a trav\u00e9s de tres grandes vectores de riesgo:<strong class=\"partials__StyledNode-sc-1bshul6-0 jpuQBp\"> la geopol\u00edtica, la inteligencia artificial y la deuda.<\/strong><\/p>\n<p class=\"partials__StyledNode-sc-1bshul6-0 jpuQBp\">En su opini\u00f3n, los sectores ligados a la inteligencia artificial podr\u00edan estar repitiendo patrones de sobrevaloraci\u00f3n ya vividos en anteriores ciclos tecnol\u00f3gicos.<strong class=\"partials__StyledNode-sc-1bshul6-0 jpuQBp\"> \u00abHoy probablemente estamos en una burbuja significativamente mayor a la que tuvimos en el <\/strong><strong class=\"partials__StyledNode-sc-1bshul6-0 jpuQBp\">puntocom<\/strong><strong class=\"partials__StyledNode-sc-1bshul6-0 jpuQBp\"> con internet\u00bb<\/strong>, ha advertido, en referencia a la burbuja burs\u00e1til vivida entre finales de la d\u00e9cada de 1990 y principios del 2000. <strong class=\"partials__StyledNode-sc-1bshul6-0 jpuQBp\">\u00abLa IA es un burbuj\u00f3n como una catedral\u00bb,<\/strong> ha a\u00f1adido.<\/p>\n<p class=\"partials__StyledNode-sc-1bshul6-0 jpuQBp\">A pesar de esta advertencia, De la Lastra ha reconocido que <strong class=\"partials__StyledNode-sc-1bshul6-0 jpuQBp\">el impacto de la inteligencia artificial en la sociedad ser\u00e1 transversal y profundo:<\/strong> \u00abVa a tener un impacto enorme y pr\u00e1cticamente en toda la sociedad y en todos nosotros, en lo que hacemos, tanto a nivel profesional como a nivel personal\u00bb.<\/p>\n<p class=\"partials__StyledNode-sc-1bshul6-0 jpuQBp\">Ahora bien, el director de inversiones de Panza Capital ha <strong class=\"partials__StyledNode-sc-1bshul6-0 jpuQBp\">diferenciado el impacto econ\u00f3mico real de las valoraciones burs\u00e1tiles<\/strong>: \u00abEs cr\u00edtico distinguir el impacto que tiene una revoluci\u00f3n tecnol\u00f3gica con el camino de las cotizaciones, donde el punto de partida est\u00e1 obviamente cr\u00edtico. Las cotizaciones est\u00e1n exigiendo cosas que hay que ver si son o no son razonables\u00bb, ha apuntado.<\/p>\n<p class=\"partials__StyledNode-sc-1bshul6-0 jpuQBp\">En el plano geopol\u00edtico, el gestor ha afirmado que se avecina un nuevo orden mundial: \u00abEstamos camino de un nuevo orden mundial. Pero no estamos al final, sino m\u00e1s bien, en el inicio de ese camino\u00bb. De la Lastra ha advertido que este tipo de transiciones hist\u00f3ricas suelen estar acompa\u00f1adas de conflictos b\u00e9licos, lo que introduce una elevada incertidumbre para las econom\u00edas y mercados globales.<\/p>\n<p class=\"partials__StyledNode-sc-1bshul6-0 jpuQBp\">El mensaje m\u00e1s contundente ha estado relacionado con el problema de la deuda: <strong class=\"partials__StyledNode-sc-1bshul6-0 jpuQBp\">\u00abLa deuda es el tal\u00f3n de Aquiles de los pa\u00edses, de las compa\u00f1\u00edas y tambi\u00e9n de las familias\u00bb<\/strong>. Seg\u00fan De la Lastra, la deuda ser\u00e1 \u00abprobablemente el tema que m\u00e1s nos va a marcar los pr\u00f3ximos a\u00f1os\u00bb.<\/p>\n<p class=\"partials__StyledNode-sc-1bshul6-0 jpuQBp\">Al analizar el mercado de renta variable, De la Lastra ha hecho hincapi\u00e9 en que no puede hablarse de un mercado \u00fanico, sino que hay realidades muy diferenciadas seg\u00fan el tipo de activo o sector. \u00abEl mercado est\u00e1 absolutamente segmentado. Hay una parte muy caliente del mercado, una parte muy fr\u00eda y otra templada\u00bb, ha explicado.<\/p>\n<p>\u00abNo nos queda ni un solo banco\u00bb<\/p>\n<p class=\"partials__StyledNode-sc-1bshul6-0 jpuQBp\">Adem\u00e1s de la tecnolog\u00eda, el experto tambi\u00e9n ha mencionado al sector financiero como otro segmento con se\u00f1ales de sobrevaloraci\u00f3n. Aunque, ha matizado que no alcanza los niveles de euforia del primero.<\/p>\n<p class=\"partials__StyledNode-sc-1bshul6-0 jpuQBp\">\u00abLos bancos han pasado de ser no invertibles a ser de repente &#8216;\u00bfc\u00f3mo no puedes tener m\u00e1s bancos?&#8217;. Los grandes bancos espa\u00f1oles pasaron 17 a\u00f1os hasta llegar al punto de partida. Ahora yo tendr\u00eda mucho cuidado porque est\u00e1n en un nivel de beneficios extraordinariamente alto, un margen de intermediaci\u00f3n financiera extraordinariamente alto. Yo no estoy seguro de que vaya a seguir as\u00ed\u00bb, ha apuntado.<\/p>\n<p class=\"partials__StyledNode-sc-1bshul6-0 jpuQBp\">Ante esta situaci\u00f3n, <strong class=\"partials__StyledNode-sc-1bshul6-0 jpuQBp\">la gestora ha reducido totalmente su exposici\u00f3n de la cartera al sector financiero<\/strong> en 2025, como ya anunciaron en la carta del tercer trimestre. <strong class=\"partials__StyledNode-sc-1bshul6-0 jpuQBp\">\u00abNo nos queda ni un solo banco\u00bb<\/strong>, ha se\u00f1alado.<\/p>\n<p class=\"partials__StyledNode-sc-1bshul6-0 jpuQBp\">Otra decisi\u00f3n importante de la firma en 2025 ha sido <strong class=\"partials__StyledNode-sc-1bshul6-0 jpuQBp\">la reducci\u00f3n de su exposici\u00f3n al sector de defensa<\/strong>, que ten\u00eda un peso del 8% \u00abNosotros ten\u00edamos tres posiciones en defensa.<strong class=\"partials__StyledNode-sc-1bshul6-0 jpuQBp\"> Solo ha mantenido la posici\u00f3n de Babcock\u00bb<\/strong>, ha contado.<\/p>\n<p class=\"partials__StyledNode-sc-1bshul6-0 jpuQBp\">El directivo tambi\u00e9n ha anunciado <strong class=\"partials__StyledNode-sc-1bshul6-0 jpuQBp\">la retirada del sector del alcohol,<\/strong> cuyo peso en la cartera era del 2%. \u00ab<strong class=\"partials__StyledNode-sc-1bshul6-0 jpuQBp\">Hemos abandonado el alcohol.<\/strong> Nosotros pusimos una peque\u00f1a posici\u00f3n en el alcohol, porque estaba deprimido. Bajo la hip\u00f3tesis de que si la ca\u00edda era c\u00edclica, se producir\u00eda una recuperaci\u00f3n, y si era estructural, las compa\u00f1\u00edas reducir\u00edan costes. El declive es estructural. Y cuando hablamos con las compa\u00f1\u00edas, las vemos en una fase de negaci\u00f3n. Lo ven solo como algo c\u00edclico\u00bb, ha se\u00f1alado.<\/p>\n<p class=\"partials__StyledNode-sc-1bshul6-0 jpuQBp\">En el sentido contrario, la gestora ha incorporado compa\u00f1\u00edas como <strong class=\"partials__StyledNode-sc-1bshul6-0 jpuQBp\">Johnson Matthey, Renishaw y BMW<\/strong>. Adem\u00e1s, ha incrementado la exposici\u00f3n a firmas como <strong class=\"partials__StyledNode-sc-1bshul6-0 jpuQBp\">Forvia, Alten, Berkeley y Huntsman<\/strong>.<\/p>\n<p class=\"partials__StyledNode-sc-1bshul6-0 jpuQBp\">Con motivo del aniversario de la firma, <strong class=\"partials__StyledNode-sc-1bshul6-0 jpuQBp\">Gustavo Trillo<\/strong>, , consejero delegado de Panza Capital, ha calificado el camino recorrido de satisfactorio: \u00abLos tres a\u00f1os y poco que llevamos para nosotros ser\u00eda un balance tan grande como satisfactorio\u00bb. En este sentido, ha subrayado que la rentabilidad desde el inicio: \u00abLa rentabilidad conseguida por <a href=\"https:\/\/www.finect.com\/fondos-inversion\/ES0167974007-Panza_valor_fi\" target=\"_blank\" data-fi-event=\"article-body\" class=\"partials__StyledNode-sc-1bshul6-0 jpuQBp\" rel=\"nofollow noopener\"><strong class=\"partials__StyledNode-sc-1bshul6-0 jpuQBp\">Panza Valor<\/strong><\/a> desde el inicio est\u00e1 en el 40%. Es una rentabilidad que la hemos construido sin tomar riesgos innecesarios, de una manera prudente\u00bb, ha afirmado.<\/p>\n<p class=\"partials__StyledNode-sc-1bshul6-0 jpuQBp\">Pese a la complejidad del entorno, Panza Capital ha mantenido su hoja de ruta. \u00abInvertimos en renta variable y creemos que la cartera actual puede seguir dando una rentabilidad muy atractiva durante los pr\u00f3ximos a\u00f1os\u00bb, ha se\u00f1alado Trillo, quien ha defendido el enfoque de inversi\u00f3n en compa\u00f1\u00edas de calidad y con s\u00f3lidos fundamentos, alejadas de las modas del mercado y con un horizonte temporal de largo plazo.<\/p>\n<p class=\"partials__StyledNode-sc-1bshul6-0 jpuQBp\">Este contenido se ha elaborado bajo un criterio editorial y no constituye una recomendaci\u00f3n ni propuesta de inversi\u00f3n. La inversi\u00f3n contiene riesgos. Las rentabilidades pasadas no son garant\u00eda de rentabilidades futuras.<\/p>\n<p>  <a href=\"https:\/\/www.finect.com\/usuario\/avillanuevae\/articulos\/mejores-exchanges-y-brokers-para-invertir-en-criptomonedas?utm_source=Finect&amp;utm_medium=CTATag&amp;utm_campaign=CTA-Exchanges-Cripto&amp;utm_content=cta-tag-promocion-exchanges-cripto\" rel=\"nofollow noopener noreferrer\" class=\"partials__Inner-sc-1eiij3v-0 jOcavh\" target=\"_blank\">Descubre los mejores br\u00f3kers y exchanges de 2026<\/p>\n<p>Te contamos los mejores exchanges de criptomonedas y los mejor br\u00f3kers para empezar a invertir online. <\/p>\n<p>Saber m\u00e1s<\/a><\/p>\n","protected":false},"excerpt":{"rendered":"Gustavo Trillo y Beltr\u00e1n de la Lastra, de Panza Capital, en las oficinas de la gestora. Foto: Panza&hellip;\n","protected":false},"author":2,"featured_media":340919,"comment_status":"","ping_status":"","sticky":false,"template":"","format":"standard","meta":{"footnotes":""},"categories":[80],"tags":[82,95,94,25,24,23],"class_list":{"0":"post-340918","1":"post","2":"type-post","3":"status-publish","4":"format-standard","5":"has-post-thumbnail","7":"category-economia","8":"tag-business","9":"tag-economia","10":"tag-economy","11":"tag-es","12":"tag-espana","13":"tag-spain"},"share_on_mastodon":{"url":"https:\/\/pubeurope.com\/@es\/115895465720650458","error":""},"_links":{"self":[{"href":"https:\/\/www.europesays.com\/es\/wp-json\/wp\/v2\/posts\/340918","targetHints":{"allow":["GET"]}}],"collection":[{"href":"https:\/\/www.europesays.com\/es\/wp-json\/wp\/v2\/posts"}],"about":[{"href":"https:\/\/www.europesays.com\/es\/wp-json\/wp\/v2\/types\/post"}],"author":[{"embeddable":true,"href":"https:\/\/www.europesays.com\/es\/wp-json\/wp\/v2\/users\/2"}],"replies":[{"embeddable":true,"href":"https:\/\/www.europesays.com\/es\/wp-json\/wp\/v2\/comments?post=340918"}],"version-history":[{"count":0,"href":"https:\/\/www.europesays.com\/es\/wp-json\/wp\/v2\/posts\/340918\/revisions"}],"wp:featuredmedia":[{"embeddable":true,"href":"https:\/\/www.europesays.com\/es\/wp-json\/wp\/v2\/media\/340919"}],"wp:attachment":[{"href":"https:\/\/www.europesays.com\/es\/wp-json\/wp\/v2\/media?parent=340918"}],"wp:term":[{"taxonomy":"category","embeddable":true,"href":"https:\/\/www.europesays.com\/es\/wp-json\/wp\/v2\/categories?post=340918"},{"taxonomy":"post_tag","embeddable":true,"href":"https:\/\/www.europesays.com\/es\/wp-json\/wp\/v2\/tags?post=340918"}],"curies":[{"name":"wp","href":"https:\/\/api.w.org\/{rel}","templated":true}]}}