{"id":340922,"date":"2026-01-14T21:01:25","date_gmt":"2026-01-14T21:01:25","guid":{"rendered":"https:\/\/www.europesays.com\/es\/340922\/"},"modified":"2026-01-14T21:01:25","modified_gmt":"2026-01-14T21:01:25","slug":"jornada-informativa-el-proximo-miercoles-sobre-los-cinco-proyectos-para-sustituir-el-puente-nuevo-que-han-pasado-el-filtro-tecnico","status":"publish","type":"post","link":"https:\/\/www.europesays.com\/es\/340922\/","title":{"rendered":"Jornada informativa, el pr\u00f3ximo mi\u00e9rcoles, sobre los cinco proyectos para sustituir el Puente Nuevo que han pasado el filtro t\u00e9cnico"},"content":{"rendered":"<p style=\"border:none;\"><img decoding=\"async\" alt=\"\" src=\"https:\/\/www.europesays.com\/es\/wp-content\/uploads\/2026\/01\/TArgazkiak01Drone-48.jpg\"\/><\/p>\n<p style=\"text-align:justify;border:none;\"><a href=\"https:\/\/udala.tolosa.eus\/es\/noticias\/obras-servicios\/y-tolosarras-podr%C3%A1n-votar-qu%C3%A9-proyecto-sustituir%C3%A1-puente-nuevo\" title=\"https:\/\/udala.tolosa.eus\/es\/noticias\/obras-servicios\/y-tolosarras-podr%C3%A1n-votar-qu%C3%A9-proyecto-sustituir%C3%A1-puente-nuevo\" rel=\"nofollow noopener\" target=\"_blank\">Tal y como anunciaron en noviembre<\/a>\u00a0la Agencia URA y el Ayuntamiento de Tolosa, la ciudana\u00eda podr\u00e1 votar qu\u00e9 proyecto sustituir\u00e1 el Puente Nuevo. Con este fin, URA convoc\u00f3 un procedimiento abierto para la presentaci\u00f3n de nuevas propuestas de proyecto y una vez realizado el estudio t\u00e9cnico de los trabajos presentados, la pr\u00f3xima semana tendr\u00e1 lugar una sesi\u00f3n de presentaci\u00f3n a la ciudadan\u00eda de los proyectos que han pasado el primer cribado.<\/p>\n<p style=\"text-align:justify;border:none;\">Son cinco las propuestas que han superado la primera fase, las cuatro presentadas en el procedimiento abierto \u2013las de las empresas Ines, Anta, Injelan y SBP \u2013 y el proyecto que previamente hab\u00eda elaborado la Agencia URA. En la sesi\u00f3n informativa se dar\u00e1n los detalles de cada uno de estos proyectos. Ser\u00e1 el mi\u00e9rcoles 21, en el sal\u00f3n de actos Antxon Elosegui del Topic, a las 18:00 horas.<\/p>\n<p style=\"text-align:justify;border:none;\">\u00a0<\/p>\n<p style=\"text-align:justify;border:none;\"><strong>A continuaci\u00f3n, votaci\u00f3n<\/strong><\/p>\n<p style=\"text-align:justify;border:none;\">El proceso de selecci\u00f3n del proyecto constar\u00e1 de dos fases: como primer paso, URA ha realizado un an\u00e1lisis t\u00e9cnico de todas las propuestas. Entre otros criterios, ha tenido en cuenta la capacidad hidr\u00e1ulica de la propuesta, la propuesta de actuaci\u00f3n y dise\u00f1o, el grado de acceso a las obras y la ocupaci\u00f3n de los terrenos, los efectos ambientales, el an\u00e1lisis de los efectos asociados al municipio y a los servicios, la planificaci\u00f3n y la metodolog\u00eda. La puntuaci\u00f3n obtenida en dicho an\u00e1lisis tendr\u00e1 un valor del 40% para el resultado final.<\/p>\n<p style=\"text-align:justify;border:none;\">En una segunda fase, se han establecido dos variables que se evaluar\u00e1n autom\u00e1ticamente mediante f\u00f3rmulas: por un lado, se realizar\u00e1 una votaci\u00f3n popular, utilizando la plataforma Erabaki \u2014 tambi\u00e9n se garantizar\u00e1 la posibilidad de votar presencialmente \u2014. Podr\u00e1n votar las y los habitantes empadronados en Tolosa mayores de 16 a\u00f1os. Esta puntuaci\u00f3n tambi\u00e9n ser\u00e1 del 40% en el resultado final. Por otro lado, se evaluar\u00e1 la propuesta econ\u00f3mica, que tendr\u00e1 el valor del 20% restante.<\/p>\n<p style=\"text-align:justify;border:none;border: none;\">La votaci\u00f3n popular comenzar\u00e1 al d\u00eda siguiente de la jornada, el d\u00eda 22, y finalizar\u00e1 el 29. Los detalles del procedimiento de votaci\u00f3n tambi\u00e9n se dar\u00e1n a conocer en el acto del pr\u00f3ximo mi\u00e9rcoles. A pesar de ello, para quienes no puedan asistir, el mismo d\u00eda 22 se informar\u00e1 sobre todos los proyectos y los pasos para poder votar, a trav\u00e9s de los canales del Ayuntamiento.<\/p>\n<p style=\"text-align:justify;border:none;border: none;\"><img decoding=\"async\" alt=\"\" src=\"https:\/\/www.europesays.com\/es\/wp-content\/uploads\/2026\/01\/Kartela Zubiberria.jpg\"\/><\/p>\n","protected":false},"excerpt":{"rendered":"Tal y como anunciaron en noviembre\u00a0la Agencia URA y el Ayuntamiento de Tolosa, la ciudana\u00eda podr\u00e1 votar qu\u00e9&hellip;\n","protected":false},"author":2,"featured_media":340923,"comment_status":"","ping_status":"","sticky":false,"template":"","format":"standard","meta":{"footnotes":""},"categories":[8],"tags":[17,18,25,24,13,14,11,19,20,9,10,15,16,23,12,21,22],"class_list":{"0":"post-340922","1":"post","2":"type-post","3":"status-publish","4":"format-standard","5":"has-post-thumbnail","7":"category-espana","8":"tag-breaking-news","9":"tag-breakingnews","10":"tag-es","11":"tag-espana","12":"tag-featured-news","13":"tag-featurednews","14":"tag-headlines","15":"tag-latest-news","16":"tag-latestnews","17":"tag-news","18":"tag-noticias","19":"tag-noticias-destacadas","20":"tag-noticiasdestacadas","21":"tag-spain","22":"tag-titulares","23":"tag-ultimas-noticias","24":"tag-ultimasnoticias"},"share_on_mastodon":{"url":"https:\/\/pubeurope.com\/@es\/115895473845012944","error":""},"_links":{"self":[{"href":"https:\/\/www.europesays.com\/es\/wp-json\/wp\/v2\/posts\/340922","targetHints":{"allow":["GET"]}}],"collection":[{"href":"https:\/\/www.europesays.com\/es\/wp-json\/wp\/v2\/posts"}],"about":[{"href":"https:\/\/www.europesays.com\/es\/wp-json\/wp\/v2\/types\/post"}],"author":[{"embeddable":true,"href":"https:\/\/www.europesays.com\/es\/wp-json\/wp\/v2\/users\/2"}],"replies":[{"embeddable":true,"href":"https:\/\/www.europesays.com\/es\/wp-json\/wp\/v2\/comments?post=340922"}],"version-history":[{"count":0,"href":"https:\/\/www.europesays.com\/es\/wp-json\/wp\/v2\/posts\/340922\/revisions"}],"wp:featuredmedia":[{"embeddable":true,"href":"https:\/\/www.europesays.com\/es\/wp-json\/wp\/v2\/media\/340923"}],"wp:attachment":[{"href":"https:\/\/www.europesays.com\/es\/wp-json\/wp\/v2\/media?parent=340922"}],"wp:term":[{"taxonomy":"category","embeddable":true,"href":"https:\/\/www.europesays.com\/es\/wp-json\/wp\/v2\/categories?post=340922"},{"taxonomy":"post_tag","embeddable":true,"href":"https:\/\/www.europesays.com\/es\/wp-json\/wp\/v2\/tags?post=340922"}],"curies":[{"name":"wp","href":"https:\/\/api.w.org\/{rel}","templated":true}]}}