{"id":340924,"date":"2026-01-14T21:02:12","date_gmt":"2026-01-14T21:02:12","guid":{"rendered":"https:\/\/www.europesays.com\/es\/340924\/"},"modified":"2026-01-14T21:02:12","modified_gmt":"2026-01-14T21:02:12","slug":"el-constitucional-asesta-otro-varapalo-al-pp-por-usar-la-mesa-de-la-asamblea-de-madrid-para-proteger-a-ayuso","status":"publish","type":"post","link":"https:\/\/www.europesays.com\/es\/340924\/","title":{"rendered":"El Constitucional asesta otro varapalo al PP por usar la Mesa de la Asamblea de Madrid para proteger a Ayuso"},"content":{"rendered":"<p class=\"article-text\">\n        El <a href=\"https:\/\/www.eldiario.es\/temas\/tribunal-constitucional\/\" target=\"_blank\" data-mrf-recirculation=\"links-noticia\" class=\"link\" rel=\"nofollow noopener\">Tribunal Constitucional<\/a> ha asestado un segundo varapalo al Partido Popular de <a href=\"https:\/\/www.eldiario.es\/temas\/isabel-diaz-ayuso\/\" target=\"_blank\" data-mrf-recirculation=\"links-noticia\" class=\"link\" rel=\"nofollow noopener\">Isabel D\u00edaz Ayuso<\/a> por usar la Mesa de la Asamblea de Madrid para <a href=\"https:\/\/www.eldiario.es\/politica\/asamblea-madrid-coto-privado-ayuso-2021_1_12661191.html\" target=\"_blank\" data-mrf-recirculation=\"links-noticia\" class=\"link\" rel=\"nofollow noopener\">proteger a la presidenta<\/a> de iniciativas inc\u00f3modas de la oposici\u00f3n. El pleno, con el voto en contra de dos magistrados, ha dado la raz\u00f3n a M\u00e1s Madrid en sus quejas sobre c\u00f3mo este organismo hab\u00eda bloqueado una decena de iniciativas \u2013desde preguntas parlamentarias hasta la creaci\u00f3n de comisiones de investigaci\u00f3n\u2013 relacionadas con las amenazas de Miguel \u00c1ngel Rodr\u00edguez a elDiario.es, la presencia del grupo Quir\u00f3n en la sanidad madrile\u00f1a o los contratos de emergencia durante la pandemia.\n    <\/p>\n<p>    <a href=\"https:\/\/www.eldiario.es\/politica\/asamblea-madrid-coto-privado-ayuso-2021_1_12661191.html\" data-mrf-recirculation=\"saber-mas\" data-dl-event=\"saber-mas\" rel=\"nofollow noopener\" target=\"_blank\"><\/p>\n<p class=\"know-more__title\">Asamblea de Madrid, un coto privado de Ayuso desde 2021<\/p>\n<p>            <img decoding=\"async\" class=\"lazy\" loading=\"lazy\" data-src=\"https:\/\/static.eldiario.es\/clip\/9810bb8d-a646-41d7-8093-83fb87174054_16-9-aspect-ratio_default_0.jpg\" src=\"data:image\/svg+xml,%3Csvg xmlns=\" http:=\"\" viewbox=\"0 0 880 495\" alt=\"Asamblea de Madrid, un coto privado de Ayuso desde 2021\"\/><\/p>\n<p>                        <\/a><\/p>\n<p class=\"article-text\">\n        La Mesa, que controla el PP a trav\u00e9s de su mayor\u00eda absoluta, ha actuado seg\u00fan el Constitucional \u201churtando la posibilidad, inherente a toda democracia deliberativa, de que se celebre un debate p\u00fablico entre las distintas fuerzas pol\u00edticas con representaci\u00f3n parlamentaria\u201d. Con ese bloqueo sistem\u00e1tico, razonan, los casos no llegaban nunca al pleno donde se podr\u00edan haber debatido. La Mesa no se detuvo en los \u201crequisitos formales\u201d <a href=\"https:\/\/www.eldiario.es\/madrid\/madrid-pide-asamblea-exija-destitucion-miguel-angel-rodriguez-amenazar-eldiario_1_11221126.html\" target=\"_blank\" data-mrf-recirculation=\"links-noticia\" class=\"link\" rel=\"nofollow noopener\">de las iniciativas de M\u00e1s Madrid<\/a>, sino que hizo \u201cun juicio discrecional de fondo sobre la oportunidad de la iniciativa para el que no est\u00e1 facultada, al ser una competencia del Pleno o de las comisiones correspondientes de la Asamblea decidir sobre ella\u201d.\n    <\/p>\n<p class=\"article-text\">\n        Se trata de la segunda decisi\u00f3n que el Tribunal Constitucional toma en este sentido esta semana. El lunes, <a href=\"https:\/\/www.eldiario.es\/madrid\/constitucional-tumba-veto-pp-ayuso-preguntas-asamblea-amenazas-miguel-angel-rodriguez_1_12902230.html\" target=\"_blank\" data-mrf-recirculation=\"links-noticia\" class=\"link\" rel=\"nofollow noopener\">tal y como adelant\u00f3 elDiario.es<\/a>, los seis magistrados de la sala segunda decretaron por unanimidad que la Mesa tambi\u00e9n hab\u00eda vulnerado los derechos pol\u00edticos de los diputados del PSOE al bloquear la tramitaci\u00f3n de preguntas e iniciativas relacionadas, sobre todo, <a href=\"https:\/\/www.eldiario.es\/madrid\/madrid-pide-asamblea-exija-destitucion-miguel-angel-rodriguez-amenazar-eldiario_1_11221126.html\" target=\"_blank\" data-mrf-recirculation=\"links-noticia\" class=\"link\" rel=\"nofollow noopener\">con Miguel \u00c1ngel Rodr\u00edguez y sus amenazas<\/a> a este peri\u00f3dico. Esta segunda decisi\u00f3n, ya del pleno, se ha adoptado con el voto en contra de los conservadores Enrique Arnaldo y Ricardo Enr\u00edquez.\n    <\/p>\n<p class=\"article-text\">\n        En este caso, el pleno entiende que la Mesa fue m\u00e1s all\u00e1 de sus funciones para, gracias a la mayor\u00eda absoluta del PP y a veces la abstenci\u00f3n de Vox, bloquear iniciativas parlamentarias de la oposici\u00f3n. \u201cExcede de la estricta facultad de control reglado que corresponde a la mesa de la c\u00e1mara, por realizar, bajo la apariencia del control del cumplimiento de un requisito material para el que s\u00ed est\u00e1 habilitada, un juicio discrecional sobre la oportunidad de la aprobaci\u00f3n de la iniciativa para el que no est\u00e1 facultada, al ser una competencia del Pleno de la Asamblea decidir sobre ella\u201d.\n    <\/p>\n<p class=\"article-text\">\n        Que en la Asamblea de Madrid ya exista una comisi\u00f3n para analizar contratos p\u00fablicos, a\u00f1ade el Constitucional, \u201cno es un argumento\u201d para que la Mesa tapone la posible creaci\u00f3n de otra que es \u201cde muy distinta naturaleza\u201d. Tampoco es un argumento, a\u00f1ade, que algunas de estas cuestiones se refieran a legislaturas anteriores.\n    <\/p>\n<p>    <a href=\"https:\/\/www.eldiario.es\/madrid\/constitucional-tumba-veto-pp-ayuso-preguntas-asamblea-amenazas-miguel-angel-rodriguez_1_12902230.html\" data-mrf-recirculation=\"saber-mas-abajo\" data-dl-event=\"saber-mas-abajo\" rel=\"nofollow noopener\" target=\"_blank\"><\/p>\n<p class=\"know-more__title\">El Constitucional tumba el veto del PP de Ayuso a las preguntas en la Asamblea por las amenazas de Miguel \u00c1ngel Rodr\u00edguez<\/p>\n<p>            <img decoding=\"async\" class=\"lazy\" loading=\"lazy\" data-src=\"https:\/\/static.eldiario.es\/clip\/48440d09-c11e-4b18-8f24-538bde4ce4e6_16-9-aspect-ratio_default_0_x1537y113.jpg\" src=\"data:image\/svg+xml,%3Csvg xmlns=\" http:=\"\" viewbox=\"0 0 880 495\" alt=\"El Constitucional tumba el veto del PP de Ayuso a las preguntas en la Asamblea por las amenazas de Miguel \u00c1ngel Rodr\u00edguez\"\/><\/p>\n<p>                        <\/a><\/p>\n<p class=\"article-text\">\n        Tambi\u00e9n critica el Constitucional que se bloquearan iniciativas para revisar el modelo sanitario madrile\u00f1o p\u00fablico-privado poniendo la lupa <a href=\"https:\/\/www.eldiario.es\/madrid\/gobierno-ayuso-aprueba-nuevos-pagos-millonarios-quiron-ribera-salud-gestion-hospitales-publicos_1_12871638.html\" target=\"_blank\" data-mrf-recirculation=\"links-noticia\" class=\"link\" rel=\"nofollow noopener\">sobre el grupo Quir\u00f3n<\/a>. Esas iniciativas tienen que ver, recuerda el pleno, con \u201cla eficiencia del modelo de gesti\u00f3n de la sanidad p\u00fablica de colaboraci\u00f3n p\u00fablico-privada y, por tanto, que su objeto no es una empresa privada o su actividad sino el debatir sobre un concreto modelo de gesti\u00f3n del servicio p\u00fablico sanitario\u201d.\n    <\/p>\n","protected":false},"excerpt":{"rendered":"El Tribunal Constitucional ha asestado un segundo varapalo al Partido Popular de Isabel D\u00edaz Ayuso por usar la&hellip;\n","protected":false},"author":2,"featured_media":340925,"comment_status":"","ping_status":"","sticky":false,"template":"","format":"standard","meta":{"footnotes":""},"categories":[5],"tags":[19345,38962,6984,17,18,9597,25,24,13,14,11,19,20,205,2570,9,10,15,16,956,9660,1566,23,12,21,22,30815],"class_list":{"0":"post-340924","1":"post","2":"type-post","3":"status-publish","4":"format-standard","5":"has-post-thumbnail","7":"category-titulares","8":"tag-asamblea","9":"tag-asesta","10":"tag-ayuso","11":"tag-breaking-news","12":"tag-breakingnews","13":"tag-constitucional","14":"tag-es","15":"tag-espana","16":"tag-featured-news","17":"tag-featurednews","18":"tag-headlines","19":"tag-latest-news","20":"tag-latestnews","21":"tag-madrid","22":"tag-mesa","23":"tag-news","24":"tag-noticias","25":"tag-noticias-destacadas","26":"tag-noticiasdestacadas","27":"tag-pp","28":"tag-proteger","29":"tag-segundo","30":"tag-spain","31":"tag-titulares","32":"tag-ultimas-noticias","33":"tag-ultimasnoticias","34":"tag-varapalo"},"share_on_mastodon":{"url":"https:\/\/pubeurope.com\/@es\/115895477392387002","error":""},"_links":{"self":[{"href":"https:\/\/www.europesays.com\/es\/wp-json\/wp\/v2\/posts\/340924","targetHints":{"allow":["GET"]}}],"collection":[{"href":"https:\/\/www.europesays.com\/es\/wp-json\/wp\/v2\/posts"}],"about":[{"href":"https:\/\/www.europesays.com\/es\/wp-json\/wp\/v2\/types\/post"}],"author":[{"embeddable":true,"href":"https:\/\/www.europesays.com\/es\/wp-json\/wp\/v2\/users\/2"}],"replies":[{"embeddable":true,"href":"https:\/\/www.europesays.com\/es\/wp-json\/wp\/v2\/comments?post=340924"}],"version-history":[{"count":0,"href":"https:\/\/www.europesays.com\/es\/wp-json\/wp\/v2\/posts\/340924\/revisions"}],"wp:featuredmedia":[{"embeddable":true,"href":"https:\/\/www.europesays.com\/es\/wp-json\/wp\/v2\/media\/340925"}],"wp:attachment":[{"href":"https:\/\/www.europesays.com\/es\/wp-json\/wp\/v2\/media?parent=340924"}],"wp:term":[{"taxonomy":"category","embeddable":true,"href":"https:\/\/www.europesays.com\/es\/wp-json\/wp\/v2\/categories?post=340924"},{"taxonomy":"post_tag","embeddable":true,"href":"https:\/\/www.europesays.com\/es\/wp-json\/wp\/v2\/tags?post=340924"}],"curies":[{"name":"wp","href":"https:\/\/api.w.org\/{rel}","templated":true}]}}