{"id":340936,"date":"2026-01-14T21:15:09","date_gmt":"2026-01-14T21:15:09","guid":{"rendered":"https:\/\/www.europesays.com\/es\/340936\/"},"modified":"2026-01-14T21:15:09","modified_gmt":"2026-01-14T21:15:09","slug":"manuel-carrasco-tajante-sobre-operacion-triunfo-nadie-sale-bien-del-todo-de-un-programa-asi","status":"publish","type":"post","link":"https:\/\/www.europesays.com\/es\/340936\/","title":{"rendered":"Manuel Carrasco, tajante sobre \u2018Operaci\u00f3n Triunfo\u2019: \u201cNadie sale bien del todo de un programa as\u00ed\u201d"},"content":{"rendered":"<p class=\"\"><b>\u2018Operaci\u00f3n Triunfo\u2019<\/b> se ha convertido en la \u2018cantera\u2019 de la m\u00fasica en Espa\u00f1a. La Academia ha dado a artistas tan reconocidos como David Bisbal, Chenoa, Rosa L\u00f3pez, David Bustamante, Aitana, Amaia, o Manuel Carrasco, entre otros muchos.<\/p>\n<p class=\"\">Unos artistas que recuerdan con cari\u00f1o su paso por el programa, aunque el \u00faltimo de ellos ha admitido haber sufrido mucho. Carrasco, en el estreno de la nueva temporada de<b> \u2018Lo de \u00c9vole\u2019<\/b>.<\/p>\n<p class=\"\">El famoso cantante se convirti\u00f3 en <b>toda una estrella tras pasar por \u2018Operaci\u00f3n Triunfo 2\u2032, y \u201caunque fue duro\u201d, aprendi\u00f3 \u201cmucho de la vivencia\u201d<\/b>. Tajante, tambi\u00e9n ha admitido que <b>\u201cnadie que sale de un programa as\u00ed sale bien del todo\u201d<\/b>.<\/p>\n<p class=\"\">Manuel Carrasco, adem\u00e1s, se ha mostrado cr\u00edtico con los contratos que firm\u00f3 al salir del programa que por entonces se emit\u00eda en La 1 de TVE, y es que <b>\u201cla mitad de los derechos\u201d de sus \u201cprimeras canciones y discos\u201d no eran suyos, pese a que \u00e9l era \u201cel autor completo\u201d<\/b>.<\/p>\n<p class=\"\">Es por ello que, en plena entrevista, ha reconocido que <b>\u201cno volver\u00eda a \u2018OT\u2019\u201d<\/b>, y es que despu\u00e9s de salir pens\u00f3 que estaba fracasando: \u201cTodos cant\u00e1bamos para 10.000 personas. Pero al primer concierto que hice en mi vida como solista vinieron 300 personas. <b>Me mor\u00eda un poco porque pensaba \u2018qu\u00e9 r\u00e1pido estoy fracasando\u2019. Ten\u00eda mucho miedo de volver a casa siendo un fracasado<\/b>. Despu\u00e9s de \u2018OT\u2019, comenc\u00e9 a tocar en bares. <b>Pas\u00e9 de arriba a abajo y empec\u00e9 de cero<\/b>\u201d.<\/p>\n<p class=\"\">Eso s\u00ed, no ve su paso por la Academia como algo negativo, tal y como reconoci\u00f3 este martes en \u2018Y ahora Sonsoles\u2019: \u201c<b>Nadie est\u00e1 preparado para un cambio de vida tan fuerte<\/b>. Dentro de la inseguridad que ten\u00eda en esa \u00e9poca, lo pas\u00e9 fatal. Pasado el tiempo, quiz\u00e1s no hubiera pasado por ah\u00ed. Quiz\u00e1s hubiera cogido otro camino si hubiese sido posible, pero fue el que fue\u201d.<\/p>\n<p>Noticias relacionadas<a href=\"https:\/\/as.com\/tikitakas\/naiara-sobre-la-supuesta-maldicion-del-ganador-de-operacion-triunfo-yo-lo-llamo-bendicion-f202601-n\/\" class=\"s_m_w\" title=\"La vencedora de la edici\u00f3n de 2023 se confiesa sobre el retraso en la fecha de salida de su \u00e1lbum y su paso por el concurso musical.\" data-tb-link=\"\" rel=\"nofollow noopener\" target=\"_blank\"><img decoding=\"async\" src=\"https:\/\/www.europesays.com\/es\/wp-content\/uploads\/2026\/01\/3U6PAFZS3VAIVGDQXYYI6VZAAA.png\" alt=\"Naiara, sobre la supuesta maldici\u00f3n del ganador de \u2018Operaci\u00f3n Triunfo\u2019: \u201cYo lo llamo bendici\u00f3n\u201d\" class=\"\" height=\"9\" width=\"16\"   loading=\"lazy\" data-tb-thumbnail=\"\"\/><\/a><a href=\"https:\/\/as.com\/tikitakas\/television\/una-exconcursante-de-operacion-triunfo-carga-duramente-contra-el-formato-me-senti-utilizada-f202601-n\/\" class=\"s_m_w\" title=\"Enna Navarro, la primera expulsada de la edici\u00f3n de 2006, recuerda su agridulce paso por el programa de Getmusic: \u201cEra la sorda de \u2018OT\u2019\u201d.\" data-tb-link=\"\" rel=\"nofollow noopener\" target=\"_blank\"><img decoding=\"async\" src=\"https:\/\/www.europesays.com\/es\/wp-content\/uploads\/2026\/01\/1768425309_251_QH5PNIKWQ5GUZH73YCN5ZFE56A.png\" alt=\"Una exconcursante de \u2018Operaci\u00f3n Triunfo\u2019 carga duramente contra el formato: \u201cMe sent\u00ed utilizada\u201d\" class=\"\" height=\"9\" width=\"16\"   loading=\"lazy\" data-tb-thumbnail=\"\"\/><\/a><\/p>\n<p class=\"\">\u201c<b>Aprend\u00ed much\u00edsimo y he escrito una historia maravillosa con el p\u00fablico<\/b>. Si eres un t\u00edo que mira las cosas desde un lado positivo, fue una de las mayores experiencias de mi vida porque pude crecer como persona y como artista. Todos los fracasos que tuve tras ese punto tan medi\u00e1tico me sirvieron para hacer una carrera como la que tengo hoy en d\u00eda, basada en unos cimientos fuertes y reales\u201d, ha a\u00f1adido.<\/p>\n<p class=\"\"><b>\u00a1Tus opiniones importan!<\/b> Comenta en los art\u00edculos y suscr\u00edbete gratis a nuestra <a href=\"https:\/\/asfan.as.com\/newsletters\/\" target=\"_blank\" rel=\"nofollow noopener\" title=\"https:\/\/asfan.as.com\/newsletters\/\">newsletter<\/a> y a las alertas informativas en la <a href=\"https:\/\/as.com\/aplicacion-de-as-n\/\" target=\"_blank\" rel=\"nofollow noopener\" title=\"https:\/\/as.com\/aplicacion-de-as-n\/\">App<\/a> o el canal de <a href=\"https:\/\/www.whatsapp.com\/channel\/0029VaAasdA7j6g745nz9M10\" target=\"_blank\" rel=\"nofollow noopener\" title=\"https:\/\/www.whatsapp.com\/channel\/0029VaAasdA7j6g745nz9M10\">WhatsApp<\/a>. \u00bfBuscas licenciar contenido? Haz clic <a href=\"https:\/\/profesional.elpais.com\/landing-sindicacion?utm_medium=interno&amp;utm_source=crosslinking&amp;utm_campaign=sindicacion_as_pie_articulos\" target=\"_blank\" rel=\"nofollow noopener\" title=\"https:\/\/profesional.elpais.com\/landing-sindicacion?utm_medium=interno&amp;utm_source=crosslinking&amp;utm_campaign=sindicacion_as_pie_articulos\">aqu\u00ed<\/a><\/p>\n","protected":false},"excerpt":{"rendered":"\u2018Operaci\u00f3n Triunfo\u2019 se ha convertido en la \u2018cantera\u2019 de la m\u00fasica en Espa\u00f1a. La Academia ha dado a&hellip;\n","protected":false},"author":2,"featured_media":340937,"comment_status":"","ping_status":"","sticky":false,"template":"","format":"standard","meta":{"footnotes":""},"categories":[171],"tags":[146,147,25,24,23,214],"class_list":{"0":"post-340936","1":"post","2":"type-post","3":"status-publish","4":"format-standard","5":"has-post-thumbnail","7":"category-tv","8":"tag-entertainment","9":"tag-entretenimiento","10":"tag-es","11":"tag-espana","12":"tag-spain","13":"tag-tv"},"share_on_mastodon":{"url":"https:\/\/pubeurope.com\/@es\/115895528566398415","error":""},"_links":{"self":[{"href":"https:\/\/www.europesays.com\/es\/wp-json\/wp\/v2\/posts\/340936","targetHints":{"allow":["GET"]}}],"collection":[{"href":"https:\/\/www.europesays.com\/es\/wp-json\/wp\/v2\/posts"}],"about":[{"href":"https:\/\/www.europesays.com\/es\/wp-json\/wp\/v2\/types\/post"}],"author":[{"embeddable":true,"href":"https:\/\/www.europesays.com\/es\/wp-json\/wp\/v2\/users\/2"}],"replies":[{"embeddable":true,"href":"https:\/\/www.europesays.com\/es\/wp-json\/wp\/v2\/comments?post=340936"}],"version-history":[{"count":0,"href":"https:\/\/www.europesays.com\/es\/wp-json\/wp\/v2\/posts\/340936\/revisions"}],"wp:featuredmedia":[{"embeddable":true,"href":"https:\/\/www.europesays.com\/es\/wp-json\/wp\/v2\/media\/340937"}],"wp:attachment":[{"href":"https:\/\/www.europesays.com\/es\/wp-json\/wp\/v2\/media?parent=340936"}],"wp:term":[{"taxonomy":"category","embeddable":true,"href":"https:\/\/www.europesays.com\/es\/wp-json\/wp\/v2\/categories?post=340936"},{"taxonomy":"post_tag","embeddable":true,"href":"https:\/\/www.europesays.com\/es\/wp-json\/wp\/v2\/tags?post=340936"}],"curies":[{"name":"wp","href":"https:\/\/api.w.org\/{rel}","templated":true}]}}