{"id":340938,"date":"2026-01-14T21:16:10","date_gmt":"2026-01-14T21:16:10","guid":{"rendered":"https:\/\/www.europesays.com\/es\/340938\/"},"modified":"2026-01-14T21:16:10","modified_gmt":"2026-01-14T21:16:10","slug":"blanca-paloma-consigue-su-primera-nominacion-a-los-goya-por-su-cancion-caminar-el-tiempo","status":"publish","type":"post","link":"https:\/\/www.europesays.com\/es\/340938\/","title":{"rendered":"Blanca Paloma consigue su primera nominaci\u00f3n a los Goya por su canci\u00f3n \u201cCaminar el Tiempo\u201d"},"content":{"rendered":"<p>La cantante ilicitana Banca Paloma, est\u00e1 en la lista de los nominados este a\u00f1o a los premios Goya por su canci\u00f3n \u201cCaminar\u00a0 el tiempo\u201d de la pel\u00edcula Parecido a un asesinato. La canci\u00f3n forma parte de la Banda sonora de esta pel\u00edcula espa\u00f1ola, est\u00e1 interpretada por Blanca Paloma quien la compuso junto a Luis Ivars y Jos\u00e9 Pablo Polo. <\/p>\n<p>Ayer se dieron a conocer las nominaciones y su nombre se encuentra entre los nominados a conseguir el Goya a la mejor canci\u00f3n original, compitiendo con Leiva, Silvia Perez Cruz y Alba Flores, Victor Manuel y Paloma Pe\u00f1arrubia.\u00a0 Ayer, nuestra compa\u00f1era entrevistaba a la artista ilicitana, Blanca Paloma, en su programa Lo que Interesa. Hizo un balance de su paso por Eurovisi\u00f3n en 2023\u00a0 y habl\u00f3 de su nuevo \u00e1lbum. La cantante est\u00e1 ya preparando su gira con la ciudad de Elche como principal foco.<\/p>\n<p>El \u00e1lbum en el que est\u00e1 trabajando llevar\u00e1 la trenza como s\u00edmbolo. Con ella pretende desprenderse de la historia de luces y sombras que ha ido trenzando a lo largo de su vida. Tambi\u00e9n rompe con los tres cabos de dicha trenza que simulan la ra\u00edz, la electr\u00f3nica y el pop.<\/p>\n","protected":false},"excerpt":{"rendered":"La cantante ilicitana Banca Paloma, est\u00e1 en la lista de los nominados este a\u00f1o a los premios Goya&hellip;\n","protected":false},"author":2,"featured_media":340939,"comment_status":"","ping_status":"","sticky":false,"template":"","format":"standard","meta":{"footnotes":""},"categories":[170],"tags":[146,147,25,24,184,185,23],"class_list":{"0":"post-340938","1":"post","2":"type-post","3":"status-publish","4":"format-standard","5":"has-post-thumbnail","7":"category-musica","8":"tag-entertainment","9":"tag-entretenimiento","10":"tag-es","11":"tag-espana","12":"tag-music","13":"tag-musica","14":"tag-spain"},"share_on_mastodon":{"url":"https:\/\/pubeurope.com\/@es\/115895533036389689","error":""},"_links":{"self":[{"href":"https:\/\/www.europesays.com\/es\/wp-json\/wp\/v2\/posts\/340938","targetHints":{"allow":["GET"]}}],"collection":[{"href":"https:\/\/www.europesays.com\/es\/wp-json\/wp\/v2\/posts"}],"about":[{"href":"https:\/\/www.europesays.com\/es\/wp-json\/wp\/v2\/types\/post"}],"author":[{"embeddable":true,"href":"https:\/\/www.europesays.com\/es\/wp-json\/wp\/v2\/users\/2"}],"replies":[{"embeddable":true,"href":"https:\/\/www.europesays.com\/es\/wp-json\/wp\/v2\/comments?post=340938"}],"version-history":[{"count":0,"href":"https:\/\/www.europesays.com\/es\/wp-json\/wp\/v2\/posts\/340938\/revisions"}],"wp:featuredmedia":[{"embeddable":true,"href":"https:\/\/www.europesays.com\/es\/wp-json\/wp\/v2\/media\/340939"}],"wp:attachment":[{"href":"https:\/\/www.europesays.com\/es\/wp-json\/wp\/v2\/media?parent=340938"}],"wp:term":[{"taxonomy":"category","embeddable":true,"href":"https:\/\/www.europesays.com\/es\/wp-json\/wp\/v2\/categories?post=340938"},{"taxonomy":"post_tag","embeddable":true,"href":"https:\/\/www.europesays.com\/es\/wp-json\/wp\/v2\/tags?post=340938"}],"curies":[{"name":"wp","href":"https:\/\/api.w.org\/{rel}","templated":true}]}}