{"id":340946,"date":"2026-01-14T21:20:08","date_gmt":"2026-01-14T21:20:08","guid":{"rendered":"https:\/\/www.europesays.com\/es\/340946\/"},"modified":"2026-01-14T21:20:08","modified_gmt":"2026-01-14T21:20:08","slug":"su-decoracion-la-zona-estrella-y-vistas-de-lujo","status":"publish","type":"post","link":"https:\/\/www.europesays.com\/es\/340946\/","title":{"rendered":"su decoraci\u00f3n, la zona estrella y vistas de lujo"},"content":{"rendered":"\n<ul class=\"bodyList bodyList--unordered\">\n<li class=\"bodyList__item\"><a href=\"https:\/\/www.vanitatis.elconfidencial.com\/famosos\/2026-01-13\/alba-carrillo-casa-pueblo-avila-decoracion-cocina_4186186\/\" target=\"_self\" rel=\"nofollow noopener\">As\u00ed es la casa de Alba Carrillo en un peque\u00f1o pueblo de \u00c1vila: una moderna cocina, una jirafa en la escalera y llena de recuerdos<\/a><\/li>\n<li class=\"bodyList__item\"><a href=\"https:\/\/profile.google.com\/cp\/Cg0vZy8xMXhsazQyaHcw\" target=\"_blank\" rel=\"nofollow noopener\">Sigue a Vanitatis en Google para enterarte de todas las noticias<\/a><\/li>\n<\/ul>\n<p> De su infancia en M\u00e1laga a sus primeros \u00e9xitos como actor en Madrid, su casa en Londres, <a href=\"https:\/\/www.vanitatis.elconfidencial.com\/celebrities\/2015-04-24\/antonio-banderas-y-melanie-griffith-venden-su-mansion-de-los-angeles-por-16-millones_777316\/\" target=\"_self\" rel=\"nofollow noopener\">la mansi\u00f3n en Los \u00c1ngeles que comparti\u00f3 con su exmujer<\/a>, Melanie Griffith y su <a href=\"https:\/\/www.vanitatis.elconfidencial.com\/celebrities\/2019-03-22\/vida-melanie-griffith-antonio-banderas-venta_1897794\/\" target=\"_self\" rel=\"nofollow noopener\">lujosa caba\u00f1a en Aspen, Colorado;<\/a> Antonio Banderas ha vivido en numerosas propiedades y ciudades. Sin embargo, cerrando un emotivo c\u00edrculo, su ciudad natal se ha convertido de nuevo en su hogar. <\/p>\n<p> As\u00ed, aunque <a href=\"https:\/\/www.vanitatis.elconfidencial.com\/famosos\/2025-04-07\/antonio-banderas-casa-malaga-madrid-deco-precio_4103244\/\" target=\"_self\" rel=\"nofollow noopener\">cuenta con otro piso en el centro de Madrid,<\/a> y m\u00e1s all\u00e1 de sus viajes de trabajo, la ciudad andaluza se ha convertido en su epicentro. Al lado de su pareja, <strong>Nicole Kimpel, ambos residen en una espectacular vivienda<\/strong> en el casco hist\u00f3rico de M\u00e1laga. Una propiedad de la que hemos podido ver diferentes im\u00e1genes en las redes sociales. <\/p>\n<blockquote class=\"instagram-media\" data-instgrm-permalink=\"https:\/\/www.instagram.com\/p\/DEAV-HWglC-\/?utm_source=ig_embed&amp;utm_campaign=loading\" data-instgrm-version=\"14\" style=\" background:#FFF; border:0; border-radius:3px; box-shadow:0 0 1px 0 rgba(0,0,0,0.5),0 1px 10px 0 rgba(0,0,0,0.15); margin: 1px; max-width:540px; min-width:326px; padding:0; width:99.375%; width:-webkit-calc(100% - 2px); width:calc(100% - 2px);\"\/>\n<p> Se trata de<strong> un \u00e1tico de 500\u202fm\u00b2 en la plaza del Zegri,<\/strong> con dos plantas y una gran terraza que ofrece una espectacular vista sobre M\u00e1laga, incluyendo la Alcazaba, el Gibralfaro, el Teatro Romano, el Museo Picasso o la Catedral malague\u00f1a. Respecto al interior,<a href=\"https:\/\/www.vanitatis.elconfidencial.com\/famosos\/2021-01-05\/antonio-banderas-malaga-atico-casa-verano-marbella_2894467\/\" target=\"_self\" rel=\"nofollow noopener\"> las piezas estrella son las obras de arte<\/a> que ha ido coleccionando el actor, como ya desvelamos en Vanitatis. <\/p>\n<blockquote class=\"instagram-media\" data-instgrm-permalink=\"https:\/\/www.instagram.com\/p\/DR1cSGijOHO\/?utm_source=ig_embed&amp;utm_campaign=loading\" data-instgrm-version=\"14\" style=\" background:#FFF; border:0; border-radius:3px; box-shadow:0 0 1px 0 rgba(0,0,0,0.5),0 1px 10px 0 rgba(0,0,0,0.15); margin: 1px; max-width:540px; min-width:326px; padding:0; width:99.375%; width:-webkit-calc(100% - 2px); width:calc(100% - 2px);\"\/>\n<p> As\u00ed, se pueden ver obras de arte moderno, como<strong> esculturas de Chema Lumbreras<\/strong> o el cuadro &#8216;Untitled (Antonio)&#8217; de Julian Schnabel. Adem\u00e1s de recuerdos de las numerosas pel\u00edculas que ha protagonizado el actor. Con ascensor privado para conectar los dos pisos que ocupa la vivienda, este hogar data de los a\u00f1os 50, y<strong> fue completamente restaurado<\/strong> tras la adquisici\u00f3n de Antonio Banderas. <\/p>\n<blockquote class=\"instagram-media\" data-instgrm-permalink=\"https:\/\/www.instagram.com\/p\/DKkEdAUIloG\/?utm_source=ig_embed&amp;utm_campaign=loading\" data-instgrm-version=\"14\" style=\" background:#FFF; border:0; border-radius:3px; box-shadow:0 0 1px 0 rgba(0,0,0,0.5),0 1px 10px 0 rgba(0,0,0,0.15); margin: 1px; max-width:540px; min-width:326px; padding:0; width:99.375%; width:-webkit-calc(100% - 2px); width:calc(100% - 2px);\"\/>\n<p> De hecho, se derribaron gran parte de los muros para <strong>lograr espacios amplios, abiertos y luminosos<\/strong>, con predominio de paredes claras, suelos de microcemento y est\u00e9tica moderna. Aunque si tenemos que hablar de la zona estrella de esta vivienda, tenemos que ascender a su espectacular azotea. Un espacio<strong> desde donde se ve \u00abtoda M\u00e1laga\u00bb,<\/strong> como el mismo mostraba orgulloso al peri\u00f3dico &#8216;SUR&#8217;. <\/p>\n<blockquote class=\"instagram-media\" data-instgrm-permalink=\"https:\/\/www.instagram.com\/p\/C8rlp89o1wB\/?utm_source=ig_embed&amp;utm_campaign=loading\" data-instgrm-version=\"14\" style=\" background:#FFF; border:0; border-radius:3px; box-shadow:0 0 1px 0 rgba(0,0,0,0.5),0 1px 10px 0 rgba(0,0,0,0.15); margin: 1px; max-width:540px; min-width:326px; padding:0; width:99.375%; width:-webkit-calc(100% - 2px); width:calc(100% - 2px);\"\/>\n<p> Aunque no solo se ve, sino que tambi\u00e9n se siente, ya que <strong>toda su decoraci\u00f3n est\u00e1 centrada en homenajear a la ciudad.<\/strong> As\u00ed, adem\u00e1s de una piscina, encontramos zona de descanso con p\u00e9rgolas inspiradas en el Palmeral del Puerto de M\u00e1laga. A lo que sumar <strong>una barra que evoca la barra de Antigua Casa de Guardia, <\/strong>establecimiento m\u00edtico, una silueta de<strong> King Kong subido a la torre del edificio La Equitativa<\/strong>, una decoraci\u00f3n en honor de un antiguo cine malague\u00f1o o un poema de Manolo Alc\u00e1ntara escrito en sus paredes. <\/p>\n<p> Una decoraci\u00f3n donde tampoco falta <strong>una pieza estrella, la famosa paloma de Pablo Picasso<\/strong>, todo un s\u00edmbolo del artista malague\u00f1o. Sin cifras oficiales, a tenor de los precios que se manejan en portales inmobiliarios para esta zona,<strong> podr\u00eda rondar los dos millones de euros.<\/strong> A lo que a\u00f1adir que su terraza es un lujo extra, que no es f\u00e1cil de encontrar. <\/p>\n<p>         <script async src=\"\/\/www.instagram.com\/embed.js\"><\/script><\/p>\n","protected":false},"excerpt":{"rendered":"As\u00ed es la casa de Alba Carrillo en un peque\u00f1o pueblo de \u00c1vila: una moderna cocina, una jirafa&hellip;\n","protected":false},"author":2,"featured_media":340947,"comment_status":"","ping_status":"","sticky":false,"template":"","format":"standard","meta":{"footnotes":""},"categories":[91],"tags":[146,147,25,24,23],"class_list":{"0":"post-340946","1":"post","2":"type-post","3":"status-publish","4":"format-standard","5":"has-post-thumbnail","7":"category-entretenimiento","8":"tag-entertainment","9":"tag-entretenimiento","10":"tag-es","11":"tag-espana","12":"tag-spain"},"share_on_mastodon":{"url":"https:\/\/pubeurope.com\/@es\/115895548299454747","error":""},"_links":{"self":[{"href":"https:\/\/www.europesays.com\/es\/wp-json\/wp\/v2\/posts\/340946","targetHints":{"allow":["GET"]}}],"collection":[{"href":"https:\/\/www.europesays.com\/es\/wp-json\/wp\/v2\/posts"}],"about":[{"href":"https:\/\/www.europesays.com\/es\/wp-json\/wp\/v2\/types\/post"}],"author":[{"embeddable":true,"href":"https:\/\/www.europesays.com\/es\/wp-json\/wp\/v2\/users\/2"}],"replies":[{"embeddable":true,"href":"https:\/\/www.europesays.com\/es\/wp-json\/wp\/v2\/comments?post=340946"}],"version-history":[{"count":0,"href":"https:\/\/www.europesays.com\/es\/wp-json\/wp\/v2\/posts\/340946\/revisions"}],"wp:featuredmedia":[{"embeddable":true,"href":"https:\/\/www.europesays.com\/es\/wp-json\/wp\/v2\/media\/340947"}],"wp:attachment":[{"href":"https:\/\/www.europesays.com\/es\/wp-json\/wp\/v2\/media?parent=340946"}],"wp:term":[{"taxonomy":"category","embeddable":true,"href":"https:\/\/www.europesays.com\/es\/wp-json\/wp\/v2\/categories?post=340946"},{"taxonomy":"post_tag","embeddable":true,"href":"https:\/\/www.europesays.com\/es\/wp-json\/wp\/v2\/tags?post=340946"}],"curies":[{"name":"wp","href":"https:\/\/api.w.org\/{rel}","templated":true}]}}