{"id":340955,"date":"2026-01-14T21:25:12","date_gmt":"2026-01-14T21:25:12","guid":{"rendered":"https:\/\/www.europesays.com\/es\/340955\/"},"modified":"2026-01-14T21:25:12","modified_gmt":"2026-01-14T21:25:12","slug":"el-gobierno-incluira-a-madrid-en-una-candidatura-conjunta-con-cataluna-para-la-gigafactoria-europea-de-ia","status":"publish","type":"post","link":"https:\/\/www.europesays.com\/es\/340955\/","title":{"rendered":"El Gobierno incluir\u00e1 a Madrid en una candidatura conjunta con Catalu\u00f1a para la gigafactor\u00eda europea de IA"},"content":{"rendered":"<p class=\"main-image\">&#13; <img decoding=\"async\" alt=\"El ministro para la Transformaci\u00f3n Digital y de la Funci\u00f3n P\u00fablica, \u00d3scar L\u00f3pez, conversa con los asistentes al foro \" title=\"El ministro para la Transformaci\u00f3n Digital y de la Funci\u00f3n P\u00fablica, \u00d3scar L\u00f3pez, conversa con los asistentes al foro \" src=\"https:\/\/www.europesays.com\/es\/wp-content\/uploads\/2026\/01\/140126-oscar-lopez.jpg\"\/>&#13;El ministro para la Transformaci\u00f3n Digital y de la Funci\u00f3n P\u00fablica, \u00d3scar L\u00f3pez, conversa con los asistentes al foro de inversi\u00f3n internacional Spain Investors Day.&#13;&#13;<\/p>\n<p>\u00d3scar L\u00f3pez ha anunciado que el Gobierno de Espa\u00f1a incluir\u00e1 a Madrid, junto a Catalu\u00f1a, en la propuesta espa\u00f1ola que impulsa el Ejecutivo, junto a otros importantes actores privados, para optar a una de las futuras gigafactor\u00edas de inteligencia artificial de la Uni\u00f3n Europea.<\/p>\n<p>\u00abMe complace anunciar que el Gobierno de Espa\u00f1a incluir\u00e1 a Madrid junto con Catalu\u00f1a para construir una candidatura s\u00f3lida para la pr\u00f3xima generaci\u00f3n de Gigafactor\u00edas de IA de Europa. En tiempos de divisi\u00f3n intencionada, este t\u00e1ndem territorial demuestra nuestra voluntad de convertir a Espa\u00f1a en un campe\u00f3n imparable de la IA dentro de la Uni\u00f3n Europea.\u00bb, ha confirmado durante su intervenci\u00f3n en el foro de inversi\u00f3n internacional Spain Investors Day que se celebra en Madrid. Con esta iniciativa, Espa\u00f1a busca posicionarse como uno de los centros neur\u00e1lgicos del ecosistema europeo de inteligencia artificial, combinando capital p\u00fablico-privado, capacidad industrial, talento tecnol\u00f3gico y una apuesta decidida por la soberan\u00eda digital.<\/p>\n<p>\u00abLa inversi\u00f3n p\u00fablico-privada conjunta podr\u00eda superar los 4.000 millones de euros para hacer realidad esta gigafactor\u00eda. Estoy convencido de que Espa\u00f1a lo conseguir\u00e1 y se convertir\u00e1 en sede de una de las primeras gigafactor\u00edas de Europa porque estamos llenos de visi\u00f3n y ambici\u00f3n.\u00bb, ha defendido \u00d3scar L\u00f3pez.<\/p>\n<p>Esta financiaci\u00f3n se pondr\u00e1 en marcha a trav\u00e9s de un consorcio p\u00fablico-privado en el que participa, entre otras, la Sociedad Espa\u00f1ola para la Transformaci\u00f3n Tecnol\u00f3gica (SETT), organismo p\u00fablico dependiente del Ministerio de Transformaci\u00f3n Digital y de la Funci\u00f3n P\u00fablica.<\/p>\n<p>De esta forma, a la ubicaci\u00f3n ya decidida de la localidad de M\u00f3ra la Nova, en Tarragona, se suma el municipio madrile\u00f1o de San Fernando de Henares para el proyecto que presentar\u00e1 el Ejecutivo al concurso que la Comisi\u00f3n Europea tiene previsto lanzar pr\u00f3ximamente para elegir, al menos, cuatro instalaciones en distintos Estados miembros. Las gigafactor\u00edas seleccionadas deber\u00e1n estar operativas entre 2027 y 2028 y podr\u00e1n acceder a financiaci\u00f3n comunitaria.<\/p>\n<p>Las gigafactor\u00edas de IA son un proyecto emblem\u00e1tico impulsado por la Comisi\u00f3n Europea para dotar al continente de una infraestructura estrat\u00e9gica que refuerce su autonom\u00eda tecnol\u00f3gica y posicione a la UE al frente del desarrollo de capacidades de IA soberana, sostenible y de alto rendimiento.<\/p>\n<p>Estas infraestructuras son instalaciones a gran escala dedicadas al desarrollo y entrenamiento de modelos de IA de pr\u00f3xima generaci\u00f3n que contienen billones de par\u00e1metros. Para lograrlo, re\u00fanen una potencia inform\u00e1tica de m\u00e1s de cien mil procesadores avanzados de IA, con especial hincapi\u00e9 en la capacidad energ\u00e9tica, las cadenas de suministro fiables, las redes avanzadas, la eficiencia energ\u00e9tica y la automatizaci\u00f3n impulsada por inteligencia artificial.<\/p>\n<p>Plan de Acci\u00f3n del Continente de IA<\/p>\n<p>Las futuras gigafactor\u00edas de IA se enmarcan en el anuncio que hizo la presidenta de la Comisi\u00f3n Europea, Ursula Von der Layen, con ocasi\u00f3n de la Cumbre de Par\u00eds sobre Inteligencia Artificial de enero de 2025, cuando anunci\u00f3 la creaci\u00f3n la iniciativa InvestAI, un programa que espera movilizar hasta 200.000 millones de euros para IA. Est\u00e1 previsto que Bruselas lance a principios de este a\u00f1o una convocatoria para establecer, al menos, cuatro gigafactor\u00edas de IA en distintos Estados miembros.<\/p>\n<p>Se pretende as\u00ed convertir a Europa en l\u00edder mundial en inteligencia artificial. En concreto, la estrategia apunta a cinco pilares fundamentales entre los que figura la creaci\u00f3n de infraestructuras de computaci\u00f3n (f\u00e1bricas de IA), centros para entrenar y perfeccionar modelos de IA, habiendo ya diecinueve adjudicadas, as\u00ed como los destinados a modelos complejos, triplicando la capacidad de los centros de datos (gigaf\u00e1bricas de IA).<\/p>\n<p>Adem\u00e1s, el plan contempla la mejora del acceso a datos, el desarrollo de talento en inteligencia artificial, la adopci\u00f3n de la IA en sectores clave como el de la salud o el de industria, as\u00ed como la simplificaci\u00f3n de la regulaci\u00f3n para fomentar la confianza. Todo ello, acompa\u00f1ado de inversiones masivas y de la creaci\u00f3n de ecosistemas motores de innovaci\u00f3n y de soberan\u00eda digital europea.<\/p>\n","protected":false},"excerpt":{"rendered":"&#13; &#13;El ministro para la Transformaci\u00f3n Digital y de la Funci\u00f3n P\u00fablica, \u00d3scar L\u00f3pez, conversa con los asistentes&hellip;\n","protected":false},"author":2,"featured_media":340956,"comment_status":"","ping_status":"","sticky":false,"template":"","format":"standard","meta":{"footnotes":""},"categories":[5],"tags":[517,17,18,25,24,13,14,11,19,20,9,10,15,16,2330,23,12,60929,21,22],"class_list":{"0":"post-340955","1":"post","2":"type-post","3":"status-publish","4":"format-standard","5":"has-post-thumbnail","7":"category-titulares","8":"tag-actualidad","9":"tag-breaking-news","10":"tag-breakingnews","11":"tag-es","12":"tag-espana","13":"tag-featured-news","14":"tag-featurednews","15":"tag-headlines","16":"tag-latest-news","17":"tag-latestnews","18":"tag-news","19":"tag-noticias","20":"tag-noticias-destacadas","21":"tag-noticiasdestacadas","22":"tag-prensa","23":"tag-spain","24":"tag-titulares","25":"tag-transformacion-digital-y-funcion-publica","26":"tag-ultimas-noticias","27":"tag-ultimasnoticias"},"share_on_mastodon":{"url":"https:\/\/pubeurope.com\/@es\/115895567851851946","error":""},"_links":{"self":[{"href":"https:\/\/www.europesays.com\/es\/wp-json\/wp\/v2\/posts\/340955","targetHints":{"allow":["GET"]}}],"collection":[{"href":"https:\/\/www.europesays.com\/es\/wp-json\/wp\/v2\/posts"}],"about":[{"href":"https:\/\/www.europesays.com\/es\/wp-json\/wp\/v2\/types\/post"}],"author":[{"embeddable":true,"href":"https:\/\/www.europesays.com\/es\/wp-json\/wp\/v2\/users\/2"}],"replies":[{"embeddable":true,"href":"https:\/\/www.europesays.com\/es\/wp-json\/wp\/v2\/comments?post=340955"}],"version-history":[{"count":0,"href":"https:\/\/www.europesays.com\/es\/wp-json\/wp\/v2\/posts\/340955\/revisions"}],"wp:featuredmedia":[{"embeddable":true,"href":"https:\/\/www.europesays.com\/es\/wp-json\/wp\/v2\/media\/340956"}],"wp:attachment":[{"href":"https:\/\/www.europesays.com\/es\/wp-json\/wp\/v2\/media?parent=340955"}],"wp:term":[{"taxonomy":"category","embeddable":true,"href":"https:\/\/www.europesays.com\/es\/wp-json\/wp\/v2\/categories?post=340955"},{"taxonomy":"post_tag","embeddable":true,"href":"https:\/\/www.europesays.com\/es\/wp-json\/wp\/v2\/tags?post=340955"}],"curies":[{"name":"wp","href":"https:\/\/api.w.org\/{rel}","templated":true}]}}