{"id":340999,"date":"2026-01-14T22:01:12","date_gmt":"2026-01-14T22:01:12","guid":{"rendered":"https:\/\/www.europesays.com\/es\/340999\/"},"modified":"2026-01-14T22:01:12","modified_gmt":"2026-01-14T22:01:12","slug":"maria-fernandez-encara-su-conversacion-pendiente-con-carlo","status":"publish","type":"post","link":"https:\/\/www.europesays.com\/es\/340999\/","title":{"rendered":"Mar\u00eda Fern\u00e1ndez encara su conversaci\u00f3n pendiente con Carlo"},"content":{"rendered":"<p>Teresa ha contado a Petra uno de los secretos mejores guardados de &#8216;La Promesa&#8217;. Le ha contado que <strong>se ha besado con Crist\u00f3bal <\/strong>y tambi\u00e9n lo que ha significado para ella. Jacobo sigue intentando averiguar qui\u00e9n bes\u00f3 a Martina; incluso le ha pedido ayuda a Adriano sin sospechar que quien lo hizo fue \u00e9l.\u00a0Las cocineras se han inventado una excusa ante Teresa para poder ausentarse, mientras que \u00c1ngela intentaba hacer ver al psiquiatra las malas intenciones de Lorenzo. Petra ha animado a Samuel a no rendirse con el refugio.\u00a0<\/p>\n<p>Contin\u00faa leyendo si quieres saber lo que va a pasar en la <a href=\"https:\/\/www.lecturas.com\/television\/avance-semanal-promesa-12-16-enero-le-tienden-trampa-angela_187051\" target=\"_self\" rel=\"nofollow noopener\">siguiente entrega de &#8216;La Promesa&#8217;<\/a>. Te contamos lo que va a ocurrir en el pr\u00f3ximo cap\u00edtulo, el 755. Televisi\u00f3n Espa\u00f1ola lo emite este jueves 15 de enero a partir de las 18:35 horas.<\/p>\n<p>To\u00f1o impide que Manuel rompa el trato con don Luis. No quiere que el heredero tome decisiones en caliente. Curro asegura a Lorenzo que no importa que consiga meter a \u00c1ngela en un manicomio. El joven est\u00e1 dispuesto a rescatarla y fugarse de nuevo con ella. To\u00f1o descubre que Candela y Simona pretenden visitar al t\u00edo de Enora, pero esta consigue detenerlas a tiempo. Petra informa a Samuel que <strong>ella se va a hacer cargo del refugio con la ayuda de Prudencio <\/strong>mientras \u00e9l est\u00e1 fuera.<\/p>\n<p>Teresa confiesa a Crist\u00f3bal que el beso no la molest\u00f3. Por su parte, <strong>Mar\u00eda no se alegra del regreso de Carlo<\/strong>. El lacayo volvi\u00f3 solo porque P\u00eda y Samuel lo trajeron de la oreja, pero le dice a Mar\u00eda que tienen que hablar. Adriano anima a Jacobo a perdonar y a luchar por Martina, mientras que el psiquiatra se dispone a dar un diagn\u00f3stico sobre la salud mental de \u00c1ngela.\u00a0<\/p>\n","protected":false},"excerpt":{"rendered":"Teresa ha contado a Petra uno de los secretos mejores guardados de &#8216;La Promesa&#8217;. Le ha contado que&hellip;\n","protected":false},"author":2,"featured_media":341000,"comment_status":"","ping_status":"","sticky":false,"template":"","format":"standard","meta":{"footnotes":""},"categories":[171],"tags":[146,147,25,24,23,214],"class_list":{"0":"post-340999","1":"post","2":"type-post","3":"status-publish","4":"format-standard","5":"has-post-thumbnail","7":"category-tv","8":"tag-entertainment","9":"tag-entretenimiento","10":"tag-es","11":"tag-espana","12":"tag-spain","13":"tag-tv"},"share_on_mastodon":{"url":"https:\/\/pubeurope.com\/@es\/115895709532505574","error":""},"_links":{"self":[{"href":"https:\/\/www.europesays.com\/es\/wp-json\/wp\/v2\/posts\/340999","targetHints":{"allow":["GET"]}}],"collection":[{"href":"https:\/\/www.europesays.com\/es\/wp-json\/wp\/v2\/posts"}],"about":[{"href":"https:\/\/www.europesays.com\/es\/wp-json\/wp\/v2\/types\/post"}],"author":[{"embeddable":true,"href":"https:\/\/www.europesays.com\/es\/wp-json\/wp\/v2\/users\/2"}],"replies":[{"embeddable":true,"href":"https:\/\/www.europesays.com\/es\/wp-json\/wp\/v2\/comments?post=340999"}],"version-history":[{"count":0,"href":"https:\/\/www.europesays.com\/es\/wp-json\/wp\/v2\/posts\/340999\/revisions"}],"wp:featuredmedia":[{"embeddable":true,"href":"https:\/\/www.europesays.com\/es\/wp-json\/wp\/v2\/media\/341000"}],"wp:attachment":[{"href":"https:\/\/www.europesays.com\/es\/wp-json\/wp\/v2\/media?parent=340999"}],"wp:term":[{"taxonomy":"category","embeddable":true,"href":"https:\/\/www.europesays.com\/es\/wp-json\/wp\/v2\/categories?post=340999"},{"taxonomy":"post_tag","embeddable":true,"href":"https:\/\/www.europesays.com\/es\/wp-json\/wp\/v2\/tags?post=340999"}],"curies":[{"name":"wp","href":"https:\/\/api.w.org\/{rel}","templated":true}]}}