{"id":341001,"date":"2026-01-14T22:02:14","date_gmt":"2026-01-14T22:02:14","guid":{"rendered":"https:\/\/www.europesays.com\/es\/341001\/"},"modified":"2026-01-14T22:02:14","modified_gmt":"2026-01-14T22:02:14","slug":"rock-indiana-celebra-su-30-aniversario-en-canopy-castellana-sabado-17-de-enero-ruta-66","status":"publish","type":"post","link":"https:\/\/www.europesays.com\/es\/341001\/","title":{"rendered":"Rock Indiana celebra su 30 aniversario en Canopy Castellana, s\u00e1bado 17 de enero \u2013 Ruta 66"},"content":{"rendered":"<p>\u00a0<\/p>\n<p><img loading=\"lazy\" decoding=\"async\" class=\"wp-image-93343 size-full\" src=\"https:\/\/www.europesays.com\/es\/wp-content\/uploads\/2026\/01\/553c209c-b010-9851-810d-b65a63a39966.jpg\" alt=\"\" width=\"800\" height=\"600\"  \/>The Happy Losers<\/p>\n<p>\u00a0<\/p>\n<p>Uno de los sellos m\u00e1s queridos en esta casa, Rock Indiana, cumple 30 a\u00f1os de servicio al mejor pop, sea power, rock o de autor. <\/p>\n<p>Su impecable gusto a la hora de apostar por bandas y solistas de alto valor creativo les ha llevado a conseguir un cat\u00e1logo discogr\u00e1fico de excepci\u00f3n, en el que figura una de sus bandas de cabecera, Happy Losers.<\/p>\n<p>As\u00ed que totalmente justificado que sean ellos, que lanzaron su primer sencillo bajo la marca Indiana en 1995, los que se suban al escenario de Canopy Castellana para volver a destilar sus entra\u00f1ables temas.<\/p>\n<p><img loading=\"lazy\" decoding=\"async\" class=\"alignleft wp-image-93344\" src=\"https:\/\/www.europesays.com\/es\/wp-content\/uploads\/2026\/01\/142741-495x700.jpg\" alt=\"\" width=\"300\" height=\"424\"  \/><\/p>\n<p>Un disco que apareci\u00f3 acompa\u00f1ando al fanzine que publicaban Pablo Carrero y Fito Indiana\u2026 fanzine que se suma a la celebraci\u00f3n regresando al papel impreso en un n\u00famero especial que recuerda, y mucho, a los anteriores n\u00fameros: entrevistas y art\u00edculos con Protones, Pedro Vizca\u00edno, Javi Ordo\u00f1ez No Tomorrow, Rockpile, David Jim\u00e9nez Heart of Gold, Santi Campos, Squeeze, Jos\u00e9 Mar\u00eda Granados, Luis Calvo, el Nuevo Rock Americano y Paco Pepe Gil configuran un sumario 100% rutero. Felicidades a Rock Indiana, p\u00e1sense por el Canopy Castellana, s\u00e1bado 17 a las 21:30 horas y disfruten del cumplea\u00f1os por el m\u00f3dico precio de 15 euros.<\/p>\n<p>\u00a0<\/p>\n<p>\u00a0<\/p>\n<p>Entradas:<\/p>\n<p><a href=\"https:\/\/mutick.com\/e\/momentazos-the-happy-losers-30-aniversario-rock-indiana\" rel=\"nofollow noopener\" target=\"_blank\">https:\/\/mutick.com\/e\/momentazos-the-happy-losers-30-aniversario-rock-indiana<\/a><\/p>\n<p><strong>Texto: Alfred Crespo<\/strong><\/p>\n","protected":false},"excerpt":{"rendered":"\u00a0 The Happy Losers \u00a0 Uno de los sellos m\u00e1s queridos en esta casa, Rock Indiana, cumple 30&hellip;\n","protected":false},"author":2,"featured_media":341002,"comment_status":"","ping_status":"","sticky":false,"template":"","format":"standard","meta":{"footnotes":""},"categories":[170],"tags":[146,147,25,24,184,185,23],"class_list":{"0":"post-341001","1":"post","2":"type-post","3":"status-publish","4":"format-standard","5":"has-post-thumbnail","7":"category-musica","8":"tag-entertainment","9":"tag-entretenimiento","10":"tag-es","11":"tag-espana","12":"tag-music","13":"tag-musica","14":"tag-spain"},"share_on_mastodon":{"url":"https:\/\/pubeurope.com\/@es\/115895713562351149","error":""},"_links":{"self":[{"href":"https:\/\/www.europesays.com\/es\/wp-json\/wp\/v2\/posts\/341001","targetHints":{"allow":["GET"]}}],"collection":[{"href":"https:\/\/www.europesays.com\/es\/wp-json\/wp\/v2\/posts"}],"about":[{"href":"https:\/\/www.europesays.com\/es\/wp-json\/wp\/v2\/types\/post"}],"author":[{"embeddable":true,"href":"https:\/\/www.europesays.com\/es\/wp-json\/wp\/v2\/users\/2"}],"replies":[{"embeddable":true,"href":"https:\/\/www.europesays.com\/es\/wp-json\/wp\/v2\/comments?post=341001"}],"version-history":[{"count":0,"href":"https:\/\/www.europesays.com\/es\/wp-json\/wp\/v2\/posts\/341001\/revisions"}],"wp:featuredmedia":[{"embeddable":true,"href":"https:\/\/www.europesays.com\/es\/wp-json\/wp\/v2\/media\/341002"}],"wp:attachment":[{"href":"https:\/\/www.europesays.com\/es\/wp-json\/wp\/v2\/media?parent=341001"}],"wp:term":[{"taxonomy":"category","embeddable":true,"href":"https:\/\/www.europesays.com\/es\/wp-json\/wp\/v2\/categories?post=341001"},{"taxonomy":"post_tag","embeddable":true,"href":"https:\/\/www.europesays.com\/es\/wp-json\/wp\/v2\/tags?post=341001"}],"curies":[{"name":"wp","href":"https:\/\/api.w.org\/{rel}","templated":true}]}}