{"id":341019,"date":"2026-01-14T22:11:23","date_gmt":"2026-01-14T22:11:23","guid":{"rendered":"https:\/\/www.europesays.com\/es\/341019\/"},"modified":"2026-01-14T22:11:23","modified_gmt":"2026-01-14T22:11:23","slug":"erfan-soltani-el-primer-condenado-a-muerte-por-las-protestas-en-iran","status":"publish","type":"post","link":"https:\/\/www.europesays.com\/es\/341019\/","title":{"rendered":"Erfan Soltani, el primer condenado a muerte por las protestas en Ir\u00e1n"},"content":{"rendered":"<p style=\"\">Erfan Soltani, residente de Fardis, Karaj, una ciudad a poco m\u00e1s de 44 kil\u00f3metros <a href=\"https:\/\/www.abc.es\/internacional\/trump-anima-protestas-iran-ayuda-camino-20260113192741-nt.html\" target=\"_self\" data-voc-vtm-id=\"in-text-traffic\" title=\"de la capital iran\u00ed de Teher\u00e1n\" rel=\"nofollow noopener\">de la capital iran\u00ed de Teher\u00e1n<\/a> puede ser la primera persona ejecutada por el r\u00e9gimen por participar en las protestas.<\/p>\n<p style=\"\">La organizaci\u00f3n de derechos humanos iran\u00ed, Hengaw avisaba a principios  &#8230; de esta semana que este joven de 26 a\u00f1os se enfrente a una \u00abinminente ejecuci\u00f3n de la pena de muerte tras un proceso judicial r\u00e1pido y opaco\u00bb. <\/p>\n<p class=\"voc-p\" style=\"\">Seg\u00fan un miembro de la ONG en conversaci\u00f3n con ABC, la familia de Soltani se enter\u00f3 cuatro d\u00edas despu\u00e9s de su arresto de que la ejecuci\u00f3n est\u00e1 prevista para este mi\u00e9rcoles. \u00abA su familia se le ha negado el acceso a informaci\u00f3n sobre los cargos, el expediente o los procedimientos judiciales\u00bb, comentan. La \u00fanica informaci\u00f3n que el r\u00e9gimen comparti\u00f3 con la familia es que fue arrestado por participar en las manifestaciones.<\/p>\n<p class=\"voc-p\" style=\"\">El joven fue arrestado en su domicilio<strong> el pasado jueves 8 de enero<\/strong>, por haber participado en las protestas en su pueblo natal, Fardis. Cuatro d\u00edas despu\u00e9s, el lunes 12, se notific\u00f3 a la familia que se hab\u00eda programado su ejecuci\u00f3n.<\/p>\n<p class=\"voc-p\" style=\"\">Desde Hengaw aseguran que la rapidez con la que se ha sentenciado a este joven<strong> \u00abnunca lo hab\u00edan visto.<\/strong> En tan solo cuatro d\u00edas han juzgado y sentenciado a este chico. Por lo que sabemos hay <strong>m\u00e1s de 5.000 detenidos<\/strong> en esta zona de Ir\u00e1n que pueden correr la misma suerte\u00ab. <\/p>\n<p class=\"voc-p\" style=\"\">Fuentes oficiales iran\u00edes aseguran que existe pena de muerte en el pa\u00eds, \u00abcomo en muchos otros pa\u00eds\u00bb, y que es posible que se lleven a cabo ejecuciones.<\/p>\n<p class=\"voc-p\" style=\"\">Soltani durante sus d\u00edas en la prisi\u00f3n de Karaj se ha visto privado de sus derechos m\u00e1s b\u00e1sicos, como el acceso a asistencia jur\u00eddica y el derecho a la defensa. <\/p>\n<p>\nSin defensa\n<\/p>\n<p class=\"voc-p\" style=\"\">La hermana de Erfan, que seg\u00fan Hengaw es abogado, ha intentado llevar el caso a trav\u00e9s de canales legales, per las autoridades les han impedido acceder al expediente del caso.<\/p>\n<p class=\"voc-p\" style=\"\">Como consecuencia de los cortes y bloqueo de Internet, que desde hace seis d\u00edas ha ocasionado un apag\u00f3n informativo sobre lo que est\u00e1 ocurriendo en el pa\u00eds persa, no hay informaci\u00f3n de la situaci\u00f3n de Soltani. Las restricciones a las comunicaciones, incluido un apag\u00f3n de internet, han obstaculizado el flujo de informaci\u00f3n en Ir\u00e1n. El servicio telef\u00f3nico se hab\u00eda restablecido y ya se pod\u00eda hablar con los tel\u00e9fonos fijos y m\u00f3viles, pero internet a\u00fan enfrentaba restricciones<\/p>\n<p>\nAmenaza de Trump\n<\/p>\n<p class=\"voc-p\" style=\"\">En una entrevista con CBS News el martes, Trump prometi\u00f3 \u00abmedidas muy contundentes\u00bb si Ir\u00e1n comenzaba a ahorcar a manifestantes, pero nuevamente no dio m\u00e1s detalles. \u00abSi los ahorcan, veremos algunas cosas\u00bb, dijo Trump.<\/p>\n<p class=\"voc-p\" style=\"\">Seg\u00fan la Sociedad de Derechos Humanos de Ir\u00e1n, con sede en Noruega, los ahorcamientos son habituales en las c\u00e1rceles iran\u00edes. En otras ocasiones, a los presos condenados a muerte en Ir\u00e1n se les suele conceder un \u00faltimo momento con sus seres queridos. <\/p>\n<p class=\"voc-p\" style=\"\">as protestas comenzaron el 28 de diciembre por la depreciaci\u00f3n de la moneda y se han convertido en manifestaciones m\u00e1s amplias y en demandas de la ca\u00edda del sistema clerical. Las autoridades iran\u00edes han adoptado una doble estrategia: reprimir las protestas y, al mismo tiempo, declarar leg\u00edtimas las protestas por los problemas econ\u00f3micos. Hasta el momento, no hay indicios de fractura en la \u00e9lite de seguridad que puedan derrocar al sistema clerical en el poder desde la Revoluci\u00f3n Isl\u00e1mica de 1979.<\/p>\n","protected":false},"excerpt":{"rendered":"Erfan Soltani, residente de Fardis, Karaj, una ciudad a poco m\u00e1s de 44 kil\u00f3metros de la capital iran\u00ed&hellip;\n","protected":false},"author":2,"featured_media":341020,"comment_status":"","ping_status":"","sticky":false,"template":"","format":"standard","meta":{"footnotes":""},"categories":[5],"tags":[17,18,25174,77684,25,24,13,14,11,3137,19,20,4920,9,10,15,16,977,2315,77685,23,12,21,22],"class_list":{"0":"post-341019","1":"post","2":"type-post","3":"status-publish","4":"format-standard","5":"has-post-thumbnail","7":"category-titulares","8":"tag-breaking-news","9":"tag-breakingnews","10":"tag-condenado","11":"tag-erfan","12":"tag-es","13":"tag-espana","14":"tag-featured-news","15":"tag-featurednews","16":"tag-headlines","17":"tag-iran","18":"tag-latest-news","19":"tag-latestnews","20":"tag-muerte","21":"tag-news","22":"tag-noticias","23":"tag-noticias-destacadas","24":"tag-noticiasdestacadas","25":"tag-primer","26":"tag-protestas","27":"tag-soltani","28":"tag-spain","29":"tag-titulares","30":"tag-ultimas-noticias","31":"tag-ultimasnoticias"},"share_on_mastodon":{"url":"https:\/\/pubeurope.com\/@es\/115895748676621464","error":""},"_links":{"self":[{"href":"https:\/\/www.europesays.com\/es\/wp-json\/wp\/v2\/posts\/341019","targetHints":{"allow":["GET"]}}],"collection":[{"href":"https:\/\/www.europesays.com\/es\/wp-json\/wp\/v2\/posts"}],"about":[{"href":"https:\/\/www.europesays.com\/es\/wp-json\/wp\/v2\/types\/post"}],"author":[{"embeddable":true,"href":"https:\/\/www.europesays.com\/es\/wp-json\/wp\/v2\/users\/2"}],"replies":[{"embeddable":true,"href":"https:\/\/www.europesays.com\/es\/wp-json\/wp\/v2\/comments?post=341019"}],"version-history":[{"count":0,"href":"https:\/\/www.europesays.com\/es\/wp-json\/wp\/v2\/posts\/341019\/revisions"}],"wp:featuredmedia":[{"embeddable":true,"href":"https:\/\/www.europesays.com\/es\/wp-json\/wp\/v2\/media\/341020"}],"wp:attachment":[{"href":"https:\/\/www.europesays.com\/es\/wp-json\/wp\/v2\/media?parent=341019"}],"wp:term":[{"taxonomy":"category","embeddable":true,"href":"https:\/\/www.europesays.com\/es\/wp-json\/wp\/v2\/categories?post=341019"},{"taxonomy":"post_tag","embeddable":true,"href":"https:\/\/www.europesays.com\/es\/wp-json\/wp\/v2\/tags?post=341019"}],"curies":[{"name":"wp","href":"https:\/\/api.w.org\/{rel}","templated":true}]}}