{"id":341031,"date":"2026-01-14T22:24:12","date_gmt":"2026-01-14T22:24:12","guid":{"rendered":"https:\/\/www.europesays.com\/es\/341031\/"},"modified":"2026-01-14T22:24:12","modified_gmt":"2026-01-14T22:24:12","slug":"concursantes-gallegos-top-chef-talent-rtve","status":"publish","type":"post","link":"https:\/\/www.europesays.com\/es\/341031\/","title":{"rendered":"CONCURSANTES GALLEGOS TOP CHEF TALENT RTVE"},"content":{"rendered":"<p class=\"ft-text\"><a class=\"ft-link ft-link--decoration\" href=\"https:\/\/www.elcorreogallego.es\/tags\/rtve\/\" target=\"_blank\" rel=\"nofollow noopener\"><strong>RTVE<\/strong><\/a><strong> <\/strong>ya tiene nuevo <strong>talent <\/strong><strong>culinario<\/strong>. Una nueva apuesta bajo el t\u00edtulo de <strong>Top Chef: Dulces y Famosos <\/strong>que \u00abmuy pronto\u00bb deleitar\u00e1 a los espectadores del ente p\u00fablico y en el que <a class=\"ft-link ft-link--decoration\" href=\"https:\/\/www.elcorreogallego.es\/galicia\/\" target=\"_blank\" rel=\"nofollow noopener\"><strong>Galicia<\/strong><\/a><strong> <\/strong>tendr\u00e1 su protagonismo.<\/p>\n<p class=\"ft-text\">No solo porque el programa ser\u00e1 <strong>presentado <\/strong>por la <strong>ferrolana Paula V\u00e1zquez<\/strong>, sino porque entre los <strong>16 <\/strong><strong>celebrities<\/strong> que competir\u00e1n por convertirse en la primera persona en lograr el t\u00edtulo de primer <strong>Top Chef pastelero de<\/strong> <strong>Espa\u00f1a<\/strong>, as\u00ed como el <strong>premio de 100.000 euros<\/strong> para destinar a una oeneg\u00e9 elegida por el ganador, se encuentran <strong>tres famosos de nuestra comunidad<\/strong>: el <strong>compostelano Roi M\u00e9ndez<\/strong>, <strong>cantante <\/strong>y <strong>exconcursante de <\/strong><a class=\"ft-link ft-link--decoration\" href=\"https:\/\/www.elcorreogallego.es\/tags\/operacion-triunfo\/\" target=\"_blank\" rel=\"nofollow noopener\"><strong>Operaci\u00f3n Triunfo<\/strong><\/a>; la <strong>periodista coru\u00f1esa Marina Casta\u00f1o<\/strong>, viuda del prol\u00edfico escritor padron\u00e9s <strong>Camilo Jos\u00e9 Cela<\/strong>, y la <strong>atleta paral\u00edmpica gondomare\u00f1a Desir\u00e9e Vila<\/strong>.<\/p>\n<p><img decoding=\"async\" src=\"https:\/\/www.europesays.com\/es\/wp-content\/uploads\/2026\/01\/923942bd-8c23-4d80-8589-9233abf7abd8_alta-libre-aspect-ratio_default_0.jpg\" width=\"1200\" height=\"962\" alt=\"El cantante compostelano y exconcursante de \u2018Operaci\u00f3n Triunfo\u2019 Roi M\u00e9ndez. |  ECG\" class=\"ft-helper-img-rd\" loading=\"lazy\"\/><\/p>\n<p class=\"ft-helper-fontColor-quaternary ft-helper-fontSize-body-S ft-helper-spacer-t-xxs\">El cantante compostelano y exconcursante de \u2018Operaci\u00f3n Triunfo\u2019 Roi M\u00e9ndez  \/ ECG<\/p>\n<p class=\"ft-text\">Junto a ellos tambi\u00e9n estar\u00e1n <strong>Bel\u00e9n Esteban<\/strong>, <strong>Luis Merlo<\/strong>, <strong>Eva Isanta<\/strong>, <strong>Ivana Rodr\u00edguez<\/strong>, <strong>Mariano Pe\u00f1a<\/strong>, <strong>Tote Fern\u00e1ndez<\/strong>, <strong>Natalia Rodr\u00edguez<\/strong>, <strong>Samantha Ballentines<\/strong>, <strong>Alejandro Vergara<\/strong>, <strong>Nicol\u00e1s Coronado<\/strong>, <strong>Benita Castej\u00f3n<\/strong>, <strong>Ana Morgade<\/strong> y <strong>Alejandra Osborne<\/strong>.<\/p>\n<p>Jueces e invitados de renombre<\/p>\n<p class=\"ft-text\">El programa, que se encuentra producido por <strong>RTVE <\/strong>en colaboraci\u00f3n con <strong>BOXFISH<\/strong>, fue presentado en el d\u00eda de ayer en un acto conducido por la <strong>directora de Comunicaci\u00f3n y Participaci\u00f3n de RTVE<\/strong>, <strong>Mar\u00eda Eizaguirre<\/strong>, que destac\u00f3 que Top Chef: Dulces y Famosos se trata de \u00abuna <strong>maravillosa aventura<\/strong> con un <strong>casting <\/strong><strong>estupendo<\/strong>\u00ab. \u00abNos toca revolucionar el mundo de la reposter\u00eda, y contaremos con 16 concursantes. Seguimos apostando por el <strong>entretenimiento<\/strong>\u00ab, ha a\u00f1adido.<\/p>\n<p class=\"ft-text\">Pero no solo por el entretenimiento, tambi\u00e9n por <strong>caras conocidas<\/strong> en formatos similares que ya han pasado por la corporaci\u00f3n p\u00fablica. La m\u00e1s destacada es la <strong>ferrolana Paula V\u00e1zquez<\/strong>, que presentar\u00e1 el formato en un <strong>plat\u00f3 espectacular dividido entre las cocinas<\/strong>, donde los participantes elaborar\u00e1n los postres, y un <strong>sal\u00f3n<\/strong>, donde los concursantes establecer\u00e1n <strong>estrategias<\/strong> y seguir\u00e1n el cocinado de otros compa\u00f1eros.<\/p>\n<p class=\"ft-text\">Tambi\u00e9n volveremos a ver en el <strong>jurado <\/strong>a dos figuras que, al igual que la presentadora gallega, los espectadores ya conocen por <strong>Bake Off: Famosos al horno<\/strong>. Se tratan de <strong>Paco Roncero<\/strong>, galardonado con dos estrellas Michelin y reconocido por su innovaci\u00f3n en la cocina espa\u00f1ola, y <strong>Eva Argui\u00f1ano<\/strong>, c\u00e9lebre repostera conocida en televisi\u00f3n por su cercan\u00eda y empat\u00eda. Los dos formar\u00e1n parte de un jurado que, en esta ocasi\u00f3n, completar\u00e1 el <strong>famoso pastelero argentino Osvaldo Gross<\/strong>, que llega para ocupar el lugar que en el formato anterior desempe\u00f1aba <strong>Dami\u00e1n Betular<\/strong>.<\/p>\n<p><img decoding=\"async\" src=\"https:\/\/www.europesays.com\/es\/wp-content\/uploads\/2026\/01\/30e252f4-9713-499b-82e6-508288fdd5ad_alta-libre-aspect-ratio_default_0.jpg\" width=\"1200\" height=\"960\" alt=\"La periodista coru\u00f1esa Marina Casta\u00f1o, viuda de Camilo Jos\u00e9 Cela. |  Europa Press\" class=\"ft-helper-img-rd\" loading=\"lazy\"\/><\/p>\n<p class=\"ft-helper-fontColor-quaternary ft-helper-fontSize-body-S ft-helper-spacer-t-xxs\">La periodista coru\u00f1esa Marina Casta\u00f1o, viuda de Camilo Jos\u00e9 Cela  \/ Europa Press<\/p>\n<p class=\"ft-text\">Eso s\u00ed, los <strong>concursantes <\/strong>y <strong>miembros del jurado<\/strong> no ser\u00e1n los \u00fanicos conocidos que pasar\u00e1n por las cocinas de Top Chef: Dulces y Famosos, y es que por el programa tambi\u00e9n har\u00e1n acto de presencia otros <strong>prestigiosos profesionales<\/strong> para retar a los concursantes con postres sorprendentes, como <strong>Joseba Argui\u00f1ano<\/strong>, <strong>F\u00e1tima Gismero<\/strong>, <strong>Saray Ruiz<\/strong>, <strong>Ra\u00fal Bernal<\/strong>, <strong>Javier Est\u00e9vez<\/strong>, <strong>Miquel Guarro<\/strong> o <strong>Tian Lu<\/strong>. Tambi\u00e9n visitar\u00e1n el plat\u00f3 de Top Chef: Dulces y Famosos rostros como <strong>Chenoa <\/strong>en compa\u00f1\u00eda de los <strong>perros en adopci\u00f3n de <\/strong><strong>Dog House<\/strong>, la escritora <strong>Isabel P\u00e9rez<\/strong>, la cantante <strong>To\u00f1i Salazar<\/strong> o la influencer gastron\u00f3mica <strong>Boukie<\/strong>. Adem\u00e1s, una pareja de novios pondr\u00e1 en manos de los 16 concursantes la elaboraci\u00f3n de la tarta de su boda.<\/p>\n<p>Cuatro pruebas<\/p>\n<p class=\"ft-text\">Otro de los detalles que se ha podido saber antes de la emisi\u00f3n del primer cap\u00edtulo de Top Chef: Dulces y Famosos es que, en cada programa, habr\u00e1 <strong>cuatro pruebas<\/strong> \u2014que tendr\u00e1n un <strong>componente de sorpresa<\/strong> y <strong>novedad <\/strong>que mantendr\u00e1 a los concursantes y espectadores en tensi\u00f3n\u2014 donde los participantes deber\u00e1n preparar <strong>postres cl\u00e1sicos<\/strong>, <strong>regionales <\/strong>o algunos <strong>m\u00e1s sorprendentes<\/strong>, como los realizados con casquer\u00eda, tras los cuales uno de los concursantes ser\u00e1 <strong>eliminado <\/strong>y otro ser\u00e1 <strong>coronado como Pastelero Top de la semana<\/strong>, lo que le otorgar\u00e1 un <strong>comod\u00edn <\/strong>que le dar\u00e1 el control del juego en el siguiente programa.<\/p>\n<p><img decoding=\"async\" src=\"https:\/\/www.europesays.com\/es\/wp-content\/uploads\/2026\/01\/fd5f0cc1-9322-4faa-80f3-24c06a997827_alta-libre-aspect-ratio_default_0.jpg\" width=\"1200\" height=\"960\" alt=\"La atleta paral\u00edmpica gondomare\u00f1a Desir\u00e9e Vila. |  Europa Press\" class=\"ft-helper-img-rd\" loading=\"lazy\"\/><\/p>\n<p class=\"ft-helper-fontColor-quaternary ft-helper-fontSize-body-S ft-helper-spacer-t-xxs\">La atleta paral\u00edmpica gondomare\u00f1a Desir\u00e9e Vila  \/ Europa Press<\/p>\n<p class=\"ft-text\">Entre las <strong>diferentes pruebas<\/strong> del nuevo talent culinario de RTVE se encuentran <strong>Todos contra todos<\/strong> \u2014donde los celebrities competir\u00e1n individualmente y el mejor obtendr\u00e1 un privilegio mientras que el peor tendr\u00e1 un castigo en ese mismo cap\u00edtulo\u2014, <strong>Batalla de Equipos<\/strong> \u2014prueba en la que se cocinar\u00e1 por parejas o tr\u00edos y algunos se salvar\u00e1n hasta el pr\u00f3ximo programa\u2014, la <strong>Prueba de Salvaci\u00f3n<\/strong> \u2014que decidir\u00e1 quien sigue en el siguiente cap\u00edtulo\u2014 y la definitiva <strong>Prueba de Fuego<\/strong> \u2014un \u00faltimo reto en el que los concursantes se juegan su expulsi\u00f3n\u2014.<\/p>\n<p class=\"ft-text\">Asimismo, tambi\u00e9n habr\u00e1 otros desaf\u00edos como <strong>La caja negra<\/strong>, una <strong>prueba especial<\/strong> que aparecer\u00e1 por sorpresa cuando los concursantes menos se lo esperen. En ella, los participantes se introducir\u00e1n en una enorme caja sin luz en la que se esconde el postre de un afamado chef y que deber\u00e1n replicar sin verlo, tan solo contar\u00e1n con su olfato, su tacto y su gusto. Veremos si \u00abmuy pronto\u00bb las creaciones de los diferentes concursantes de este nuevo formato de <a class=\"ft-link ft-link--decoration\" href=\"https:\/\/www.elcorreogallego.es\/tags\/rtve\/\" target=\"_blank\" rel=\"nofollow noopener\"><strong>RTVE<\/strong><\/a><strong> <\/strong>satisfacen el <strong>paladar <\/strong>y el <strong>gusto del espectador<\/strong>. Solo el tiempo dir\u00e1.<\/p>\n","protected":false},"excerpt":{"rendered":"RTVE ya tiene nuevo talent culinario. Una nueva apuesta bajo el t\u00edtulo de Top Chef: Dulces y Famosos&hellip;\n","protected":false},"author":2,"featured_media":341032,"comment_status":"","ping_status":"","sticky":false,"template":"","format":"standard","meta":{"footnotes":""},"categories":[171],"tags":[17892,19316,56908,6572,6437,13526,146,147,25,24,12725,25211,2467,15667,2145,518,23,77692,807,1720,214,1299],"class_list":{"0":"post-341031","1":"post","2":"type-post","3":"status-publish","4":"format-standard","5":"has-post-thumbnail","7":"category-tv","8":"tag-atleta","9":"tag-camilo","10":"tag-cela","11":"tag-celebridades","12":"tag-chef","13":"tag-compostelano","14":"tag-entertainment","15":"tag-entretenimiento","16":"tag-es","17":"tag-espana","18":"tag-famoso","19":"tag-gallega","20":"tag-jose","21":"tag-participantes","22":"tag-programa","23":"tag-rtve","24":"tag-spain","25":"tag-talent-shows","26":"tag-television","27":"tag-top","28":"tag-tv","29":"tag-viuda"},"share_on_mastodon":{"url":"https:\/\/pubeurope.com\/@es\/115895800054839233","error":""},"_links":{"self":[{"href":"https:\/\/www.europesays.com\/es\/wp-json\/wp\/v2\/posts\/341031","targetHints":{"allow":["GET"]}}],"collection":[{"href":"https:\/\/www.europesays.com\/es\/wp-json\/wp\/v2\/posts"}],"about":[{"href":"https:\/\/www.europesays.com\/es\/wp-json\/wp\/v2\/types\/post"}],"author":[{"embeddable":true,"href":"https:\/\/www.europesays.com\/es\/wp-json\/wp\/v2\/users\/2"}],"replies":[{"embeddable":true,"href":"https:\/\/www.europesays.com\/es\/wp-json\/wp\/v2\/comments?post=341031"}],"version-history":[{"count":0,"href":"https:\/\/www.europesays.com\/es\/wp-json\/wp\/v2\/posts\/341031\/revisions"}],"wp:featuredmedia":[{"embeddable":true,"href":"https:\/\/www.europesays.com\/es\/wp-json\/wp\/v2\/media\/341032"}],"wp:attachment":[{"href":"https:\/\/www.europesays.com\/es\/wp-json\/wp\/v2\/media?parent=341031"}],"wp:term":[{"taxonomy":"category","embeddable":true,"href":"https:\/\/www.europesays.com\/es\/wp-json\/wp\/v2\/categories?post=341031"},{"taxonomy":"post_tag","embeddable":true,"href":"https:\/\/www.europesays.com\/es\/wp-json\/wp\/v2\/tags?post=341031"}],"curies":[{"name":"wp","href":"https:\/\/api.w.org\/{rel}","templated":true}]}}