{"id":341033,"date":"2026-01-14T22:25:10","date_gmt":"2026-01-14T22:25:10","guid":{"rendered":"https:\/\/www.europesays.com\/es\/341033\/"},"modified":"2026-01-14T22:25:10","modified_gmt":"2026-01-14T22:25:10","slug":"elegido-un-actor-fenomenal-para-hacer-el-papel-de-ozzy-osbourne-en-una-pelicula-biografica-que-ya-esta-en-marcha","status":"publish","type":"post","link":"https:\/\/www.europesays.com\/es\/341033\/","title":{"rendered":"Elegido \u00abun actor fenomenal\u00bb para hacer el papel de Ozzy Osbourne en una pel\u00edcula biogr\u00e1fica que ya est\u00e1 en marcha"},"content":{"rendered":"<p class=\"p1\">El largo proceso que se est\u00e1 desarrollando para materializar la anunciada pel\u00edcula biogr\u00e1fica sobre <strong>Ozzy Osbourne<\/strong> y su relaci\u00f3n con su esposa y m\u00e1nager <strong>Sharon Osbourne<\/strong> sigue su curso, y recientemente se ha desvelado que el actor que interpretar\u00e1 al a\u00f1orado Madman ya est\u00e1 elegido y es \u201cun actor fenomenal\u201d, tal como ha apuntado <strong>Jack Osbourne<\/strong>, el popular hijo de la pareja.<\/p>\n<p class=\"p1\">\u201cEstamos trabajando a toda m\u00e1quina en la siguiente fase de desarrollo de esta pel\u00edcula\u201d, le cuenta Jack al que fuera gran amigo y colaborador de su padre <strong>Billy Morrison<\/strong> en el espacio de <a href=\"https:\/\/can.siriusxm.com\/player\/show\/influenced-with-billy-morrison\/40b50e82-e44d-89f7-c6fd-6ee1698500da\" target=\"_blank\" rel=\"noopener nofollow\"><strong>SiriusXM \u201cInfluenced\u201d.<\/strong><\/a> \u201cSe trata de una pel\u00edcula con actores que llevamos desarrollando con los estudios Sony desde hace ya seis a\u00f1os\u201d.<\/p>\n<p class=\"p1\">El gran secreto sobre qui\u00e9n ha sido el actor elegido para interpretar a Ozzy se mantiene, un papel en el que vimos dejar huella a <a href=\"https:\/\/mariskalrock.com\/actualidad\/tommy-lee-motley-crue-le-molestara-ozzy-sharon-lo-las-hormigas-la-mierda-aquello-paso\/\" target=\"_blank\" rel=\"noopener nofollow\"><strong>Rony Cavalero en \u2018The Dirt\u2019,<\/strong><\/a> pero Jack destaca la calidad de este actor: \u201cYa hemos tomado una decisi\u00f3n, pero no puedo decir nada (todav\u00eda), solo que es un actor fenomenal, fenomenal. Ya tenemos director y ahora mismo estamos reescribiendo el guion\u201d.<\/p>\n<p class=\"p1\">En ese momento, Morrison recuerda que a Ozzy le habr\u00eda encantado ver esta pel\u00edcula, lamentablemente, <strong><a href=\"https:\/\/mariskalrock.com\/actualidad\/muere-ozzy-osbourne-tan-solo-unos-dias-despues-de-dar-su-ultimo-concierto\/\" target=\"_blank\" rel=\"noopener nofollow\">no podr\u00e1 ser as\u00ed,<\/a><\/strong> algo que el propio Pr\u00edncipe de las Tinieblas tem\u00eda que ocurriera. \u201cOh, claro que s\u00ed\u201d, responde Jack. \u201cY lo \u00fanico que dec\u00eda, cada vez que le daba noticias de \u201cnos hemos reunido con tal persona\u201d y \u201cesto est\u00e1 pasando\u201d. Y \u00e9l solo respond\u00eda: \u201cMe da igual. Solo dime cu\u00e1ndo se estrena para poder ir a verla\u201d\u201d.<\/p>\n<p class=\"p1\" style=\"text-align: center;\">\n<p class=\"p1\">\u201cEn el momento en el que terminen la pel\u00edcula estar\u00e9 muerto\u00bb,\u00a0se <strong><a href=\"https:\/\/mariskalrock.com\/actualidad\/ozzy-osbourne-teme-que-ya-haya-muerto-cuando-se-estrene-la-pelicula-sobre-el-y-sharon-quiero-estar-vivo-para-verla\/\" target=\"_blank\" rel=\"noopener nofollow\">lamentaba en marzo de 2024 Ozzy<\/a><\/strong> en el podcast <strong>The Osbournes<\/strong>.\u00a0\u00abQuiero estar vivo para verla, joder\u00bb,\u00a0a lo que su mujer respond\u00eda que hay que asumir que\u00a0\u00ablas pel\u00edculas tardan una vida en hacerse. Una eternidad\u201d.<\/p>\n<p class=\"p1\">Sobre el tema de la interpretaci\u00f3n, la propia Sharon mostraba sus preferencias tambi\u00e9n: \u00abMe gustar\u00eda que fuera\u00a0<strong>Florence Pugh<\/strong>\u00a0(ndr: a la que hemos visto en\u00a0<strong>\u00abOppenheimer\u00bb\u00a0<\/strong>o<strong>\u00a0\u00abBlack Widow\u00bb<\/strong>\u00a0entre otras)\u00a0o la chica peque\u00f1a de\u00a0<strong>\u00abJuego de Tronos\u00bb (Maisie Williams)<\/strong>\u00ab.<\/p>\n<p class=\"p1\"><a href=\"https:\/\/variety.com\/2021\/film\/news\/ozzy-osborune-sharon-osbourne-movie-love-story-1235094612\/\" target=\"_blank\" rel=\"noopener nofollow\"><b>Variety<\/b><\/a>\u00a0informaba a finales de 2021 sobre el acuerdo al que hab\u00edan llegado los Osbourne con\u00a0<strong>Sony Pictures y Polygram Entertainment<\/strong>, cuyo guion habr\u00eda quedado en manos de\u00a0Lee Hall, responsable de un importante \u00e9xito cinematogr\u00e1fico de clave musical como\u00a0<strong>\u00abRocketman\u00bb,<\/strong> que retrat\u00f3 el ascenso al estrellato de\u00a0<strong>Elton John<\/strong>.<\/p>\n<p class=\"p1\">Ozzy comentaba tiempo atr\u00e1s la idea que hab\u00eda sobre la pel\u00edcula: \u00abPor lo que tengo entendido, trata de Sharon y de m\u00ed y de nuestra relaci\u00f3n. Es c\u00f3mo nos conocimos, nos enamoramos y nos casamos. Ella es mi otra mitad. Ella creci\u00f3 mucho a mi lado, y yo crec\u00ed mucho con ella\u00bb. A lo que Sharon sumaba: \u00abEspero que sea una historia con la que todo el mundo pueda identificarse. No hace falta ser fan de la m\u00fasica, porque es la historia de un superviviente. No importa lo que la vida te depare, te levantas y vuelves a empezar. Es una historia incre\u00edble de superaci\u00f3n de todo lo que te echan encima en la vida\u201d.<\/p>\n<p class=\"p1\" style=\"text-align: center;\">\n<p>                         <a target=\"_blank\" href=\"http:\/\/www.mariskalrock.com\" class=\"url\" title=\"Jorge Bobadilla\" rel=\"nofollow noopener\"> <img loading=\"lazy\" decoding=\"async\" alt=\"Jorge Bobadilla\" src=\"https:\/\/www.europesays.com\/es\/wp-content\/uploads\/2026\/01\/1768429510_647_dd0a098104e728bc6c7b73db9bafe81736ec05f3a76c6902f533c9e5bbf58b97.jpeg\"  class=\"avatar avatar-250 photo\" height=\"250\" width=\"250\"\/><\/a>  <a href=\"http:\/\/www.mariskalrock.com\" class=\"url\" target=\"_blank\" title=\"Jorge Bobadilla\" rel=\"nofollow noopener\"><img loading=\"lazy\" decoding=\"async\" alt=\"Jorge Bobadilla\" src=\"https:\/\/www.europesays.com\/es\/wp-content\/uploads\/2026\/01\/1768429510_647_dd0a098104e728bc6c7b73db9bafe81736ec05f3a76c6902f533c9e5bbf58b97.jpeg\"  class=\"avatar avatar-250 photo\" height=\"250\" width=\"250\"\/><\/a>\u00daltimas entradas de Jorge Bobadilla (<a target=\"_blank\" href=\"https:\/\/mariskalrock.com\/author\/jorge-bobadilla\/\" rel=\"nofollow noopener\">ver todo<\/a>)  <\/p>\n","protected":false},"excerpt":{"rendered":"El largo proceso que se est\u00e1 desarrollando para materializar la anunciada pel\u00edcula biogr\u00e1fica sobre Ozzy Osbourne y su&hellip;\n","protected":false},"author":2,"featured_media":341034,"comment_status":"","ping_status":"","sticky":false,"template":"","format":"standard","meta":{"footnotes":""},"categories":[170],"tags":[146,147,25,24,4622,184,185,189,50945,23],"class_list":{"0":"post-341033","1":"post","2":"type-post","3":"status-publish","4":"format-standard","5":"has-post-thumbnail","7":"category-musica","8":"tag-entertainment","9":"tag-entretenimiento","10":"tag-es","11":"tag-espana","12":"tag-mr2022","13":"tag-music","14":"tag-musica","15":"tag-ozzy-osbourne","16":"tag-sharon-osbourne","17":"tag-spain"},"share_on_mastodon":{"url":"https:\/\/pubeurope.com\/@es\/115895803895672766","error":""},"_links":{"self":[{"href":"https:\/\/www.europesays.com\/es\/wp-json\/wp\/v2\/posts\/341033","targetHints":{"allow":["GET"]}}],"collection":[{"href":"https:\/\/www.europesays.com\/es\/wp-json\/wp\/v2\/posts"}],"about":[{"href":"https:\/\/www.europesays.com\/es\/wp-json\/wp\/v2\/types\/post"}],"author":[{"embeddable":true,"href":"https:\/\/www.europesays.com\/es\/wp-json\/wp\/v2\/users\/2"}],"replies":[{"embeddable":true,"href":"https:\/\/www.europesays.com\/es\/wp-json\/wp\/v2\/comments?post=341033"}],"version-history":[{"count":0,"href":"https:\/\/www.europesays.com\/es\/wp-json\/wp\/v2\/posts\/341033\/revisions"}],"wp:featuredmedia":[{"embeddable":true,"href":"https:\/\/www.europesays.com\/es\/wp-json\/wp\/v2\/media\/341034"}],"wp:attachment":[{"href":"https:\/\/www.europesays.com\/es\/wp-json\/wp\/v2\/media?parent=341033"}],"wp:term":[{"taxonomy":"category","embeddable":true,"href":"https:\/\/www.europesays.com\/es\/wp-json\/wp\/v2\/categories?post=341033"},{"taxonomy":"post_tag","embeddable":true,"href":"https:\/\/www.europesays.com\/es\/wp-json\/wp\/v2\/tags?post=341033"}],"curies":[{"name":"wp","href":"https:\/\/api.w.org\/{rel}","templated":true}]}}