{"id":341039,"date":"2026-01-14T22:28:10","date_gmt":"2026-01-14T22:28:10","guid":{"rendered":"https:\/\/www.europesays.com\/es\/341039\/"},"modified":"2026-01-14T22:28:10","modified_gmt":"2026-01-14T22:28:10","slug":"hallan-una-variedad-oculta-de-e-coli-involucrada-en-infecciones-del-pie-diabetico","status":"publish","type":"post","link":"https:\/\/www.europesays.com\/es\/341039\/","title":{"rendered":"Hallan una variedad oculta de E coli involucrada en infecciones del pie diab\u00e9tico"},"content":{"rendered":"<p>Las infecciones del pie diab\u00e9tico (IPD) son una complicaci\u00f3n com\u00fan de la diabetes y una de las principales causas de amputaci\u00f3n de miembros inferiores en todo el mundo.\u00a0Se estima que entre el 19-34% de los pacientes diab\u00e9ticos desarrollar\u00e1n \u00falceras del pie diab\u00e9tico durante su vida, el 80% de las cuales &#8230;            &#13;\n        <\/p>\n<p> &#13;<br \/>\n&#13;<br \/>\n&#13;<\/p>\n<p>Las infecciones del pie diab\u00e9tico (IPD) son una <strong>complicaci\u00f3n com\u00fan de la diabetes<\/strong> y una de las principales causas de amputaci\u00f3n de miembros inferiores en todo el mundo.\u00a0Se estima que entre el 19-34% de los pacientes diab\u00e9ticos desarrollar\u00e1n \u00falceras del pie diab\u00e9tico durante su vida, el 80% de las cuales progresar\u00e1n a IPD.<\/p>\n<p>En ello se basa un reciente estudio impulsado por\u00a0el King&#8217;s College de Londres (Reino Unido),\u00a0en colaboraci\u00f3n con la Universidad de Westminster. Su importancia radica en haber\u00a0presentado la primera <strong>caracterizaci\u00f3n gen\u00f3mica<\/strong> multisitio de Escherichia coli\u00a0asociada al pie diab\u00e9tico\u00a0(DFEC), tal como lo expone en la revista &#8216;Microbiology Spectrum&#8217;.<\/p>\n<p>Los investigadores analizaron secuencias gen\u00f3micas completas de 42 cepas de E. coli aisladas de \u00falceras infectadas de pie diab\u00e9tico en pacientes de Nigeria, Reino Unido, Ghana, Suecia, Malasia, China, Corea del Sur, Brasil, India y Estados Unidos. Al secuenciar el ADN completo de cada cepa bacteriana, el equipo pudo examinar patrones globales en la biolog\u00eda de E. coli asociadas con la enfermedad del pie diab\u00e9tico. Este enfoque permiti\u00f3 a los investigadores <strong>comparar las diferencias gen\u00e9ticas <\/strong>entre cepas, identificar genes relacionados con la resistencia a los antibi\u00f3ticos e identificar los factores que contribuyen a la gravedad de la enfermedad.<\/p>\n<p>El an\u00e1lisis gen\u00f3mico mostr\u00f3 una<strong> gran diversidad de cepas de E. coli<\/strong>. Las bacterias pertenec\u00edan a diversos grupos gen\u00e9ticos y portaban una amplia gama de genes relacionados con la resistencia a los antibi\u00f3ticos y la enfermedad. Esto demuestra que no existe un \u00fanico tipo de E. coli responsable de las infecciones del pie diab\u00e9tico, y que distintos linajes fueron capaces de adaptarse independientemente al entorno del pie diab\u00e9tico.<\/p>\n<p> &#13;<br \/>\n&#13;<\/p>\n<p>Al analizar c\u00f3mo se relacionan las cepas e identificar los mecanismos de resistencia y los rasgos de virulencia (las caracter\u00edsticas o herramientas que hacen que un microbio sea m\u00e1s da\u00f1ino) que portan, la investigaci\u00f3n ayuda a explicar por qu\u00e9 algunas infecciones del pie diab\u00e9tico son particularmente dif\u00edciles de tratar o pueden progresar r\u00e1pidamente a una enfermedad grave.<\/p>\n<p>Tal como indicaron los autores, alrededor del <strong>8 por ciento de las cepas fueron clasificadas como resistentes a m\u00faltiples f\u00e1rmacos<\/strong> o extremadamente resistentes a los f\u00e1rmacos, lo que significa que son resistentes a m\u00faltiples o casi todos los antibi\u00f3ticos disponibles.<\/p>\n<p>\u00abComprender estas bacterias a nivel gen\u00f3mico es crucial para mejorar el diagn\u00f3stico y permitir tratamientos m\u00e1s espec\u00edficos para las personas con diabetes. Al identificar las cepas de E. coli m\u00e1s comunes y los antibi\u00f3ticos a los que probablemente resistan, los m\u00e9dicos pueden elegir terapias con mayor probabilidad de eficacia, lo que ayuda a reducir la infecci\u00f3n prolongada, la hospitalizaci\u00f3n y el riesgo de amputaci\u00f3n\u00bb, destac\u00f3 el <strong>Dr. Vincenzo<\/strong> <strong>Torraca,<\/strong> profesor de Enfermedades Infecciosas en el King&#8217;s College de Londres y autor principal del estudio.<\/p>\n<p>Las investigaciones futuras se centrar\u00e1n, seg\u00fan estos cient\u00edficos, en comprender c\u00f3mo los factores de virulencia espec\u00edficos identificados en el estudio contribuyen a la progresi\u00f3n de la enfermedad. Muchos de los aislados portan genes que permiten a E. coli adherirse a los tejidos del hu\u00e9sped o evadir el sistema inmunitario. Investigar c\u00f3mo operan estas caracter\u00edsticas en el entorno del pie diab\u00e9tico podr\u00eda revelar nuevas dianas terap\u00e9uticas y respaldar el desarrollo de mejores estrategias de tratamiento.<\/p>\n<p>\u00abEsta informaci\u00f3n ser\u00e1 particularmente valiosa en entornos de bajos recursos, donde las infecciones por E. coli de las \u00falceras del pie diab\u00e9tico son m\u00e1s comunes y donde las herramientas de diagn\u00f3stico r\u00e1pido para la resistencia a los antimicrobianos no siempre est\u00e1n f\u00e1cilmente disponibles\u00bb, tal como expuso\u00a0<strong>Victor Ajumobi,<\/strong> <strong>estudiante de doctorado de segundo a\u00f1o en el King&#8217;s College de Londres y la Universidad de Westminster, y primer autor del trabajo.\u00a0<\/strong><\/p>\n<p>\u00a0<\/p>\n","protected":false},"excerpt":{"rendered":"Las infecciones del pie diab\u00e9tico (IPD) son una complicaci\u00f3n com\u00fan de la diabetes y una de las principales&hellip;\n","protected":false},"author":2,"featured_media":341040,"comment_status":"","ping_status":"","sticky":false,"template":"","format":"standard","meta":{"footnotes":""},"categories":[92],"tags":[490,46854,5593,1705,2215,33377,77695,52671,7779,77693,28818,28536,13875,10378,77697,1083,25,52670,24,7179,5134,2381,71705,10000,165,2218,77409,77694,869,11024,8395,29681,12082,77696,11021,7171,740,13398,166,23,3266,1064,37028],"class_list":{"0":"post-341039","1":"post","2":"type-post","3":"status-publish","4":"format-standard","5":"has-post-thumbnail","7":"category-salud","8":"tag-abre","9":"tag-adaptarse","10":"tag-alta","11":"tag-analisis","12":"tag-antibioticos","13":"tag-asociadas","14":"tag-bacterianos","15":"tag-coli","16":"tag-demuestra","17":"tag-diabetico","18":"tag-dificultad","19":"tag-distintos","20":"tag-diversidad","21":"tag-e","22":"tag-eficaces","23":"tag-entorno","24":"tag-es","25":"tag-escherichia","26":"tag-espana","27":"tag-este","28":"tag-explica","29":"tag-genetica","30":"tag-genomico","31":"tag-hallan","32":"tag-health","33":"tag-infecciones","34":"tag-involucrada","35":"tag-linajes","36":"tag-lo","37":"tag-mecanismos","38":"tag-multiples","39":"tag-oculta","40":"tag-pie","41":"tag-precisas","42":"tag-presentan","43":"tag-pueden","44":"tag-puerta","45":"tag-resistencia","46":"tag-salud","47":"tag-spain","48":"tag-terapias","49":"tag-tratamiento","50":"tag-variedad"},"share_on_mastodon":{"url":"","error":"Validation failed: Text character limit of 500 exceeded"},"_links":{"self":[{"href":"https:\/\/www.europesays.com\/es\/wp-json\/wp\/v2\/posts\/341039","targetHints":{"allow":["GET"]}}],"collection":[{"href":"https:\/\/www.europesays.com\/es\/wp-json\/wp\/v2\/posts"}],"about":[{"href":"https:\/\/www.europesays.com\/es\/wp-json\/wp\/v2\/types\/post"}],"author":[{"embeddable":true,"href":"https:\/\/www.europesays.com\/es\/wp-json\/wp\/v2\/users\/2"}],"replies":[{"embeddable":true,"href":"https:\/\/www.europesays.com\/es\/wp-json\/wp\/v2\/comments?post=341039"}],"version-history":[{"count":0,"href":"https:\/\/www.europesays.com\/es\/wp-json\/wp\/v2\/posts\/341039\/revisions"}],"wp:featuredmedia":[{"embeddable":true,"href":"https:\/\/www.europesays.com\/es\/wp-json\/wp\/v2\/media\/341040"}],"wp:attachment":[{"href":"https:\/\/www.europesays.com\/es\/wp-json\/wp\/v2\/media?parent=341039"}],"wp:term":[{"taxonomy":"category","embeddable":true,"href":"https:\/\/www.europesays.com\/es\/wp-json\/wp\/v2\/categories?post=341039"},{"taxonomy":"post_tag","embeddable":true,"href":"https:\/\/www.europesays.com\/es\/wp-json\/wp\/v2\/tags?post=341039"}],"curies":[{"name":"wp","href":"https:\/\/api.w.org\/{rel}","templated":true}]}}