{"id":341060,"date":"2026-01-14T22:44:08","date_gmt":"2026-01-14T22:44:08","guid":{"rendered":"https:\/\/www.europesays.com\/es\/341060\/"},"modified":"2026-01-14T22:44:08","modified_gmt":"2026-01-14T22:44:08","slug":"el-veradero-motivo-de-la-salida-de-pablo-benegas-de-la-oreja-de-van-gogh-tras-el-regreso-de-amaia-montero","status":"publish","type":"post","link":"https:\/\/www.europesays.com\/es\/341060\/","title":{"rendered":"El veradero motivo de la salida de Pablo Benegas de La Oreja de Van Gogh tras el regreso de Amaia Montero"},"content":{"rendered":"<p>El regreso de La Oreja de Van Gogh contin\u00faa <a title=\"Amaia Montero\" href=\"https:\/\/www.larazon.es\/gente\/tv\/amaia-montero-responde-criticas-cinco-palabras-imagen-tajante_202601026957e8b6af09df5010995fff.html\" target=\"_blank\" rel=\"nofollow noopener\">Amaia Montero<\/a> contin\u00faa dando de qu\u00e9 hablar. Despu\u00e9s del estreno de su esperado primer single en esta nueva etapa con la cantante, el grupo vuelve a acaparar los titulares por la salida de<a title=\" Pablo Benegas\" href=\"https:\/\/www.larazon.es\/cultura\/musica\/quien-pablo-benegas-que-marcha-oreja-van-gogh-p7m_2025101468ee2ecb0e3c6c509836d727.html\" target=\"_blank\" rel=\"nofollow noopener\"> Pablo Benegas<\/a>, guitarrista y compositor de la formaci\u00f3n.<\/p>\n<p>El artista se ha desvinculado totalmente de LODVG, incluida la estructura empresarial de la banda. Ahora, el periodista David Insua ha desvelado en el programa \u00abEl despertador\u00bb, de RNE, <b>el verdadero motivo por el que Benegas decidi\u00f3 salir de la banda con el regreso de Amaia Montero.<\/b><\/p>\n<p>El colaborador de \u00abNo somos nadie\u00bb ha desvelado que el guitarrista no estaba de acuerdo con la vuelta de la cantante a la formaci\u00f3n. \u00ab<b>En el momento en el que se plantea la vuelta de ella a la formaci\u00f3n, \u00e9l, que siente adoraci\u00f3n por ella y no tiene nada personal en contra, decide ponerse en contra de esa vuelta para primar el bienestar de Amaia\u00bb, <\/b>ha explicado el periodista.<\/p>\n<p>Seg\u00fan Insua, Benegas \u00ab<b>no ve a Amaia en condiciones de asumir todos los compromisos que est\u00e1 asumiendo la banda y el nivel de exigencia que hay que tener para ser vocalista de La Oreja de Van Gogh en una gira tan extensa\u00bb. <\/b><\/p>\n<p>El compositor expuso esta situaci\u00f3n con sus compa\u00f1eros y la respuesta no fue la esperada. \u00abLa respuesta no es la mejor y \u00e9l decide simplemente dar un paso atr\u00e1s y no participar en algo que \u00e9l considera que no es del todo bueno para ella<b>. Esta es la situaci\u00f3n por la que \u00e9l no est\u00e1 en la formaci\u00f3n<\/b>\u00ab, ha a\u00f1adido Insua.<\/p>\n<p>Nueva pol\u00e9mica de LODVG<\/p>\n<p>La banda se encuentra inmersa en los preparativos para su esperada gira de este 2026 con <a title=\"Amaia Montero\" href=\"https:\/\/www.larazon.es\/gente\/celebrities\/ultimas-reacciones-vuelta-amaia-montero-malu-leire-martinez_2025101968f4edc1dc27b32ca38c43cd.html\" target=\"_blank\" rel=\"nofollow noopener\">Amaia Montero<\/a>. 19 a\u00f1os despu\u00e9s de su salida de la formaci\u00f3n, la vasca volver\u00e1 a subirse a los escenarios con el grup<b>o que le catapult\u00f3 a la fama y todas las miradas est\u00e1n puestas en esta nueva etapa.<\/b><\/p>\n<p>Esta semana, La Oreja de Van Gogh public\u00f3 un v\u00eddeo ensayando \u00abMu\u00f1eca de trapo\u00bb, una de sus canciones m\u00e1s conocidas y todo un himno generacional. Los fans no tardaron en reaccionar a las im\u00e1genes y la gran mayor\u00eda de las opiniones coincid\u00edan en la voz de Amaia.<b> \u00abSiento que la gira va a ser un fracaso, ya sea porque si canta en directo est\u00e1 claro que no va a poder llegar a las notas; y si hace playback se la van a comer\u00bb,<\/b> escribi\u00f3 una usuaria en X. A pesar de la oleada de cr\u00edticas, numerosos fans salieron en defensa de la cantante.<\/p>\n<p>Ser\u00e1 el pr\u00f3ximo 9 de mayo cuando arranque la gira \u00abTantas cosas que contar\u00bb en San Sebasti\u00e1n. La banda tiene m\u00e1s de 30 fechas confirmadas en nuestro pa\u00eds y ha colgado el cartel de \u00absold out\u00bb en gran parte de sus shows.<b> \u00bfConseguir\u00e1n convencer a la opini\u00f3n p\u00fablica en esta nueva etapa?<\/b><\/p>\n","protected":false},"excerpt":{"rendered":"El regreso de La Oreja de Van Gogh contin\u00faa Amaia Montero contin\u00faa dando de qu\u00e9 hablar. Despu\u00e9s del&hellip;\n","protected":false},"author":2,"featured_media":341061,"comment_status":"","ping_status":"","sticky":false,"template":"","format":"standard","meta":{"footnotes":""},"categories":[174],"tags":[255,146,147,25,24,256,23],"class_list":{"0":"post-341060","1":"post","2":"type-post","3":"status-publish","4":"format-standard","5":"has-post-thumbnail","7":"category-famosos","8":"tag-celebrities","9":"tag-entertainment","10":"tag-entretenimiento","11":"tag-es","12":"tag-espana","13":"tag-famosos","14":"tag-spain"},"share_on_mastodon":{"url":"https:\/\/pubeurope.com\/@es\/115895878432468237","error":""},"_links":{"self":[{"href":"https:\/\/www.europesays.com\/es\/wp-json\/wp\/v2\/posts\/341060","targetHints":{"allow":["GET"]}}],"collection":[{"href":"https:\/\/www.europesays.com\/es\/wp-json\/wp\/v2\/posts"}],"about":[{"href":"https:\/\/www.europesays.com\/es\/wp-json\/wp\/v2\/types\/post"}],"author":[{"embeddable":true,"href":"https:\/\/www.europesays.com\/es\/wp-json\/wp\/v2\/users\/2"}],"replies":[{"embeddable":true,"href":"https:\/\/www.europesays.com\/es\/wp-json\/wp\/v2\/comments?post=341060"}],"version-history":[{"count":0,"href":"https:\/\/www.europesays.com\/es\/wp-json\/wp\/v2\/posts\/341060\/revisions"}],"wp:featuredmedia":[{"embeddable":true,"href":"https:\/\/www.europesays.com\/es\/wp-json\/wp\/v2\/media\/341061"}],"wp:attachment":[{"href":"https:\/\/www.europesays.com\/es\/wp-json\/wp\/v2\/media?parent=341060"}],"wp:term":[{"taxonomy":"category","embeddable":true,"href":"https:\/\/www.europesays.com\/es\/wp-json\/wp\/v2\/categories?post=341060"},{"taxonomy":"post_tag","embeddable":true,"href":"https:\/\/www.europesays.com\/es\/wp-json\/wp\/v2\/tags?post=341060"}],"curies":[{"name":"wp","href":"https:\/\/api.w.org\/{rel}","templated":true}]}}