{"id":341062,"date":"2026-01-14T22:47:08","date_gmt":"2026-01-14T22:47:08","guid":{"rendered":"https:\/\/www.europesays.com\/es\/341062\/"},"modified":"2026-01-14T22:47:08","modified_gmt":"2026-01-14T22:47:08","slug":"impactante-thriller-de-6-capitulos-rodado-en-barcelona","status":"publish","type":"post","link":"https:\/\/www.europesays.com\/es\/341062\/","title":{"rendered":"impactante &#8216;thriller&#8217; de 6 cap\u00edtulos rodado en Barcelona"},"content":{"rendered":"<p data-gtm-element-container=\"modulo-texto-link\" class=\"paragraph\">Con la gran cantidad de estrenos semanales en <strong>Netflix<\/strong>, es habitual que muchas producciones no permanezcan m\u00e1s de una o dos semanas en el Top 10 de lo m\u00e1s visto. Este tiempo se alarga \u00fanicamente en los estrenos muy esperados, en grandes producciones o en series y pel\u00edculas que cuentan con una cr\u00edtica destacada.<\/p>\n<p data-gtm-element-container=\"modulo-texto-link\" class=\"paragraph\">Una de las miniseries m\u00e1s vistas y que lleva m\u00e1s de un mes en el Top 10 de series en Espa\u00f1a es &#8216;<strong>Ciudad de sombras&#8217;<\/strong>. Esta producci\u00f3n de seis episodios se estren\u00f3 el pasado 12 de diciembre y, a d\u00eda de hoy, sigue en esta importante lista, que adem\u00e1s sirve para captar nuevos espectadores.<\/p>\n<p>                <img loading=\"lazy\" decoding=\"async\" data-full-src=\"https:\/\/www.mundodeportivo.com\/uploads\/2026\/01\/14\/69680212daefb.jpeg\" alt=\"'Ciudad de sombras'\" width=\"449\" height=\"299\" src=\"https:\/\/www.europesays.com\/es\/wp-content\/uploads\/2026\/01\/69680212daefb.jpeg\" class=\"lazy\"\/><\/p>\n<p class=\"caption-title \">&#8216;Ciudad de sombras&#8217;<\/p>\n<p>                    LUCIA FARAIG\/NETFLIX<\/p>\n<p data-gtm-element-container=\"modulo-texto-link\" class=\"paragraph\">La serie est\u00e1 protagonizada por dos inspectores de polic\u00eda interpretados por <strong>Isak F\u00e9rriz y Ver\u00f3nica Echegui<\/strong>. Monolo Solo, Ana Wagener, Marc Clotet, Aina Clotet, Irene Montal\u00e0, \u00c0gata Roca, Jordi Rico, Mar\u00eda Ad\u00e1nez, Vicky Pe\u00f1a, David Vliment y David Vert, entre otros, completan el reparto.<\/p>\n<p>                <img loading=\"lazy\" decoding=\"async\" data-full-src=\"https:\/\/www.mundodeportivo.com\/uploads\/2025\/11\/14\/6917364c61392.jpeg\" alt=\"Isak F\u00e9rriz y Ver\u00f3nica Echegui en 'Ciudad de sombras'.\" width=\"449\" height=\"299\" src=\"https:\/\/www.europesays.com\/es\/wp-content\/uploads\/2026\/01\/6917364c61392.jpeg\" class=\"lazy\"\/><\/p>\n<p class=\"caption-title \">Isak F\u00e9rriz y Ver\u00f3nica Echegui en &#8216;Ciudad de sombras&#8217;.<\/p>\n<p>                    LANDER LARRA\u00d1AGA\/NETFLIX<\/p>\n<p>Sinopsis de &#8216;Ciudad de sombras&#8217;<\/p>\n<p data-gtm-element-container=\"modulo-texto-link\" class=\"paragraph\">Un macabro crimen ha ocurrido en La Pedrera &#8211; Casa Mil\u00e0: <strong>un cuerpo quemado ha aparecido en la fachada del emblem\u00e1tico edificio de Gaud\u00ed.<\/strong> El inspector Milo Malart (Isak F\u00e9rriz), hasta ahora suspendido por indisciplina en los Mossos, regresa a la actividad en la Ciudad Condal para, de la mano de la subinspectora Rebeca Garrido (Ver\u00f3nica Echegui), tratar de dar con el autor del crimen.<\/p>\n<p>    Lee tambi\u00e9n<\/p>\n<p data-gtm-element-container=\"modulo-texto-link\" class=\"paragraph\">La miniserie, que convierte a la ciudad de Barcelona en una gran protagonista de la historia, cuenta con una gran cantidad de comentarios positivos en X recomendando la ficci\u00f3n. Adem\u00e1s, la serie <strong>dedica cada cap\u00edtulo a Ver\u00f3nica Echegui<\/strong>, fallecida antes del estreno y tras finalizar el rodaje.<\/p>\n","protected":false},"excerpt":{"rendered":"Con la gran cantidad de estrenos semanales en Netflix, es habitual que muchas producciones no permanezcan m\u00e1s de&hellip;\n","protected":false},"author":2,"featured_media":341063,"comment_status":"","ping_status":"","sticky":false,"template":"","format":"standard","meta":{"footnotes":""},"categories":[171],"tags":[146,147,25,24,23,214],"class_list":{"0":"post-341062","1":"post","2":"type-post","3":"status-publish","4":"format-standard","5":"has-post-thumbnail","7":"category-tv","8":"tag-entertainment","9":"tag-entretenimiento","10":"tag-es","11":"tag-espana","12":"tag-spain","13":"tag-tv"},"share_on_mastodon":{"url":"https:\/\/pubeurope.com\/@es\/115895890521254824","error":""},"_links":{"self":[{"href":"https:\/\/www.europesays.com\/es\/wp-json\/wp\/v2\/posts\/341062","targetHints":{"allow":["GET"]}}],"collection":[{"href":"https:\/\/www.europesays.com\/es\/wp-json\/wp\/v2\/posts"}],"about":[{"href":"https:\/\/www.europesays.com\/es\/wp-json\/wp\/v2\/types\/post"}],"author":[{"embeddable":true,"href":"https:\/\/www.europesays.com\/es\/wp-json\/wp\/v2\/users\/2"}],"replies":[{"embeddable":true,"href":"https:\/\/www.europesays.com\/es\/wp-json\/wp\/v2\/comments?post=341062"}],"version-history":[{"count":0,"href":"https:\/\/www.europesays.com\/es\/wp-json\/wp\/v2\/posts\/341062\/revisions"}],"wp:featuredmedia":[{"embeddable":true,"href":"https:\/\/www.europesays.com\/es\/wp-json\/wp\/v2\/media\/341063"}],"wp:attachment":[{"href":"https:\/\/www.europesays.com\/es\/wp-json\/wp\/v2\/media?parent=341062"}],"wp:term":[{"taxonomy":"category","embeddable":true,"href":"https:\/\/www.europesays.com\/es\/wp-json\/wp\/v2\/categories?post=341062"},{"taxonomy":"post_tag","embeddable":true,"href":"https:\/\/www.europesays.com\/es\/wp-json\/wp\/v2\/tags?post=341062"}],"curies":[{"name":"wp","href":"https:\/\/api.w.org\/{rel}","templated":true}]}}