{"id":341066,"date":"2026-01-14T22:49:11","date_gmt":"2026-01-14T22:49:11","guid":{"rendered":"https:\/\/www.europesays.com\/es\/341066\/"},"modified":"2026-01-14T22:49:11","modified_gmt":"2026-01-14T22:49:11","slug":"sustraiak-raices-perdidas-cuando-la-escalada-se-convierte-en-refugio-y-voz-para-jovenes-migrantes","status":"publish","type":"post","link":"https:\/\/www.europesays.com\/es\/341066\/","title":{"rendered":"\u201cSustraiak. Ra\u00edces perdidas\u201d: cuando la escalada se convierte en refugio y voz para j\u00f3venes migrantes"},"content":{"rendered":"<p class=\"articleParagraph\">Hoy el cineasta navarro <b>Luis Arrieta<\/b> ha presentado en <b>Onda Cero \u00abSustraiak. Ra\u00edces perdidas\u00bb<\/b>, su nuevo largometraje documental, que se estrena en ma\u00f1ana en Pamplona, en los cines <b>Golem Baiona<\/b>. La pel\u00edcula obtuvo en diciembre en el <b>BBK Mendi Film Festival de Bilbao <\/b>el premio a la <b>Mejor Pel\u00edcula de Cultura y Naturaleza<\/b>. Tras dos a\u00f1os de trabajo, el reconocimiento ha supuesto para el director un alivio y una confirmaci\u00f3n de que la historia que imagin\u00f3 logra llegar al p\u00fablico.<\/p>\n<p class=\"articleParagraph\">Ra\u00edces perdidas narra la historia de<b> tres j\u00f3venes migrantes<\/b>, una chica y dos chicos, que <b>descubren la escalada y la monta\u00f1a como espacio de encuentro, superaci\u00f3n y reconstrucci\u00f3n personal<\/b>. La pel\u00edcula se sit\u00faa en la <b>intersecci\u00f3n entre el cine de monta\u00f1a y el cine social<\/b>, una combinaci\u00f3n que Arrieta lleva explorando desde hace a\u00f1os con el objetivo de que sus <b>historias conecten tambi\u00e9n con quienes no tienen relaci\u00f3n directa con este entorno natural<\/b>.<\/p>\n<p class=\"articleParagraph\"><b>La idea del documental surge a partir del contacto del director con el programa de mentor\u00eda Kideak <\/b>y con iniciativas que utilizan la escalada para generar v\u00ednculos sociales entre j\u00f3venes migrantes no acompa\u00f1ados y personas del entorno local. En ese contexto, Arrieta comienza a acompa\u00f1arles semanalmente, c\u00e1mara en mano, sin un guion cerrado y con la intenci\u00f3n de observar qu\u00e9 historias pod\u00edan emerger. Lejos de mostrar rechazo, <b>los protagonistas se implican desde el primer momento, compartiendo im\u00e1genes y relatos con naturalidad, conscientes del poder de la c\u00e1mara para llegar a sus familias y al exterior<\/b>.<\/p>\n<p class=\"articleParagraph\">Con el paso del tiempo, la pel\u00edcula deja de centrarse \u00fanicamente en el descubrimiento de la monta\u00f1a para<b> profundizar en las vidas, emociones y experiencias migratorias de los protagonistas<\/b>. La soledad, la p\u00e9rdida, los sue\u00f1os rotos y la desesperanza aparecen como sentimientos recurrentes, especialmente al alcanzar la mayor\u00eda de edad y perder la protecci\u00f3n institucional sin contar a\u00fan con papeles, estudios o apoyo familiar.<\/p>\n<p class=\"articleParagraph\">El documental pone el foco en una realidad a menudo tratada desde los titulares y la gesti\u00f3n pol\u00edtica, pero pocas veces desde la escucha directa. <b>Arrieta reivindica la necesidad de una mirada m\u00e1s humana y emp\u00e1tica, recordando que muchos de estos j\u00f3venes migraron siendo menores, en circunstancias extremas y, en ocasiones, sin haber tomado ellos mismos la decisi\u00f3n<\/b>. Historias como la de Hiba, una joven especialmente vulnerable por su condici\u00f3n de mujer, o la de Manan, que pierde a su padre en un naufragio durante la traves\u00eda hacia Europa, muestran la diversidad y dureza de estas experiencias.<\/p>\n<p class=\"articleParagraph\"><b>La escalada funciona en \u00abSustraiak\u00bb como met\u00e1fora vital: fijar un objetivo, luchar por alcanzarlo y aprender a caer y volver a intentarlo.<\/b> Sin paternalismo ni victimismo, la pel\u00edcula retrata a sus protagonistas como j\u00f3venes con futuro, atrapados en un sistema que condiciona sus oportunidades.<\/p>\n","protected":false},"excerpt":{"rendered":"Hoy el cineasta navarro Luis Arrieta ha presentado en Onda Cero \u00abSustraiak. Ra\u00edces perdidas\u00bb, su nuevo largometraje documental,&hellip;\n","protected":false},"author":2,"featured_media":341067,"comment_status":"","ping_status":"","sticky":false,"template":"","format":"standard","meta":{"footnotes":""},"categories":[169],"tags":[177,146,147,25,24,176,175,23],"class_list":{"0":"post-341066","1":"post","2":"type-post","3":"status-publish","4":"format-standard","5":"has-post-thumbnail","7":"category-cine","8":"tag-cine","9":"tag-entertainment","10":"tag-entretenimiento","11":"tag-es","12":"tag-espana","13":"tag-film","14":"tag-movies","15":"tag-spain"},"share_on_mastodon":{"url":"https:\/\/pubeurope.com\/@es\/115895898158435808","error":""},"_links":{"self":[{"href":"https:\/\/www.europesays.com\/es\/wp-json\/wp\/v2\/posts\/341066","targetHints":{"allow":["GET"]}}],"collection":[{"href":"https:\/\/www.europesays.com\/es\/wp-json\/wp\/v2\/posts"}],"about":[{"href":"https:\/\/www.europesays.com\/es\/wp-json\/wp\/v2\/types\/post"}],"author":[{"embeddable":true,"href":"https:\/\/www.europesays.com\/es\/wp-json\/wp\/v2\/users\/2"}],"replies":[{"embeddable":true,"href":"https:\/\/www.europesays.com\/es\/wp-json\/wp\/v2\/comments?post=341066"}],"version-history":[{"count":0,"href":"https:\/\/www.europesays.com\/es\/wp-json\/wp\/v2\/posts\/341066\/revisions"}],"wp:featuredmedia":[{"embeddable":true,"href":"https:\/\/www.europesays.com\/es\/wp-json\/wp\/v2\/media\/341067"}],"wp:attachment":[{"href":"https:\/\/www.europesays.com\/es\/wp-json\/wp\/v2\/media?parent=341066"}],"wp:term":[{"taxonomy":"category","embeddable":true,"href":"https:\/\/www.europesays.com\/es\/wp-json\/wp\/v2\/categories?post=341066"},{"taxonomy":"post_tag","embeddable":true,"href":"https:\/\/www.europesays.com\/es\/wp-json\/wp\/v2\/tags?post=341066"}],"curies":[{"name":"wp","href":"https:\/\/api.w.org\/{rel}","templated":true}]}}