{"id":341088,"date":"2026-01-14T23:06:09","date_gmt":"2026-01-14T23:06:09","guid":{"rendered":"https:\/\/www.europesays.com\/es\/341088\/"},"modified":"2026-01-14T23:06:09","modified_gmt":"2026-01-14T23:06:09","slug":"olatz-santana-la-portera-suplente-que-amargo-al-madrid-estoy-en-shock","status":"publish","type":"post","link":"https:\/\/www.europesays.com\/es\/341088\/","title":{"rendered":"Olatz Santana, la portera suplente que amarg\u00f3 al Madrid: \u201cEstoy en shock\u201d"},"content":{"rendered":"<p class=\"\">Aunque se estren\u00f3 en Primera all\u00e1 por 2021 y tiene 28 a\u00f1os, <b>apenas acumula siete partidos de experiencia en la \u00e9lite<\/b>. Y con ese cartel de<b> suplente habitual, Olatz Santana<\/b> (Hernani, Gipuzkoa, 1997) <b>salt\u00f3 al c\u00e9sped del Di St\u00e9fano<\/b> <a href=\"https:\/\/as.com\/futbol\/femenino\/santana-resiste-y-ortega-ruge-para-que-las-leonas-devoren-al-madrid-f202601-n\/\" target=\"_blank\" rel=\"noreferrer nofollow noopener\" title=\"https:\/\/as.com\/futbol\/femenino\/santana-resiste-y-ortega-ruge-para-que-las-leonas-devoren-al-madrid-f202601-n\/\">en el minuto 6 del partido entre Real Madrid y Athletic<\/a>, por la contusi\u00f3n cerebral sufrida por su compa\u00f1era Adriana Nanclares, y <b>se puso la capa de superhero\u00edna<\/b> para ser la MVP del choque y ayudar a las suyas a llevarse los tres puntos del feudo blanco por primera vez en su historia. \u201cAhora mismo estoy un poco en shock,<b> <\/b><b>pero seguro que despu\u00e9s lo valorar\u00e9 tambi\u00e9n much\u00edsimo<\/b>\u201c, admiti\u00f3 la portera vasca en rueda de prensa.<\/p>\n<p class=\"\">Quiz\u00e1 la afici\u00f3n blanca no se esperara las paradas que Santana realizar\u00eda durante el choque. Formada entre el club de su <b>Hernani <\/b>natal y el m\u00edtico <b>A\u00f1orga<\/b>, la vasca jug\u00f3 despu\u00e9s en el <b>Eibar <\/b>antes de fichar por la<b> Real Sociedad B en 2019 <\/b>y estrenarse en el <b>primer equipo txuri-urdin un 9 de mayo de 2021<\/b>, curiosamente, frente al Athletic (con derrota por 2-1). Desde entonces fue <b>suplente habitual de Adriana Nanclares<\/b>, ahora de nuevo compa\u00f1era suya en el club zurigorri, <b>y Elene Lete<\/b>, ahora en el London City. <\/p>\n<p class=\"\">De esta forma, con apenas seis partidos de experiencia en Primera, Santana brill\u00f3 en el Di St\u00e9fano,<b> donde realiz\u00f3 ocho paradas, seg\u00fan los datos recogidos por <\/b><b>Sofascore<\/b>. Entre las m\u00e1s vistosas, estuvieron dos pies espectaculares a <b>Weir<\/b>, otra intervenci\u00f3n frente a <b>Linda <\/b>y<b> un mano a mano tapado a Alba Redondo<\/b> en los minutos finales. Tremenda.<\/p>\n<p class=\"\">\u201cProbablemente el contexto no sea el mejor por mi compa\u00f1era, Adriana, que espero se recupere lo antes posible. Supongo que, como dec\u00eds, es una victoria importante, por ser ante el Madrid, en su casa, que no se hab\u00eda logrado nunca&#8230; <b>Ahora mismo estoy un poco en <\/b><b>shock, <\/b><b>pero seguro que despu\u00e9s lo valorar\u00e9 tambi\u00e9n much\u00edsimo<\/b>\u201c, afirm\u00f3 Olatz Santana ante los medios.<\/p>\n<p class=\"\">La portera de Hernani lleg\u00f3 al Athletic este verano procedente de la Real Sociedad, pero no hab\u00eda podido estrenarse con la camiseta zurigorri hasta el momento. <b>\u201cMuy contentos por ella, era la \u00fanica que no hab\u00eda tenido la oportunidad de jugar. <\/b>No era un escenario nada f\u00e1cil; creo que <b>ha respondido con creces <\/b>y que ha contribuido a estos tres puntos\u201d, valor\u00f3 el entrenador Javier Lerga. <\/p>\n<p>Noticias relacionadas<a href=\"https:\/\/as.com\/futbol\/femenino\/lerga-sobre-su-baby-athletic-es-una-bendicion-tener-esta-energia-f202601-n\/\" class=\"s_m_w\" title=\"El entrenador del Athletic valor\u00f3 la victoria de las suyas sobre el Real Madrid. Tambi\u00e9n habl\u00f3 Olatz Santana. Nanclares recibi\u00f3 el alta hospitalaria.\" data-tb-link=\"\" rel=\"nofollow noopener\" target=\"_blank\"><img decoding=\"async\" src=\"https:\/\/www.europesays.com\/es\/wp-content\/uploads\/2026\/01\/LT5OGMJAYVOSFPH2JAACAGPYKA.jpg\" alt=\"Lerga, sobre su \u2018Baby Athletic\u2019: \u201cEs una bendici\u00f3n tener esta energ\u00eda\u201d\" class=\"\" height=\"9\" width=\"16\"   loading=\"lazy\" data-tb-thumbnail=\"\"\/><\/a><a href=\"https:\/\/as.com\/futbol\/femenino\/santana-resiste-y-ortega-ruge-para-que-las-leonas-devoren-al-madrid-f202601-n\/\" class=\"s_m_w\" title=\"El Athletic suma su primera victoria en el Di St\u00e9fano gracias a los paradones de la debutante guardameta y el golazo de la extremo riojana. Primera derrota blanca en casa.\" data-tb-link=\"\" rel=\"nofollow noopener\" target=\"_blank\"><img decoding=\"async\" src=\"https:\/\/www.europesays.com\/es\/wp-content\/uploads\/2026\/01\/1768431969_336_V3T4LVQNQFJTJDTEIXCXE7PSMQ.jpg\" alt=\"Santana resiste y Ortega ruge para que las leonas devoren al Madrid\" class=\"\" height=\"9\" width=\"16\"   loading=\"lazy\" data-tb-thumbnail=\"\"\/><\/a><\/p>\n<p class=\"\">Con contrato hasta el pr\u00f3ximo 30 de junio, Santana explic\u00f3 tambi\u00e9n c\u00f3mo es ser la portera suplente de un equipo.<b> \u201cTienes que trabajar d\u00eda a d\u00eda pensando que tu oportunidad va a llegar.<\/b> Es muy importante sentirte parte de un grupo y arropada, porque tienes d\u00edas buenos y d\u00edas menos buenos. Yo la verdad que me he sentido muy bien durante toda mi carrera con mis compa\u00f1eras\u00bb, afirm\u00f3 la guardameta de Hernani<a href=\"https:\/\/as.com\/futbol\/femenino\/arrula-aun-no-me-creo-haber-ganado-a-alexia-y-a-aitana-f202601-n\/\" target=\"_blank\" rel=\"noreferrer nofollow noopener\" title=\"https:\/\/as.com\/futbol\/femenino\/arrula-aun-no-me-creo-haber-ganado-a-alexia-y-a-aitana-f202601-n\/\">, que se mostr\u00f3 conmovida con las palabras de Julia Arrula <\/a>en AS sobre lo que aprendi\u00f3 de ella: <b>\u201cEs como mi hermana peque\u00f1a y me emociona mucho que tenga ese recuerdo de m<\/b>\u00ed\u201d.<\/p>\n<p class=\"\"><b>\u00a1Tus opiniones importan!<\/b> Comenta en los art\u00edculos y suscr\u00edbete gratis a nuestra <a href=\"https:\/\/asfan.as.com\/newsletters\/\" target=\"_blank\" rel=\"nofollow noopener\" title=\"https:\/\/asfan.as.com\/newsletters\/\">newsletter<\/a> y a las alertas informativas en la <a href=\"https:\/\/as.com\/aplicacion-de-as-n\/\" target=\"_blank\" rel=\"nofollow noopener\" title=\"https:\/\/as.com\/aplicacion-de-as-n\/\">App<\/a> o el canal de <a href=\"https:\/\/www.whatsapp.com\/channel\/0029VaAasdA7j6g745nz9M10\" target=\"_blank\" rel=\"nofollow noopener\" title=\"https:\/\/www.whatsapp.com\/channel\/0029VaAasdA7j6g745nz9M10\">WhatsApp<\/a>. \u00bfBuscas licenciar contenido? Haz clic <a href=\"https:\/\/profesional.elpais.com\/soluciones-sindicacion?utm_medium=interno&amp;utm_source=crosslinking&amp;utm_campaign=sindicacion_as_pie_articulos\" target=\"_blank\" rel=\"nofollow noopener\" title=\"https:\/\/profesional.elpais.com\/soluciones-sindicacion?utm_medium=interno&amp;utm_source=crosslinking&amp;utm_campaign=sindicacion_as_pie_articulos\">aqu\u00ed<\/a><\/p>\n","protected":false},"excerpt":{"rendered":"Aunque se estren\u00f3 en Primera all\u00e1 por 2021 y tiene 28 a\u00f1os, apenas acumula siete partidos de experiencia&hellip;\n","protected":false},"author":2,"featured_media":341089,"comment_status":"","ping_status":"","sticky":false,"template":"","format":"standard","meta":{"footnotes":""},"categories":[268],"tags":[168,25,24,280,282,281,23,167],"class_list":{"0":"post-341088","1":"post","2":"type-post","3":"status-publish","4":"format-standard","5":"has-post-thumbnail","7":"category-futbol","8":"tag-deportes","9":"tag-es","10":"tag-espana","11":"tag-football","12":"tag-futbol","13":"tag-soccer","14":"tag-spain","15":"tag-sports"},"share_on_mastodon":{"url":"https:\/\/pubeurope.com\/@es\/115895965208067356","error":""},"_links":{"self":[{"href":"https:\/\/www.europesays.com\/es\/wp-json\/wp\/v2\/posts\/341088","targetHints":{"allow":["GET"]}}],"collection":[{"href":"https:\/\/www.europesays.com\/es\/wp-json\/wp\/v2\/posts"}],"about":[{"href":"https:\/\/www.europesays.com\/es\/wp-json\/wp\/v2\/types\/post"}],"author":[{"embeddable":true,"href":"https:\/\/www.europesays.com\/es\/wp-json\/wp\/v2\/users\/2"}],"replies":[{"embeddable":true,"href":"https:\/\/www.europesays.com\/es\/wp-json\/wp\/v2\/comments?post=341088"}],"version-history":[{"count":0,"href":"https:\/\/www.europesays.com\/es\/wp-json\/wp\/v2\/posts\/341088\/revisions"}],"wp:featuredmedia":[{"embeddable":true,"href":"https:\/\/www.europesays.com\/es\/wp-json\/wp\/v2\/media\/341089"}],"wp:attachment":[{"href":"https:\/\/www.europesays.com\/es\/wp-json\/wp\/v2\/media?parent=341088"}],"wp:term":[{"taxonomy":"category","embeddable":true,"href":"https:\/\/www.europesays.com\/es\/wp-json\/wp\/v2\/categories?post=341088"},{"taxonomy":"post_tag","embeddable":true,"href":"https:\/\/www.europesays.com\/es\/wp-json\/wp\/v2\/tags?post=341088"}],"curies":[{"name":"wp","href":"https:\/\/api.w.org\/{rel}","templated":true}]}}