{"id":341090,"date":"2026-01-14T23:07:11","date_gmt":"2026-01-14T23:07:11","guid":{"rendered":"https:\/\/www.europesays.com\/es\/341090\/"},"modified":"2026-01-14T23:07:11","modified_gmt":"2026-01-14T23:07:11","slug":"una-boda-secreta-tres-meses-despues-de-hacer-publica-su-relacion","status":"publish","type":"post","link":"https:\/\/www.europesays.com\/es\/341090\/","title":{"rendered":"una boda secreta, tres meses despu\u00e9s de hacer p\u00fablica su relaci\u00f3n"},"content":{"rendered":"<p>El 2026 ha arrancado como un aut\u00e9ntico renacer para <strong>Imanol Arias<\/strong>. A sus 68 a\u00f1os, el actor atraviesa uno de esos momentos vitales que invitan a mirar atr\u00e1s con serenidad y hacia delante con ilusi\u00f3n. El \u00e9xito profesional le sonr\u00ede gracias a su trabajo sobre las tablas junto a Mar\u00eda Barranco y al estreno de &#8216;Innato&#8217;, el nuevo thriller de Netflix que coprotagoniza con Elena Anaya. Pero, m\u00e1s all\u00e1 de los aplausos y los focos, el int\u00e9rprete celebra tambi\u00e9n una gran noticia en lo personal: <strong>se ha casado de nuevo<\/strong>.<\/p>\n<p><img loading=\"lazy\" decoding=\"async\"   src=\"https:\/\/www.europesays.com\/es\/wp-content\/uploads\/2026\/01\/imanol-arias_00000000_847b2875_260114205329_1200x800.webp.webp\" alt=\"imanol arias\" class=\"lazyload\" width=\"1200\" height=\"800\" data-aspectratio=\"1200\/800\"\/><\/p>\n<p>El propio Imanol Arias ha explicado que el enlace tuvo lugar \u201chace pocos d\u00edas\u201d.<\/p>\n<p>&#13;Gtres<\/p>\n<p>Aunque siempre ha protegido su intimidad con un f\u00e9rreo muro de discreci\u00f3n, el pasado mes de octubre sali\u00f3 a la luz que Imanol hab\u00eda vuelto a enamorarse. Apenas <strong>tres meses despu\u00e9s de confirmarse<\/strong> aquella relaci\u00f3n sentimental con una mujer argentina, el actor ria\u00f1\u00e9s ha dado un paso firme y definitivo: <strong>la pareja se ha dado el \u201cs\u00ed, quiero\u201d<\/strong>. As\u00ed lo ha confirmado el propio Imanol Arias en &#8216;El Correo Vasco&#8217;, donde ha explicado que el enlace tuvo lugar \u201chace pocos d\u00edas\u201d, sin entrar en m\u00e1s detalles sobre la ceremonia.<\/p>\n<p>Un amor en secreto<img loading=\"lazy\" decoding=\"async\"   src=\"https:\/\/www.europesays.com\/es\/wp-content\/uploads\/2026\/01\/imanol-arias-no-usar_8deefced_260114205419_1200x675.webp.webp\" alt=\"Imanol Arias NO USAR\" class=\"lazyload\" width=\"1200\" height=\"675\" data-aspectratio=\"1200\/675\"\/><\/p>\n<p>La nueva esposa de Imanol es argentina y ha trabajado como administrativa en la C\u00e1mara de Diputados de Argentina y como asesora en el Senado entre 2013 y 2021.\u00a0<\/p>\n<p>&#13;Lecturas<\/p>\n<p>La historia de amor entre ambos no es tan reciente como podr\u00eda parecer. Se remonta a muchos a\u00f1os atr\u00e1s, aunque fue a finales de 2024 cuando sus caminos volvieron a cruzarse. El reencuentro se produjo <a href=\"https:\/\/www.lecturas.com\/actualidad\/luis-pliego-director-lecturas-desvela-quien-es-nuevo-amor-imanol-arias-es-historia-preciosa_183506\" target=\"_blank\" rel=\"nofollow noopener\">durante un viaje del actor a Argentina<\/a>, en un momento especialmente delicado de su vida. \u201cEscapando de todo el esc\u00e1ndalo que ten\u00eda en Espa\u00f1a, hizo una gira all\u00ed. La conoci\u00f3, se enamoraron y <strong>ahora ella est\u00e1 en Madrid con \u00e9l<\/strong>\u201d, cont\u00f3 hace unos meses Luis Pliego, director de la revista Lecturas.<\/p>\n<p><img loading=\"lazy\" decoding=\"async\"   src=\"https:\/\/www.europesays.com\/es\/wp-content\/uploads\/2026\/01\/pastora-vega-e-imanol-arias_8988d0f0_260114205735_1200x813.webp.webp\" alt=\"Pastora Vega e Imanol Arias \" class=\"lazyload\" width=\"1200\" height=\"813\" data-aspectratio=\"1200\/813\"\/><\/p>\n<p>Imanol Arias y Pastora Vega estuvieron casados durante 25 a\u00f1os, y tienen dos hijos en com\u00fan: Jon y Daniel.\u00a0<\/p>\n<p>&#13;GTRES<\/p>\n<p>Con este nuevo enlace, la argentina se convierte en <strong>la cuarta esposa de Imanol Arias<\/strong>. Su primer matrimonio fue con <strong>Socorro Anad\u00f3n<\/strong>, seguido de su medi\u00e1tica uni\u00f3n con <strong>Pastora Vega<\/strong>, madre de dos de sus hijos. M\u00e1s tarde comparti\u00f3 siete a\u00f1os de relaci\u00f3n y matrimonio con la dise\u00f1adora <strong>Irene Meritxell<\/strong>, de la que se separ\u00f3 en 2021. Pero el actor no ha perdido la esperanza en el amor, y prueba de ello, es su reciente matrimonio con la argentina.\u00a0<\/p>\n<p><img decoding=\"async\" src=\"https:\/\/www.europesays.com\/es\/wp-content\/uploads\/2026\/01\/miranda-rijnsburger-y-julio-iglesias_2e9e5736_260114123032_800x800.webp.webp\" alt=\"Miranda Rijnsburger y Julio Iglesias\" class=\"image lazyload\"\/><img loading=\"lazy\" decoding=\"async\" src=\"https:\/\/www.europesays.com\/es\/wp-content\/uploads\/2026\/01\/miranda-rijnsburger-y-julio-iglesias_2e9e5736_260114123037_1280x720.webp.webp\" alt=\"Luis Pliego, director de la revista Lecturas, sobre Julio Iglesias: &quot;Del testimonio de estas mujeres se desprende que Miranda y Julio est\u00e1n separados&quot;\" class=\"image lazyload\" width=\"1280\" height=\"720\" data-aspectratio=\"1280\/720\"\/><\/p>\n<p>De la nueva esposa de Imanol apenas han trascendido datos, fiel reflejo de la voluntad de ambos por mantener su relaci\u00f3n lejos del foco medi\u00e1tico. Se sabe que es argentina y que cuenta con <strong>una s\u00f3lida trayectoria profesional<\/strong>: ha trabajado como administrativa en la C\u00e1mara de Diputados de Argentina y como asesora en el Senado entre 2013 y 2021. Un perfil discreto, alejado del mundo art\u00edstico, que parece haber aportado estabilidad y calma al actor.<\/p>\n<p>Recupera la ilusi\u00f3n tras sus malos momentos<\/p>\n<p>Este romance lleg\u00f3 en uno de los momentos m\u00e1s complejos de su trayectoria personal. Hace aproximadamente un a\u00f1o, Imanol se encontraba inmerso en la <strong>negociaci\u00f3n con la Fiscal\u00eda Anticorrupci\u00f3n<\/strong> para evitar su ingreso en prisi\u00f3n tras ocho a\u00f1os de investigaci\u00f3n por una presunta trama de evasi\u00f3n fiscal. El proceso concluy\u00f3 con una condena de <strong>dos a\u00f1os y dos meses de prisi\u00f3n, que no lleg\u00f3 a cumplir<\/strong> gracias al acuerdo alcanzado con la Fiscal\u00eda Anticorrupci\u00f3n y la Abogac\u00eda del Estado, a cambio del pago de una multa.<\/p>\n<p><img loading=\"lazy\" decoding=\"async\"   src=\"https:\/\/www.europesays.com\/es\/wp-content\/uploads\/2026\/01\/imanol-arias_00000000_1ccb7440_260114205805_1200x800.webp.webp\" alt=\"Imanol Arias\" class=\"lazyload\" width=\"1200\" height=\"800\" data-aspectratio=\"1200\/800\"\/><\/p>\n<p><strong>E<\/strong>n los pr\u00f3ximos meses se convertir\u00e1 en abuelo. Su hijo Jon espera su primer hijo junto a la actriz Alba Ribas.\u00a0<\/p>\n<p>&#13;GTRES<\/p>\n<p>Superado ese cap\u00edtulo judicial, el actor ha ido reconstruyendo su vida paso a paso. Pero esta inesperada boda no ha sido el \u00fanico acontecimiento que ha llenado de ilusi\u00f3n a Imanol. Y es que <strong>en los pr\u00f3ximos meses se convertir\u00e1 en abuelo<\/strong>. Su hijo Jon espera su primer hijo junto a la actriz Alba Ribas.\u00a0<\/p>\n","protected":false},"excerpt":{"rendered":"El 2026 ha arrancado como un aut\u00e9ntico renacer para Imanol Arias. A sus 68 a\u00f1os, el actor atraviesa&hellip;\n","protected":false},"author":2,"featured_media":341091,"comment_status":"","ping_status":"","sticky":false,"template":"","format":"standard","meta":{"footnotes":""},"categories":[174],"tags":[255,146,147,25,24,256,23],"class_list":{"0":"post-341090","1":"post","2":"type-post","3":"status-publish","4":"format-standard","5":"has-post-thumbnail","7":"category-famosos","8":"tag-celebrities","9":"tag-entertainment","10":"tag-entretenimiento","11":"tag-es","12":"tag-espana","13":"tag-famosos","14":"tag-spain"},"share_on_mastodon":{"url":"https:\/\/pubeurope.com\/@es\/115895969029684181","error":""},"_links":{"self":[{"href":"https:\/\/www.europesays.com\/es\/wp-json\/wp\/v2\/posts\/341090","targetHints":{"allow":["GET"]}}],"collection":[{"href":"https:\/\/www.europesays.com\/es\/wp-json\/wp\/v2\/posts"}],"about":[{"href":"https:\/\/www.europesays.com\/es\/wp-json\/wp\/v2\/types\/post"}],"author":[{"embeddable":true,"href":"https:\/\/www.europesays.com\/es\/wp-json\/wp\/v2\/users\/2"}],"replies":[{"embeddable":true,"href":"https:\/\/www.europesays.com\/es\/wp-json\/wp\/v2\/comments?post=341090"}],"version-history":[{"count":0,"href":"https:\/\/www.europesays.com\/es\/wp-json\/wp\/v2\/posts\/341090\/revisions"}],"wp:featuredmedia":[{"embeddable":true,"href":"https:\/\/www.europesays.com\/es\/wp-json\/wp\/v2\/media\/341091"}],"wp:attachment":[{"href":"https:\/\/www.europesays.com\/es\/wp-json\/wp\/v2\/media?parent=341090"}],"wp:term":[{"taxonomy":"category","embeddable":true,"href":"https:\/\/www.europesays.com\/es\/wp-json\/wp\/v2\/categories?post=341090"},{"taxonomy":"post_tag","embeddable":true,"href":"https:\/\/www.europesays.com\/es\/wp-json\/wp\/v2\/tags?post=341090"}],"curies":[{"name":"wp","href":"https:\/\/api.w.org\/{rel}","templated":true}]}}