{"id":341094,"date":"2026-01-14T23:11:08","date_gmt":"2026-01-14T23:11:08","guid":{"rendered":"https:\/\/www.europesays.com\/es\/341094\/"},"modified":"2026-01-14T23:11:08","modified_gmt":"2026-01-14T23:11:08","slug":"amaia-montero-tras-las-criticas-al-video-de-la-oreja-de-van-gogh-ensayando-no-tengo-miedo-al-fuego-eterno-gente","status":"publish","type":"post","link":"https:\/\/www.europesays.com\/es\/341094\/","title":{"rendered":"Amaia Montero, tras las cr\u00edticas al v\u00eddeo de La Oreja de Van Gogh ensayando: \u00abNo tengo miedo al fuego eterno\u00bb | Gente"},"content":{"rendered":"<p class=\"loc\">Madrid<\/p>\n<p>Desde que la m\u00edtica banda espa\u00f1ola La Oreja de Van Gogh anunciara en octubre de 2024 que Leire Mart\u00ednez dejaba de ser vocalista del grupo tras 17 a\u00f1os y que volv\u00eda a serlo Amaia Montero, ambas se han visto envueltas en varias pol\u00e9micas.<\/p>\n<p>M\u00e1s informaci\u00f3n<\/p>\n<p>Una de las \u00faltimas fue en Nochevieja, cuando la banda musical present\u00f3 su nueva canci\u00f3n Todos estamos bailando la misma canci\u00f3n con Amaia Montero como vocalista, que llam\u00f3 la atenci\u00f3n en redes sociales por su atuendo, con el que muchos bromearon asegurando que parec\u00eda un n\u00f3rdico, y porque hablaba de dios. Tras los memes, Montero respondi\u00f3 con una publicaci\u00f3n en Instagram siguiendo la broma.<\/p>\n<p>El pol\u00e9mico v\u00eddeo<\/p>\n<p>Unos d\u00edas despu\u00e9s, el pasado martes, la banda donostiarra comparti\u00f3 en sus redes sociales un v\u00eddeo en el que se les ve\u00eda preparando su gira, que comienza el pr\u00f3ximo 9 de mayo en Bilbao, ensayando en un local. En dicho v\u00eddeo se ve\u00eda al grupo interpretando la canci\u00f3n Mu\u00f1eca de trapo, uno de sus mayores \u00e9xitos. Algunos han apoyado a Montero y se han emocionado por la posibilidad de escuchar este tema en directo.<\/p>\n<p>Sin embargo, ha habido parte del p\u00fablico de la banda que se ha alarmado por c\u00f3mo se le escucha cantar, cuestionando si su voz est\u00e1 a la altura de la pr\u00f3xima gira y comparando su interpretaci\u00f3n con la de la exvocalista Leire Mart\u00ednez.<\/p>\n<p>\u00abMiedo me dan los conciertos de LODVG viendo esto de los ensayos\u00bb, apuntaba una usuaria en X, en contraste con la defensa de otra usuaria que a\u00f1ad\u00eda que \u00abes obvio que un ensayo est\u00e1 pensado para ensayar las canciones, pero no para estar sonorizado como sonar\u00eda en el directo\u00bb.<\/p>\n<p>Tras los miles de comentarios en las redes sociales, este mi\u00e9rcoles Montero ha compartido una publicaci\u00f3n en Instagram en la que se le ve la mitad del rostro y en el pie de foto escrib\u00eda \u00abNo tengo miedo al fuego eterno\u00bb, verso de la canci\u00f3n que interpretaban en el pol\u00e9mico v\u00eddeo.<\/p>\n<p>La publicaci\u00f3n ha recibido numerosos comentarios defendiendo a la artista. \u00abContigo todo! Sin ti nada, Amaia!\u00bb, ha comentado un usuario. \u00abEres una luchadora y guerrera. Yo tengo la entrada y estoy muy emocionada de verte. Gracias por luchar y volver\u00bb, ha escrito otra usuaria.<\/p>\n<p>Adem\u00e1s, en las historias de su cuenta de Instagram, la cantante ha subido la misma fotograf\u00eda que en la publicaci\u00f3n, pero a\u00f1adiendo de fondo el sonido de olas de mar.<\/p>\n","protected":false},"excerpt":{"rendered":"Madrid Desde que la m\u00edtica banda espa\u00f1ola La Oreja de Van Gogh anunciara en octubre de 2024 que&hellip;\n","protected":false},"author":2,"featured_media":341095,"comment_status":"","ping_status":"","sticky":false,"template":"","format":"standard","meta":{"footnotes":""},"categories":[170],"tags":[146,147,25,24,184,185,23],"class_list":{"0":"post-341094","1":"post","2":"type-post","3":"status-publish","4":"format-standard","5":"has-post-thumbnail","7":"category-musica","8":"tag-entertainment","9":"tag-entretenimiento","10":"tag-es","11":"tag-espana","12":"tag-music","13":"tag-musica","14":"tag-spain"},"share_on_mastodon":{"url":"https:\/\/pubeurope.com\/@es\/115895984916166489","error":""},"_links":{"self":[{"href":"https:\/\/www.europesays.com\/es\/wp-json\/wp\/v2\/posts\/341094","targetHints":{"allow":["GET"]}}],"collection":[{"href":"https:\/\/www.europesays.com\/es\/wp-json\/wp\/v2\/posts"}],"about":[{"href":"https:\/\/www.europesays.com\/es\/wp-json\/wp\/v2\/types\/post"}],"author":[{"embeddable":true,"href":"https:\/\/www.europesays.com\/es\/wp-json\/wp\/v2\/users\/2"}],"replies":[{"embeddable":true,"href":"https:\/\/www.europesays.com\/es\/wp-json\/wp\/v2\/comments?post=341094"}],"version-history":[{"count":0,"href":"https:\/\/www.europesays.com\/es\/wp-json\/wp\/v2\/posts\/341094\/revisions"}],"wp:featuredmedia":[{"embeddable":true,"href":"https:\/\/www.europesays.com\/es\/wp-json\/wp\/v2\/media\/341095"}],"wp:attachment":[{"href":"https:\/\/www.europesays.com\/es\/wp-json\/wp\/v2\/media?parent=341094"}],"wp:term":[{"taxonomy":"category","embeddable":true,"href":"https:\/\/www.europesays.com\/es\/wp-json\/wp\/v2\/categories?post=341094"},{"taxonomy":"post_tag","embeddable":true,"href":"https:\/\/www.europesays.com\/es\/wp-json\/wp\/v2\/tags?post=341094"}],"curies":[{"name":"wp","href":"https:\/\/api.w.org\/{rel}","templated":true}]}}