{"id":341154,"date":"2026-01-14T23:53:09","date_gmt":"2026-01-14T23:53:09","guid":{"rendered":"https:\/\/www.europesays.com\/es\/341154\/"},"modified":"2026-01-14T23:53:09","modified_gmt":"2026-01-14T23:53:09","slug":"trabaje-por-telefono-en-la-boda-de-mi-hija","status":"publish","type":"post","link":"https:\/\/www.europesays.com\/es\/341154\/","title":{"rendered":"Trabaj\u00e9 por tel\u00e9fono en la boda de mi hija"},"content":{"rendered":"<p class=\"c-paragraph\"><a href=\"https:\/\/www.20minutos.es\/tags\/instituciones-empresas\/el-hormiguero.html\" title=\"El hormiguero\" rel=\"nofollow noopener\" target=\"_blank\">El Hormiguero<\/a> ha recibido en la noche de este mi\u00e9rcoles a Antonio Banderas. El invitado Platino regresa al programa de Antena 3 para explicar c\u00f3mo ha sido el proceso y montaje de su<b>\u00a0adaptaci\u00f3n\u00a0de\u00a0Godspell<\/b>, que llega al Gran Teatro Pav\u00f3n de Madrid a partir de 21 de enero.<\/p>\n<p class=\"c-paragraph\">\u00ab\u00bfQu\u00e9 se te pasa por la cabeza? \u00bfCu\u00e1ntas veces la has visto?\u00bb, fue lo primero que le pregunt\u00f3 Pablo Motos al actor y productor malague\u00f1o, pues su obra ha estado previamente en la cartelera del Teatro Soho. \u00abNosotros hemos hecho en M\u00e1laga 75 representaciones y de ellas creo que me habr\u00e9 visto 40. <b>Me siento con una libreta y escribo cosas que veo y puedo corregir<\/b>\u00ab, apunt\u00f3 Banderas.<\/p>\n<p class=\"c-paragraph\">El guionista asegur\u00f3 en su explicaci\u00f3n que le gusta \u00abmaneter a la compa\u00f1\u00eda tensa y muy viva\u00bb. \u00abTus actores tiemblan cada vez que dices que has tenido una idea\u00bb, brome\u00f3 el de Requena. \u00abProbablemente\u00bb, le respondi\u00f3 su invitado entre risas, que aprovech\u00f3 para alabar a su equipo: \u00abSon estupendos,<b> el mejor elenco joven de teatro musical<\/b> que se haya visto en Espa\u00f1a en toda la historia\u00bb.<\/p>\n<p class=\"c-paragraph\">Durante la entrevista, el presentador le hizo una comprometida pregunta a Banderas: \u00ab\u00bfEs verdad que estabas trabajando el d\u00eda que se cas\u00f3 tu hija Stella?\u00bb. \u00abEstaba trabajando, pero por tel\u00e9fono, en comunicaci\u00f3n con M\u00e1laga\u00bb, se defendi\u00f3 el invitado. \u00ab<b>Tuve que faltar cinco d\u00edas durante el periodo de ensayo<\/b> y manten\u00eda una comunicaci\u00f3n telef\u00f3nica con los que se hab\u00edan quedado\u00bb, reconoci\u00f3 sobre el asunto.\u00a0<\/p>\n<p class=\"c-paragraph\">\u00abNo me resisto, \u00bfc\u00f3mo fue la boda? \u00bfRegalaste puros?\u00bb, quiso saber Pablo Motos sobre el enlace matrimonial de su hija. \u00abNo fue una boda as\u00ed como tradicional, fue muy bonita. Yo ya hab\u00eda conocido el lugar donde la hicimos, era una iglesia del siglo XII, desconsagrada, que est\u00e1 adherida a un parador. Ella quer\u00eda eso, lo vio porque un d\u00eda se lo ense\u00f1\u00e9 en fotos <b>Quer\u00eda casarse en Espa\u00f1a, eso para ella s\u00ed era un deseo, <\/b>era importante, porque ella naci\u00f3 aqu\u00ed y se siente muy espa\u00f1ola\u00bb, detall\u00f3 el actor.<\/p>\n","protected":false},"excerpt":{"rendered":"El Hormiguero ha recibido en la noche de este mi\u00e9rcoles a Antonio Banderas. El invitado Platino regresa al&hellip;\n","protected":false},"author":2,"featured_media":341155,"comment_status":"","ping_status":"","sticky":false,"template":"","format":"standard","meta":{"footnotes":""},"categories":[174],"tags":[4040,3083,255,5813,146,147,25,24,256,5812,23],"class_list":{"0":"post-341154","1":"post","2":"type-post","3":"status-publish","4":"format-standard","5":"has-post-thumbnail","7":"category-famosos","8":"tag-antena-3","9":"tag-antonio-banderas","10":"tag-celebrities","11":"tag-el-hormiguero","12":"tag-entertainment","13":"tag-entretenimiento","14":"tag-es","15":"tag-espana","16":"tag-famosos","17":"tag-pablo-motos","18":"tag-spain"},"share_on_mastodon":{"url":"https:\/\/pubeurope.com\/@es\/115896149978997992","error":""},"_links":{"self":[{"href":"https:\/\/www.europesays.com\/es\/wp-json\/wp\/v2\/posts\/341154","targetHints":{"allow":["GET"]}}],"collection":[{"href":"https:\/\/www.europesays.com\/es\/wp-json\/wp\/v2\/posts"}],"about":[{"href":"https:\/\/www.europesays.com\/es\/wp-json\/wp\/v2\/types\/post"}],"author":[{"embeddable":true,"href":"https:\/\/www.europesays.com\/es\/wp-json\/wp\/v2\/users\/2"}],"replies":[{"embeddable":true,"href":"https:\/\/www.europesays.com\/es\/wp-json\/wp\/v2\/comments?post=341154"}],"version-history":[{"count":0,"href":"https:\/\/www.europesays.com\/es\/wp-json\/wp\/v2\/posts\/341154\/revisions"}],"wp:featuredmedia":[{"embeddable":true,"href":"https:\/\/www.europesays.com\/es\/wp-json\/wp\/v2\/media\/341155"}],"wp:attachment":[{"href":"https:\/\/www.europesays.com\/es\/wp-json\/wp\/v2\/media?parent=341154"}],"wp:term":[{"taxonomy":"category","embeddable":true,"href":"https:\/\/www.europesays.com\/es\/wp-json\/wp\/v2\/categories?post=341154"},{"taxonomy":"post_tag","embeddable":true,"href":"https:\/\/www.europesays.com\/es\/wp-json\/wp\/v2\/tags?post=341154"}],"curies":[{"name":"wp","href":"https:\/\/api.w.org\/{rel}","templated":true}]}}