{"id":341160,"date":"2026-01-14T23:57:22","date_gmt":"2026-01-14T23:57:22","guid":{"rendered":"https:\/\/www.europesays.com\/es\/341160\/"},"modified":"2026-01-14T23:57:22","modified_gmt":"2026-01-14T23:57:22","slug":"las-fotografias-del-espectacular-viaje-de-madonna-a-marruecos-con-su-novio-y-sus-hijos-no-te-puedo-soltar","status":"publish","type":"post","link":"https:\/\/www.europesays.com\/es\/341160\/","title":{"rendered":"Las fotograf\u00edas del espectacular viaje de Madonna a Marruecos con su novio y sus hijos: \u201cNo te puedo soltar\u201d"},"content":{"rendered":"<p id=\"eL_7i1E3Gy\" data-wc=\"151\">Es pleno 2026 y Madonna sigue con la misma presencia que cuando la vimos por primera vez a principios de los a\u00f1os 80. Con su est\u00e9tica rompedora se impuso como un icono y referente al poco de empezar su carrera musical. Arrebatadoramente ella, sin pedir permiso ni disculpas, conquistaba los escenarios con una fuerza indiscutible que la elev\u00f3 al estatus de leyenda en la industria que pocos han podido igualar. Ahora, <a class=\"hm-link ho-link\" href=\"https:\/\/www.hola.com\/actualidad\/20250408825182\/madonna-elton-john-enemistad-20-anyos\/\" data-mrf-recirculation=\"article-body-link\" rel=\"nofollow noopener\" target=\"_blank\">m\u00e1s de tres d\u00e9cadas despu\u00e9s, la artista no ha perdido su esencia<\/a> y se mantiene fiel a una de las frases m\u00e1s c\u00e9lebres que ha pronunciado: \u201cNunca he tenido una vida convencional, as\u00ed que ser\u00eda de idiotas creer que ahora voy a empezar a tomar decisiones convencionales\u201d. A Madonna no le hace falta estar sobre las tablas para presumir de su arrollador car\u00e1cter, como ha demostrado en numerosas ocasiones, es as\u00ed en todas sus facetas, incluso en la m\u00e1s personal.\u00a0<\/p>\n<p> <img src=\"https:\/\/www.europesays.com\/es\/wp-content\/uploads\/2026\/01\/772d34594266-saveclipapp614601426185626984480585533063618762975030772n.jpg\"   width=\"768\" height=\"1024\" loading=\"lazy\" decoding=\"async\" alt=\"Media Image\" fetchpriority=\"auto\" class=\"image ho-image\"\/>\u00a9 @madonna<\/p>\n<p> <img src=\"https:\/\/www.europesays.com\/es\/wp-content\/uploads\/2026\/01\/be812d8e0188-saveclipapp615258050185626986250585534901968223316766009n.jpg\"   width=\"768\" height=\"1024\" loading=\"lazy\" decoding=\"async\" alt=\"Media Image\" fetchpriority=\"auto\" class=\"image ho-image\"\/>\u00a9 @madonna<\/p>\n<p id=\"eLIoRoI9bB\" data-wc=\"119\">As\u00ed lo ha demostrado cuando <a class=\"hm-link ho-link\" href=\"https:\/\/www.hola.com\/actualidad\/20251231875592\/las-fotos-del-lujoso-viaje-de-madonna-con-su-familia-a-marrakech\/\" data-mrf-recirculation=\"article-body-link\" rel=\"nofollow noopener\" target=\"_blank\">este mi\u00e9rcoles ha compartido unas instant\u00e1neas de su \u00faltimo viaje a Marruecos<\/a> en el que estuvo acompa\u00f1ada por sus hijos \u2014Rocco, de 25 a\u00f1os, David, de 20, Mercy, de 19, y las gemelas Stella y Estere, de 13 a\u00f1os\u2014 y su chico, Akeem Morris, con quien lleva saliendo desde el verano de 2024. En las espectaculares im\u00e1genes, donde demuestra que sigue siendo la &#8216;reina del pop&#8217;, podemos ver las incre\u00edbles actividades que han podido disfrutar durante estos d\u00edas en algunas de las maravillas que ofrece el pa\u00eds \u00e1rabe. \u00abMarruecos&#8230;&#8230;&#8230;.. \u00a1No puedo dejarte ir!\u00bb, ha escrito la precursora junto a las mencionadas fotograf\u00edas, acompa\u00f1ando al texto de emoticonos que reflejan su amor por este destino.<\/p>\n<p> <img src=\"https:\/\/www.europesays.com\/es\/wp-content\/uploads\/2026\/01\/9918c5b0befd-saveclipapp616002018185626984660585533632000155132412602n.jpg\"   width=\"768\" height=\"1024\" loading=\"lazy\" decoding=\"async\" alt=\"Media Image\" fetchpriority=\"auto\" class=\"image ho-image\"\/>\u00a9 @madonna<\/p>\n<p> <img src=\"https:\/\/www.europesays.com\/es\/wp-content\/uploads\/2026\/01\/0c6c0c0216aa-saveclipapp615344588185626984060585536683082171888909973n.jpg\"   width=\"768\" height=\"1024\" loading=\"lazy\" decoding=\"async\" alt=\"Media Image\" fetchpriority=\"auto\" class=\"image ho-image\"\/>\u00a9 @madonna<\/p>\n<p id=\"eQup1yJcqe\" data-wc=\"103\">Marruecos no fue elegido al azar para pasar unos d\u00edas de relax; el v\u00ednculo de la artista estadounidense con este pa\u00eds va m\u00e1s all\u00e1 de un posible destino est\u00e9tico o repleto de lujos. La estrella mundial siente un especial cari\u00f1o al espectacular abanico cultural que ofrece este pa\u00eds, as\u00ed como una profunda conexi\u00f3n con la experiencia religiosa y espiritual que inunda las calles de las ciudades marroqu\u00eds. Adem\u00e1s, Marrakech, la capital, fue el escenario de la incre\u00edble fiesta que organiz\u00f3 la int\u00e9rprete con motivo de su 60 cumplea\u00f1os en 2018, demostrando que se trata de un destino id\u00edlico para celebrar sus grandes logros.\u00a0<\/p>\n<p> <img src=\"https:\/\/www.europesays.com\/es\/wp-content\/uploads\/2026\/01\/cdd745a91815-saveclipapp613585024185626985710585532075484602314408550n.jpg\"   width=\"768\" height=\"1024\" loading=\"lazy\" decoding=\"async\" alt=\"Media Image\" fetchpriority=\"auto\" class=\"image ho-image\"\/>\u00a9 @madonna<\/p>\n<p> <img src=\"https:\/\/www.europesays.com\/es\/wp-content\/uploads\/2026\/01\/65d22dc4ea8a-saveclipapp615234419185626984150585535835928910299615616n.jpg\"   width=\"768\" height=\"1024\" loading=\"lazy\" decoding=\"async\" alt=\"Media Image\" fetchpriority=\"auto\" class=\"image ho-image\"\/>\u00a9 @madonna<\/p>\n<p id=\"eltYjvWoTm\" data-wc=\"106\">Uno de los protagonistas de esta sesi\u00f3n de fotos extendida a lo largo del viaje ha sido <a class=\"hm-link ho-link\" href=\"https:\/\/www.hola.com\/actualidad\/20240814712695\/madonna-se-prepara-para-la-gran-fiesta-por-su-66-cumpleanos-junto-a-akeem-morris-de-28-anos\/\" data-mrf-recirculation=\"article-body-link\" rel=\"nofollow noopener\" target=\"_blank\">Akeem, su pareja desde hace m\u00e1s de a\u00f1o y medio<\/a>. Si bien los rumores de un posible romance comenzaron en el verano de 2024 \u2014los cuales se confirmaron al ver al joven, de 28 a\u00f1os, en la fiesta del 66 cumplea\u00f1os de la artista\u2014, Madonna y el modelo se conocen desde 2022. En ese a\u00f1o coincidieron en una sesi\u00f3n de fotos para la revista Paper titulada\u00a0Madonna Is The Wildest Party Favor, y aunque formaron una bonita amistad, su historia de amor tard\u00f3 un par de a\u00f1os en llegar.\u00a0<\/p>\n<p> <img src=\"https:\/\/www.europesays.com\/es\/wp-content\/uploads\/2026\/01\/95ea5016a623-saveclipapp615351842185626985410585538019082271206385271n.jpg\"   width=\"768\" height=\"1024\" loading=\"lazy\" decoding=\"async\" alt=\"Media Image\" fetchpriority=\"auto\" class=\"image ho-image\"\/>\u00a9 @madonna<\/p>\n<p> <img src=\"https:\/\/www.europesays.com\/es\/wp-content\/uploads\/2026\/01\/86ff95fd3fb4-saveclipapp615213032185626984360585532537975710397354192n.jpg\"   width=\"768\" height=\"1024\" loading=\"lazy\" decoding=\"async\" alt=\"Media Image\" fetchpriority=\"auto\" class=\"image ho-image\"\/>\u00a9 @madonna<\/p>\n<p id=\"eUefdsxsfA\" data-wc=\"64\">Akeem, adem\u00e1s de modelo, se gradu\u00f3 en Ciencias Pol\u00edticas y Gobierno por la Universidad de Stony Brook (Long Island). Lleg\u00f3 a Nueva York desde su pa\u00eds natal, Jamaica, con la idea de dedicarse al deporte. Si bien triunf\u00f3 durante una temporada como delantero del equipo neoyorkino Oyster Bay United F.C., su talento ante las c\u00e1maras no pas\u00f3 desapercibido y comenz\u00f3 a trabajar como maniqu\u00ed.\u00a0<\/p>\n<p> <img src=\"https:\/\/www.europesays.com\/es\/wp-content\/uploads\/2026\/01\/5405915c53f2-saveclipapp613538575185626984570585536457203886240985366n.jpg\"   width=\"768\" height=\"1024\" loading=\"lazy\" decoding=\"async\" alt=\"Media Image\" fetchpriority=\"auto\" class=\"image ho-image\"\/>\u00a9 @madonna<\/p>\n<p> <img src=\"https:\/\/www.europesays.com\/es\/wp-content\/uploads\/2026\/01\/e7d2a280185f-saveclipapp613091522185626985890585534869944612379452909n.jpg\"   width=\"768\" height=\"1024\" loading=\"lazy\" decoding=\"async\" alt=\"Media Image\" fetchpriority=\"auto\" class=\"image ho-image\"\/>\u00a9 @madonna<\/p>\n<p id=\"e94vfc5ST8\" data-wc=\"98\">En numerosas instant\u00e1neas de las compartidas por la int\u00e9rprete vemos a Akeem posando para ella, aunque, sin duda, la fotograf\u00eda donde est\u00e1n abrazados juntos frente a lo que parece ser un poblado t\u00edpico se ha llevado toda la atenci\u00f3n. C\u00f3mplices, cari\u00f1osos, y compartiendo un momento especial, su energ\u00eda relajada inunda la imagen y, con ella, nos hace testigos del profundo amor que comparten. No es la \u00fanica donde ambos son los protagonistas de la escena, otra muy similar, solo que sentados, y una frente a las tiendas de campa\u00f1a en medio del desierto tambi\u00e9n derrochan qu\u00edmica por doquier.\u00a0<\/p>\n<p> <img src=\"https:\/\/www.europesays.com\/es\/wp-content\/uploads\/2026\/01\/09c2fef3ad92-saveclipapp616002018185626984930585539117951910917715936n.jpg\"   width=\"768\" height=\"1024\" loading=\"lazy\" decoding=\"async\" alt=\"Media Image\" fetchpriority=\"auto\" class=\"image ho-image\"\/>\u00a9 @madonna<\/p>\n<p> <img src=\"https:\/\/www.europesays.com\/es\/wp-content\/uploads\/2026\/01\/7c80af006e07-saveclipapp613091522185626984270585538314356667436392735n.jpg\"   width=\"768\" height=\"1024\" loading=\"lazy\" decoding=\"async\" alt=\"Media Image\" fetchpriority=\"auto\" class=\"image ho-image\"\/>\u00a9 @madonna<\/p>\n<p id=\"e5fgjiwe7o\" data-wc=\"107\">Junto a ellos tambi\u00e9n estaban sus hijos, a quienes ha mostrado en numerosas instant\u00e1neas. Muy integrados con la cultura, y vistiendo con los atuendos t\u00edpicos marroqu\u00eds, Rocco, David, Mercy, y las gemelas Stella y Estere han disfrutado de una de las mejores experiencias en compa\u00f1\u00eda de su madre.<a class=\"hm-link ho-link\" href=\"https:\/\/www.hola.com\/actualidad\/20250830852443\/las-gemelas-de-madonna-desvelan-su-rivalidad-por-dos-equipos-de-futbol-espanoles\/\" data-mrf-recirculation=\"article-body-link\" rel=\"nofollow noopener\" target=\"_blank\">\u00a0Montando en camello o haciendo &#8216;surf&#8217; en las dunas<\/a>, no cabe ninguna duda de que han sido unos d\u00edas repletos de amor, diversi\u00f3n y nuevas aventuras. A pesar de no contar con la compa\u00f1\u00eda de su primog\u00e9nita, Lourdes (de 29 a\u00f1os), la estrella se ha asegurado de que sus hijos disfrutaran del magn\u00edfico y especial destino tanto como ella.\u00a0<\/p>\n","protected":false},"excerpt":{"rendered":"Es pleno 2026 y Madonna sigue con la misma presencia que cuando la vimos por primera vez a&hellip;\n","protected":false},"author":2,"featured_media":341161,"comment_status":"","ping_status":"","sticky":false,"template":"","format":"standard","meta":{"footnotes":""},"categories":[170],"tags":[517,146,147,25,24,15547,184,185,23],"class_list":{"0":"post-341160","1":"post","2":"type-post","3":"status-publish","4":"format-standard","5":"has-post-thumbnail","7":"category-musica","8":"tag-actualidad","9":"tag-entertainment","10":"tag-entretenimiento","11":"tag-es","12":"tag-espana","13":"tag-madonna","14":"tag-music","15":"tag-musica","16":"tag-spain"},"share_on_mastodon":{"url":"https:\/\/pubeurope.com\/@es\/115896166022629103","error":""},"_links":{"self":[{"href":"https:\/\/www.europesays.com\/es\/wp-json\/wp\/v2\/posts\/341160","targetHints":{"allow":["GET"]}}],"collection":[{"href":"https:\/\/www.europesays.com\/es\/wp-json\/wp\/v2\/posts"}],"about":[{"href":"https:\/\/www.europesays.com\/es\/wp-json\/wp\/v2\/types\/post"}],"author":[{"embeddable":true,"href":"https:\/\/www.europesays.com\/es\/wp-json\/wp\/v2\/users\/2"}],"replies":[{"embeddable":true,"href":"https:\/\/www.europesays.com\/es\/wp-json\/wp\/v2\/comments?post=341160"}],"version-history":[{"count":0,"href":"https:\/\/www.europesays.com\/es\/wp-json\/wp\/v2\/posts\/341160\/revisions"}],"wp:featuredmedia":[{"embeddable":true,"href":"https:\/\/www.europesays.com\/es\/wp-json\/wp\/v2\/media\/341161"}],"wp:attachment":[{"href":"https:\/\/www.europesays.com\/es\/wp-json\/wp\/v2\/media?parent=341160"}],"wp:term":[{"taxonomy":"category","embeddable":true,"href":"https:\/\/www.europesays.com\/es\/wp-json\/wp\/v2\/categories?post=341160"},{"taxonomy":"post_tag","embeddable":true,"href":"https:\/\/www.europesays.com\/es\/wp-json\/wp\/v2\/tags?post=341160"}],"curies":[{"name":"wp","href":"https:\/\/api.w.org\/{rel}","templated":true}]}}