{"id":341186,"date":"2026-01-15T00:16:14","date_gmt":"2026-01-15T00:16:14","guid":{"rendered":"https:\/\/www.europesays.com\/es\/341186\/"},"modified":"2026-01-15T00:16:14","modified_gmt":"2026-01-15T00:16:14","slug":"de-los-cuadros-de-heidi-klum-y-will-smith-a-su-espectacular-jardin","status":"publish","type":"post","link":"https:\/\/www.europesays.com\/es\/341186\/","title":{"rendered":"de los cuadros de Heidi Klum y Will Smith a su espectacular jard\u00edn"},"content":{"rendered":"<p id=\"eF3iuA4NVA\" data-wc=\"151\">\u00a0<strong>\u00c1lvaro Arbeloa comienza una nueva etapa como entrenador del Real Madrid,<\/strong> pero no est\u00e1 solo. Su mujer, Carlota Ruiz, y sus cuatro hijos son sus mejores apoyos. Aunque ya sienta el Estadio Santiago Bernabeu como su casa, el exfutbolista ha encontrado el mejor de los refugios en su hogar.<strong> Una propiedad de 600 metros cuadrados y ubicada en una urbanizaci\u00f3n exclusiva de la Finca, Madrid. Moderna y funcional<\/strong>, la casa est\u00e1 dise\u00f1ada para una familia numerosa, para vivirla y disfrutarla. El sal\u00f3n es el epicentro de su d\u00eda a d\u00eda, donde se re\u00fanen para grandes celebraciones y que est\u00e1 presidido por un sal\u00f3n XL y cuadros llamativos, como los que hemos podido ver de Heidi Klum y <a class=\"hm-link ho-link\" href=\"https:\/\/www.hola.com\/decoracion\/20260114877894\/la-mansion-del-principe-de-belair-a-la-venta-por-30-millones\/\" data-mrf-recirculation=\"article-body-link\" rel=\"nofollow noopener\" target=\"_blank\">Will Smith.<\/a> La pareja ha escogido cada detalle a la perfecci\u00f3n, mezclando los colores neutros del mobiliario con <a class=\"hm-link ho-link\" href=\"https:\/\/www.hola.com\/decoracion\/20260114877751\/decoracion-abuelas-tendencia-2026-segun-experto-decoracion-vintage-lm\/\" data-mrf-recirculation=\"article-body-link\" rel=\"nofollow noopener\" target=\"_blank\">el toque original de los ornamentos<\/a>. Si quieres ver la casa de Arbeloa, \u00a1dale al play!<\/p>\n","protected":false},"excerpt":{"rendered":"\u00a0\u00c1lvaro Arbeloa comienza una nueva etapa como entrenador del Real Madrid, pero no est\u00e1 solo. Su mujer, Carlota&hellip;\n","protected":false},"author":2,"featured_media":341187,"comment_status":"","ping_status":"","sticky":false,"template":"","format":"standard","meta":{"footnotes":""},"categories":[174],"tags":[13033,13062,255,8372,146,147,25,24,256,23],"class_list":{"0":"post-341186","1":"post","2":"type-post","3":"status-publish","4":"format-standard","5":"has-post-thumbnail","7":"category-famosos","8":"tag-alvaro-arbeloa","9":"tag-casas-de-famosos","10":"tag-celebrities","11":"tag-decoracion","12":"tag-entertainment","13":"tag-entretenimiento","14":"tag-es","15":"tag-espana","16":"tag-famosos","17":"tag-spain"},"share_on_mastodon":{"url":"https:\/\/pubeurope.com\/@es\/115896240438785994","error":""},"_links":{"self":[{"href":"https:\/\/www.europesays.com\/es\/wp-json\/wp\/v2\/posts\/341186","targetHints":{"allow":["GET"]}}],"collection":[{"href":"https:\/\/www.europesays.com\/es\/wp-json\/wp\/v2\/posts"}],"about":[{"href":"https:\/\/www.europesays.com\/es\/wp-json\/wp\/v2\/types\/post"}],"author":[{"embeddable":true,"href":"https:\/\/www.europesays.com\/es\/wp-json\/wp\/v2\/users\/2"}],"replies":[{"embeddable":true,"href":"https:\/\/www.europesays.com\/es\/wp-json\/wp\/v2\/comments?post=341186"}],"version-history":[{"count":0,"href":"https:\/\/www.europesays.com\/es\/wp-json\/wp\/v2\/posts\/341186\/revisions"}],"wp:featuredmedia":[{"embeddable":true,"href":"https:\/\/www.europesays.com\/es\/wp-json\/wp\/v2\/media\/341187"}],"wp:attachment":[{"href":"https:\/\/www.europesays.com\/es\/wp-json\/wp\/v2\/media?parent=341186"}],"wp:term":[{"taxonomy":"category","embeddable":true,"href":"https:\/\/www.europesays.com\/es\/wp-json\/wp\/v2\/categories?post=341186"},{"taxonomy":"post_tag","embeddable":true,"href":"https:\/\/www.europesays.com\/es\/wp-json\/wp\/v2\/tags?post=341186"}],"curies":[{"name":"wp","href":"https:\/\/api.w.org\/{rel}","templated":true}]}}