{"id":341207,"date":"2026-01-15T00:28:13","date_gmt":"2026-01-15T00:28:13","guid":{"rendered":"https:\/\/www.europesays.com\/es\/341207\/"},"modified":"2026-01-15T00:28:13","modified_gmt":"2026-01-15T00:28:13","slug":"exteriores-recomienda-a-los-espanoles-en-iran-que-abandonen-el-pais-espana","status":"publish","type":"post","link":"https:\/\/www.europesays.com\/es\/341207\/","title":{"rendered":"Exteriores recomienda a los espa\u00f1oles en Ir\u00e1n que abandonen el pa\u00eds | Espa\u00f1a"},"content":{"rendered":"<p class=\"\"><a href=\"https:\/\/elpais.com\/internacional\/2026-01-14\/el-horror-de-la-represion-en-iran-cortan-la-luz-matan-a-la-gente-con-ametralladoras-y-se-llevan-los-cuerpos.html\" target=\"_self\" rel=\"nofollow noopener\" title=\"https:\/\/elpais.com\/internacional\/2026-01-14\/el-horror-de-la-represion-en-iran-cortan-la-luz-matan-a-la-gente-con-ametralladoras-y-se-llevan-los-cuerpos.html\">La grave crisis que atraviesa Ir\u00e1n,<\/a> con manifestaciones masivas por todo el pa\u00eds duramente reprimidas por el Gobierno de la Rep\u00fablica Isl\u00e1mica, han llevado al Ministerio de Exteriores espa\u00f1ol a actualizar este mi\u00e9rcoles sus recomendaciones para viajeros espa\u00f1oles. Exteriores recomienda a los ciudadanos espa\u00f1oles que se encuentran en el pa\u00eds que lo abandonen \u201chaciendo uso de los medios disponibles\u201c, y advierte que la mayor\u00eda de las aerol\u00edneas han suspendido las operaciones. En el pa\u00eds hay menos de 150 nacionales de Espa\u00f1a registrados en la Embajada en Teher\u00e1n. <\/p>\n<p class=\"\"><a href=\"https:\/\/www.exteriores.gob.es\/es\/ServiciosAlCiudadano\/Paginas\/Detalle-recomendaciones-de-viaje.aspx?trc=Ir%c3%a1n\" target=\"_self\" rel=\"nofollow noopener\" title=\"https:\/\/www.exteriores.gob.es\/es\/ServiciosAlCiudadano\/Paginas\/Detalle-recomendaciones-de-viaje.aspx?trc=Ir%c3%a1n\">El ministerio de Jos\u00e9 Manuel Albares<\/a> destaca que, debido a la situaci\u00f3n \u201cde gran inestabilidad que vive Ir\u00e1n y la regi\u00f3n, se desaconseja completamente viajar\u201d al pa\u00eds. Hasta la fecha han muerto 2.600 por la represi\u00f3n de las fuerzas del r\u00e9gimen, seg\u00fan una estimaci\u00f3n de la ONG con sede en EE UU HRANA (siglas en ingl\u00e9s de Agencia de Noticias de Activistas en Derechos Humanos).<\/p>\n<p class=\"\">En las recomendaciones de viaje del ministerio para Ir\u00e1n, se insiste en que la situaci\u00f3n es \u201cinestable en todo el pa\u00eds\u201d, con \u201cnumerosas muertes y detenciones de manifestantes\u201d, y con las telecomunicaciones desde el pasado 8 de enero, \u201cincluyendo Internet y la entrada de llamadas telef\u00f3nicas provenientes del extranjero\u201d.<\/p>\n<p class=\"\">Adem\u00e1s, la mayor\u00eda de aerol\u00edneas, advierte Exteriores, han suspendido sus operaciones y, por ello, el ministerio recomienda \u201cverificar con la compa\u00f1\u00eda a\u00e9rea la situaci\u00f3n de las conexiones a\u00e9reas ya que estas pueden verse modificadas por la evoluci\u00f3n de la situaci\u00f3n\u201d. Las fronteras con Armenia, Turqu\u00eda, Azerbaiy\u00e1n y Turkmenist\u00e1n est\u00e1n abiertas para ciudadanos extranjeros. No obstante, advierte el ministerio que los extranjeros que residan en Ir\u00e1n con un permiso de trabajo \u201cdeben tramitar una autorizaci\u00f3n de salida cada vez que deseen salir del pa\u00eds\u201d y que esa \u201cautorizaci\u00f3n debe gestionarla la empresa para la que trabaje con antelaci\u00f3n suficiente\u201d. <\/p>\n<p class=\"\">\u201cLa embajada no tiene ninguna capacidad de autorizar la salida de Ir\u00e1n de los ciudadanos espa\u00f1oles que se encuentren aqu\u00ed, ya que es una cuesti\u00f3n que depende enteramente de las autoridades y la ley iran\u00ed\u201d, precisa la nota publicada este mi\u00e9rcoles en la web del ministerio. <\/p>\n<p class=\"\">\u201cSe recomienda permanecer atento a las redes sociales y otros medios de comunicaci\u00f3n de la Embajada de Espa\u00f1a en Teher\u00e1n, una vez se restablezcan las comunicaciones por internet\u201d, a\u00f1ade Exteriores. <\/p>\n<p class=\"\">En junio de 2024 ya fueron evacuados 40 espa\u00f1oles por tierra a Armenia, por carretera, con motivo de los ataques a\u00e9reos de Israel y EE UU. <\/p>\n","protected":false},"excerpt":{"rendered":"La grave crisis que atraviesa Ir\u00e1n, con manifestaciones masivas por todo el pa\u00eds duramente reprimidas por el Gobierno&hellip;\n","protected":false},"author":2,"featured_media":341208,"comment_status":"","ping_status":"","sticky":false,"template":"","format":"standard","meta":{"footnotes":""},"categories":[8],"tags":[17,18,25,24,13,14,2069,11,19,20,16735,14342,9,10,15,16,77307,2575,23,12,21,22,226],"class_list":{"0":"post-341207","1":"post","2":"type-post","3":"status-publish","4":"format-standard","5":"has-post-thumbnail","7":"category-espana","8":"tag-breaking-news","9":"tag-breakingnews","10":"tag-es","11":"tag-espana","12":"tag-featured-news","13":"tag-featurednews","14":"tag-fronteras","15":"tag-headlines","16":"tag-latest-news","17":"tag-latestnews","18":"tag-manifestaciones","19":"tag-ministerio-de-asuntos-exteriores","20":"tag-news","21":"tag-noticias","22":"tag-noticias-destacadas","23":"tag-noticiasdestacadas","24":"tag-protestas-iran","25":"tag-represion-politica","26":"tag-spain","27":"tag-titulares","28":"tag-ultimas-noticias","29":"tag-ultimasnoticias","30":"tag-viajes"},"share_on_mastodon":{"url":"https:\/\/pubeurope.com\/@es\/115896287588118373","error":""},"_links":{"self":[{"href":"https:\/\/www.europesays.com\/es\/wp-json\/wp\/v2\/posts\/341207","targetHints":{"allow":["GET"]}}],"collection":[{"href":"https:\/\/www.europesays.com\/es\/wp-json\/wp\/v2\/posts"}],"about":[{"href":"https:\/\/www.europesays.com\/es\/wp-json\/wp\/v2\/types\/post"}],"author":[{"embeddable":true,"href":"https:\/\/www.europesays.com\/es\/wp-json\/wp\/v2\/users\/2"}],"replies":[{"embeddable":true,"href":"https:\/\/www.europesays.com\/es\/wp-json\/wp\/v2\/comments?post=341207"}],"version-history":[{"count":0,"href":"https:\/\/www.europesays.com\/es\/wp-json\/wp\/v2\/posts\/341207\/revisions"}],"wp:featuredmedia":[{"embeddable":true,"href":"https:\/\/www.europesays.com\/es\/wp-json\/wp\/v2\/media\/341208"}],"wp:attachment":[{"href":"https:\/\/www.europesays.com\/es\/wp-json\/wp\/v2\/media?parent=341207"}],"wp:term":[{"taxonomy":"category","embeddable":true,"href":"https:\/\/www.europesays.com\/es\/wp-json\/wp\/v2\/categories?post=341207"},{"taxonomy":"post_tag","embeddable":true,"href":"https:\/\/www.europesays.com\/es\/wp-json\/wp\/v2\/tags?post=341207"}],"curies":[{"name":"wp","href":"https:\/\/api.w.org\/{rel}","templated":true}]}}