{"id":341209,"date":"2026-01-15T00:29:12","date_gmt":"2026-01-15T00:29:12","guid":{"rendered":"https:\/\/www.europesays.com\/es\/341209\/"},"modified":"2026-01-15T00:29:12","modified_gmt":"2026-01-15T00:29:12","slug":"alineacion-del-real-madrid-contra-el-albacete-hoy-en-el-partido-de-la-copa-del-rey","status":"publish","type":"post","link":"https:\/\/www.europesays.com\/es\/341209\/","title":{"rendered":"Alineaci\u00f3n del Real Madrid contra el Albacete hoy en el partido de la Copa del Rey"},"content":{"rendered":"<p>La alineaci\u00f3n del <a href=\"https:\/\/okdiario.com\/diariomadridista\/real-madrid\/cuando-albacete-real-madrid-horario-donde-ver-tv-gratis-directo-partido-copa-del-rey-video-595929\" rel=\"nofollow noopener\" target=\"_blank\"><strong>Real Madrid<\/strong><\/a> para el encuentro que enfrenta a los blancos contra el <a href=\"https:\/\/okdiario.com\/diariomadridista\/real-madrid\/albacete-real-madrid-comienza-era-del-espartano-arbeloa-596226\" rel=\"nofollow noopener\" target=\"_blank\"><strong>Albacete<\/strong><\/a> en los octavos de final de la <a href=\"https:\/\/okdiario.com\/diariomadridista\/real-madrid\/convocatoria-del-real-madrid-contra-albacete-mbappe-no-esta-primera-lista-arbeloa-596172\" rel=\"nofollow noopener\" target=\"_blank\"><strong>Copa del Rey<\/strong><\/a> es muy especial, ya que se trata del primer once de <a href=\"https:\/\/okdiario.com\/diariomadridista\/real-madrid\/hombres-arbeloa-596291\" rel=\"nofollow noopener\" target=\"_blank\"><strong>\u00c1lvaro Arbeloa<\/strong><\/a> como entrenador del primer equipo. Las presencias a destacar son las de Vinicius en la izquierda del ataque y la de dos jugadores del Castilla, David Jim\u00e9nez, que repite en Copa, y Cestero, que se estrena como titular. Para este partido, el t\u00e9cnico salmantino cuenta con varias bajas importantes, pues no puede disponer de <strong>Mbapp\u00e9, Rodrygo, Trent Alexander-Arnold, R\u00fcdiger, Militao ni Mendy<\/strong>.<\/p>\n<p>El once del <strong>Real Madrid<\/strong> comienza con <strong>Lunin<\/strong> en la porter\u00eda. En el lateral derecho, <strong>Arbeloa<\/strong> se decanta <strong>David Jim\u00e9nez<\/strong>, mientras que en el costado izquierdo act\u00faa <strong>Fran Garc\u00eda<\/strong>. La pareja de centrales est\u00e1 formada por <strong>Huijsen<\/strong> y <strong>Asencio,<\/strong> por lo que <strong>Alaba vuelve a ser suplente y el canterano<\/strong> no descansa tras la <strong>Supercopa<\/strong>. En el centro del campo, <strong>Cestero<\/strong> hace de ancla, con <strong>Valverde<\/strong> y <strong>Arda<\/strong> <strong>G\u00fcler<\/strong> de interiores, mientras que por delante jugar\u00e1n <strong>Mastantuono, Gonzalo y Vinicius<\/strong> en ataque.<\/p>\n<p>Pintus vuelve con Arbeloa<\/p>\n<p><strong>Antonio Pintus<\/strong> ha regresado al c\u00e9sped de <strong>Valdebebas<\/strong> de la mano de <strong>\u00c1lvaro Arbeloa<\/strong>. El italiano vuelve a ser el responsable de la preparaci\u00f3n f\u00edsica del primer equipo madridista, cumpliendo as\u00ed el deseo de la c\u00fapula del club, que apostaba por su regreso al cargo. De hecho, tras el duelo contra el Sevilla, se aconsej\u00f3 a <strong>Xabi Alonso<\/strong> que recuperara a <strong>Pintus,<\/strong> pero el t\u00e9cnico vasco se neg\u00f3.<\/p>\n<p>En la c\u00fapula madridista existe una gran preocupaci\u00f3n por la imagen que ofreci\u00f3 el equipo en la final de la <strong>Supercopa de Espa\u00f1a<\/strong> y a lo largo de toda la temporada. Si bien es cierto que el conjunto dirigido entonces por <strong>Xabi Alonso<\/strong> compiti\u00f3 y que en algunos tramos de la segunda mitad fue superior al Barcelona, tambi\u00e9n qued\u00f3 patente que, a nivel f\u00edsico, el equipo no est\u00e1 en plenitud. Los blancos, superada la hora de partido, se cayeron de forma evidente, lo que les impidi\u00f3 poner en mayores apuros a los azulgranas en los minutos finales en busca del empate.<\/p>\n<p>Desde la directiva madridista, presente en Yeda, tomaron buena nota de lo sucedido y reafirmaron la sensaci\u00f3n de que este equipo no tiene gasolina suficiente para competir contra los conjuntos de \u00e9lite. Es cierto que en Arabia Saud\u00ed las condiciones climatol\u00f3gicas eran exigentes, con altas temperaturas y un elevado porcentaje de humedad, pero tambi\u00e9n lo es que, una vez m\u00e1s, el Real Madrid no tuvo piernas para finalizar el encuentro a un alto nivel f\u00edsico.<\/p>\n<p>En la c\u00fapula del club est\u00e1n especialmente preocupados por este asunto. Consideran que los m\u00e9todos empleados por Ismael Camenforte, jefe de la parcela f\u00edsica del primer equipo, no han sido los m\u00e1s adecuados. Aunque es cierto que el preparador catal\u00e1n introdujo nuevos m\u00e9todos de trabajo en Valdebebas, integrando la preparaci\u00f3n f\u00edsica con objetivos t\u00e1cticos y el uso del bal\u00f3n, la realidad es que los futbolistas no est\u00e1n soportando la exigencia de los partidos como deber\u00edan.<\/p>\n<p>Alineaci\u00f3n oficial del Real Madrid<\/p>\n<p>Esta podr\u00eda ser la alineaci\u00f3n del <strong>Real Madrid<\/strong> frente al <strong>Albacete:<\/strong><br \/><strong>Lunin, David Jim\u00e9nez, Huijsen, Asencio, Fran Garc\u00eda; Cestero, Valverde, Arda G\u00fcler; Vinicius, Gonzalo y Mastantuono<\/strong>.<\/p>\n","protected":false},"excerpt":{"rendered":"La alineaci\u00f3n del Real Madrid para el encuentro que enfrenta a los blancos contra el Albacete en los&hellip;\n","protected":false},"author":2,"featured_media":341210,"comment_status":"","ping_status":"","sticky":false,"template":"","format":"standard","meta":{"footnotes":""},"categories":[5],"tags":[17,18,25,24,13,14,11,19,20,9,10,15,16,23,12,21,22],"class_list":{"0":"post-341209","1":"post","2":"type-post","3":"status-publish","4":"format-standard","5":"has-post-thumbnail","7":"category-titulares","8":"tag-breaking-news","9":"tag-breakingnews","10":"tag-es","11":"tag-espana","12":"tag-featured-news","13":"tag-featurednews","14":"tag-headlines","15":"tag-latest-news","16":"tag-latestnews","17":"tag-news","18":"tag-noticias","19":"tag-noticias-destacadas","20":"tag-noticiasdestacadas","21":"tag-spain","22":"tag-titulares","23":"tag-ultimas-noticias","24":"tag-ultimasnoticias"},"share_on_mastodon":{"url":"https:\/\/pubeurope.com\/@es\/115896291331881023","error":""},"_links":{"self":[{"href":"https:\/\/www.europesays.com\/es\/wp-json\/wp\/v2\/posts\/341209","targetHints":{"allow":["GET"]}}],"collection":[{"href":"https:\/\/www.europesays.com\/es\/wp-json\/wp\/v2\/posts"}],"about":[{"href":"https:\/\/www.europesays.com\/es\/wp-json\/wp\/v2\/types\/post"}],"author":[{"embeddable":true,"href":"https:\/\/www.europesays.com\/es\/wp-json\/wp\/v2\/users\/2"}],"replies":[{"embeddable":true,"href":"https:\/\/www.europesays.com\/es\/wp-json\/wp\/v2\/comments?post=341209"}],"version-history":[{"count":0,"href":"https:\/\/www.europesays.com\/es\/wp-json\/wp\/v2\/posts\/341209\/revisions"}],"wp:featuredmedia":[{"embeddable":true,"href":"https:\/\/www.europesays.com\/es\/wp-json\/wp\/v2\/media\/341210"}],"wp:attachment":[{"href":"https:\/\/www.europesays.com\/es\/wp-json\/wp\/v2\/media?parent=341209"}],"wp:term":[{"taxonomy":"category","embeddable":true,"href":"https:\/\/www.europesays.com\/es\/wp-json\/wp\/v2\/categories?post=341209"},{"taxonomy":"post_tag","embeddable":true,"href":"https:\/\/www.europesays.com\/es\/wp-json\/wp\/v2\/tags?post=341209"}],"curies":[{"name":"wp","href":"https:\/\/api.w.org\/{rel}","templated":true}]}}