{"id":341219,"date":"2026-01-15T00:39:22","date_gmt":"2026-01-15T00:39:22","guid":{"rendered":"https:\/\/www.europesays.com\/es\/341219\/"},"modified":"2026-01-15T00:39:22","modified_gmt":"2026-01-15T00:39:22","slug":"vamos-a-cuidarnos-y-a-estar-juntos-lo-que-nos-queda","status":"publish","type":"post","link":"https:\/\/www.europesays.com\/es\/341219\/","title":{"rendered":"Vamos a cuidarnos y a estar juntos lo que nos queda"},"content":{"rendered":"<p><img loading=\"lazy\" decoding=\"async\" src=\"https:\/\/www.europesays.com\/es\/wp-content\/uploads\/2025\/12\/100x100_informalia-logo.jpg\" itemtype=\"\/\/schema.org\/ImageObject\" itemprop=\"url\" alt=\"Informalia\" width=\"64\" height=\"64\" pinger-seen=\"true\"\/><\/p>\n<p><a href=\"https:\/\/www.eleconomista.es\/informalia\/famosos\/noticias\/13536947\/09\/25\/imanol-arias-sus-primeras-palabras-tras-la-condena-por-el-caso-nummaria-ahora-si-estoy-muy-tranquilo.html\" rel=\"nofollow noopener\" target=\"_blank\">Tras sus zarpazos con Hacienda<\/a>, <b>Imanol Arias <\/b>(69) est\u00e1 en un gran momento. Algo m\u00e1s de semana despu\u00e9s de conocerse que se convertir\u00e1 en abuelo junto a <b>Pastora Vega <\/b>\u2014con quien estuvo casado entre 1984 y 2009\u2014, el protagonista de Cu\u00e9ntame ha confirmado que ha pasado por el altar con la abogada argentina, <b>Nelida In\u00e9s.<\/b><\/p>\n<p>Aunque no ha ofrecido muchos detalles sobre su boda, es la cuarta vez que se casa, el int\u00e9rprete s\u00ed ha confirmado a El Correo Vasco que el enlace se celebr\u00f3 \u00ab<b>hace pocos d\u00edas<\/b>\u00ab. \u00ab<b>Vamos a cuidarnos y a estar juntos lo que nos queda<\/b>\u00ab, ha manifestado Imanol.<\/p>\n<p>La mujer que ha conquistado  de nuevo el coraz\u00f3n del actor es <b>Nelida In\u00e9s<\/b>, una abogada argentina especializada en Derechos Humanos. Imanol y Nelita, como la llaman sus amigos, se conocieron en 2024, precisamente cuando el actor negociaba con la Fiscal\u00eda para dejar atr\u00e1s su calvario judicial.<\/p>\n<p>El artista ha dado as\u00ed una nueva oportunidad al amor tras su ruptura con Irene Meritxell, la fot\u00f3grafa con la que mantuvo una relaci\u00f3n de 11 a\u00f1os. Ella fue la tercera mujer en la vida de Imanol, que estuvo casado primero con <b>Socorro Anand\u00f3n<\/b> y despu\u00e9s con <b>Pastora Vega<\/b>, con la que tuvo a sus dos hijos,<a href=\"https:\/\/www.eleconomista.es\/informalia\/famosos\/noticias\/13496015\/08\/25\/imanol-arias-tiene-razones-para-estar-contento-tras-su-condena-el-verdadero-hijo-del-protagonista-de-cuentame.html\" rel=\"nofollow noopener\" target=\"_blank\"> Jon y Daniel, que contin\u00faan con el legado art\u00edstico de sus padres.<\/a><\/p>\n<p>WhatsApp<a href=\"https:\/\/api.whatsapp.com\/send?text=https:\/\/www.eleconomista.es\/informalia\/famosos\/noticias\/13727721\/01\/26\/imanol-arias-se-casa-por-sorpresa-a-los-69-anos-vamos-a-cuidarnos-y-a-estar-juntos-lo-que-nos-queda.html?utm_source%3Dwhatsapp%26utm_medium%3Dshare_button&amp;id=1648118629957_whatsapp\" target=\"_blank\" data-action=\"share\/whatsapp\/share\" aria-label=\"Compartir en Whatsapp\" rel=\"nofollow noopener\"><\/a>Facebook<a id=\"fb-share\" href=\"#\" target=\"_blank\" rel=\"noopener noreferrer\" aria-label=\"Compartir en Facebook\"><\/a>Twitter<a href=\"https:\/\/twitter.com\/share?text=Imanol+Arias+se+casa+por+sorpresa+a+los+69+a%C3%B1os%3A+%22Vamos+a+cuidarnos+y+a+estar+juntos+lo+que+nos+queda%22&amp;url=https:\/\/www.eleconomista.es\/informalia\/famosos\/noticias\/13727721\/01\/26\/imanol-arias-se-casa-por-sorpresa-a-los-69-anos-vamos-a-cuidarnos-y-a-estar-juntos-lo-que-nos-queda.html&amp;via=Informalia&amp;id=1648118839245_twitter\" target=\"_blank\" aria-label=\"Compartir en Twitter\" rel=\"nofollow noopener\"><\/a>Linkedin<a onclick=\"return abrirLinkedin();\" href=\"https:\/\/www.linkedin.com\/shareArticle?text=Imanol+Arias+se+casa+por+sorpresa+a+los+69+a%C3%B1os%3A+%22Vamos+a+cuidarnos+y+a+estar+juntos+lo+que+nos+queda%22&amp;url=https:\/\/www.eleconomista.es\/informalia\/famosos\/noticias\/13727721\/01\/26\/imanol-arias-se-casa-por-sorpresa-a-los-69-anos-vamos-a-cuidarnos-y-a-estar-juntos-lo-que-nos-queda.html&amp;mini=true\" target=\"_blank\" aria-label=\"Compartir en linkedin\" rel=\"nofollow noopener\"><\/a>Beloud<a href=\"https:\/\/beloud.com\/share?text=Imanol+Arias+se+casa+por+sorpresa+a+los+69+a%C3%B1os%3A+%22Vamos+a+cuidarnos+y+a+estar+juntos+lo+que+nos+queda%22&amp;url=https:\/\/www.eleconomista.es\/informalia\/famosos\/noticias\/13727721\/01\/26\/imanol-arias-se-casa-por-sorpresa-a-los-69-anos-vamos-a-cuidarnos-y-a-estar-juntos-lo-que-nos-queda.html&amp;via=Informalia&amp;id=1648118839245_beloud\" target=\"_blank\" aria-label=\"Compartir en beloud\" rel=\"nofollow noopener\"><\/a>Bluesky<a href=\"https:\/\/bsky.app\/intent\/compose?text=https:\/\/bsky.app\/intent\/compose?text=https:\/\/www.eleconomista.es\/informalia\/famosos\/noticias\/13727721\/01\/26\/imanol-arias-se-casa-por-sorpresa-a-los-69-anos-vamos-a-cuidarnos-y-a-estar-juntos-lo-que-nos-queda.html&amp;url=https:\/\/www.eleconomista.es\/informalia\/famosos\/noticias\/13727721\/01\/26\/imanol-arias-se-casa-por-sorpresa-a-los-69-anos-vamos-a-cuidarnos-y-a-estar-juntos-lo-que-nos-queda.html&amp;via=elEconomistaes&amp;id=1648118839245_bluesky\" target=\"_blank\" aria-label=\"Compartir en bluesky\" rel=\"nofollow noopener\"><\/a><\/p>\n<p><script async src=\"https:\/\/platform.twitter.com\/widgets.js\" charset=\"utf-8\"><\/script><\/p>\n","protected":false},"excerpt":{"rendered":"Tras sus zarpazos con Hacienda, Imanol Arias (69) est\u00e1 en un gran momento. Algo m\u00e1s de semana despu\u00e9s&hellip;\n","protected":false},"author":2,"featured_media":341220,"comment_status":"","ping_status":"","sticky":false,"template":"","format":"standard","meta":{"footnotes":""},"categories":[174],"tags":[255,146,147,25,24,256,260,23],"class_list":{"0":"post-341219","1":"post","2":"type-post","3":"status-publish","4":"format-standard","5":"has-post-thumbnail","7":"category-famosos","8":"tag-celebrities","9":"tag-entertainment","10":"tag-entretenimiento","11":"tag-es","12":"tag-espana","13":"tag-famosos","14":"tag-gente","15":"tag-spain"},"share_on_mastodon":{"url":"https:\/\/pubeurope.com\/@es\/115896330756758800","error":""},"_links":{"self":[{"href":"https:\/\/www.europesays.com\/es\/wp-json\/wp\/v2\/posts\/341219","targetHints":{"allow":["GET"]}}],"collection":[{"href":"https:\/\/www.europesays.com\/es\/wp-json\/wp\/v2\/posts"}],"about":[{"href":"https:\/\/www.europesays.com\/es\/wp-json\/wp\/v2\/types\/post"}],"author":[{"embeddable":true,"href":"https:\/\/www.europesays.com\/es\/wp-json\/wp\/v2\/users\/2"}],"replies":[{"embeddable":true,"href":"https:\/\/www.europesays.com\/es\/wp-json\/wp\/v2\/comments?post=341219"}],"version-history":[{"count":0,"href":"https:\/\/www.europesays.com\/es\/wp-json\/wp\/v2\/posts\/341219\/revisions"}],"wp:featuredmedia":[{"embeddable":true,"href":"https:\/\/www.europesays.com\/es\/wp-json\/wp\/v2\/media\/341220"}],"wp:attachment":[{"href":"https:\/\/www.europesays.com\/es\/wp-json\/wp\/v2\/media?parent=341219"}],"wp:term":[{"taxonomy":"category","embeddable":true,"href":"https:\/\/www.europesays.com\/es\/wp-json\/wp\/v2\/categories?post=341219"},{"taxonomy":"post_tag","embeddable":true,"href":"https:\/\/www.europesays.com\/es\/wp-json\/wp\/v2\/tags?post=341219"}],"curies":[{"name":"wp","href":"https:\/\/api.w.org\/{rel}","templated":true}]}}