{"id":341225,"date":"2026-01-15T00:43:17","date_gmt":"2026-01-15T00:43:17","guid":{"rendered":"https:\/\/www.europesays.com\/es\/341225\/"},"modified":"2026-01-15T00:43:17","modified_gmt":"2026-01-15T00:43:17","slug":"patriarkh-arkona-hate-en-madrid-y-barcelona-2","status":"publish","type":"post","link":"https:\/\/www.europesays.com\/es\/341225\/","title":{"rendered":"PATRIARKH + ARKONA + HATE en Madrid y Barcelona"},"content":{"rendered":"<p>\u00a0<\/p>\n<p>\u00a0<\/p>\n<p><strong>PATRIARKH + ARKONA + HATE en Madrid y Barcelona<\/strong><br \/>\n<img fetchpriority=\"high\" decoding=\"async\" src=\"https:\/\/www.europesays.com\/es\/wp-content\/uploads\/2025\/12\/enero26_500x267.jpg\" alt=\"PATRIARKH + ARKONA + HATE en Madrid y Barcelona\" width=\"500\" height=\"267\"\/><\/p>\n<p>Esta es la nota oficial:<\/p>\n<p><strong>PATRIARKH<\/strong> arrasar\u00e1 <strong>MADRID<\/strong> y <strong>BARCELONA<\/strong> con su infernal gira <strong>THE PROPHET`S SOURCE 2026 <\/strong><\/p>\n<p>Es un placer anunciar el tour de <strong>THE PROPHET`S SOURCE 2026<\/strong> que contar\u00e1 por primera vez con <strong>PATRIARKH + ARKONA + HATE, Halls of Oblivion y Sanity.<\/strong><\/p>\n<p><strong>PATRIARKH<\/strong> tiene sus or\u00edgenes en <strong>Batushka<\/strong>, de donde se separ\u00f3 despu\u00e9s de un conflicto por los derechos del nombre de la banda. Su m\u00fasica se caracteriza por una combinaci\u00f3n de black metal con m\u00fasica lit\u00fargica y neofolk. La banda utiliza instrumentos tradicionales como la talharpa, la mandolina, el mandoloncello, la zanfona y el dulc\u00e9mele, as\u00ed como una orquesta sinf\u00f3nica, coros masculinos y voces femeninas. En la capa textual, <strong>PATRIARKH<\/strong> utiliza el antiguo eslavo eclesi\u00e1stico, el bielorruso, el ruso, el griego, el rumano, el b\u00falgaro, el ucraniano y, por primera vez, el polaco.<\/p>\n<p>Los miembros de la formaci\u00f3n visten t\u00fanicas de estilo oriental, grados ortodoxos orientales, mitras y klobuks durante las presentaciones en vivo. Su espect\u00e1culo es un aut\u00e9ntico ritual con referencias a la Iglesia ortodoxa polaca con velas, candelabros, incienso y todo tipo de elementos religiosos. No faltaran los temas de su primer \u00e1lbum y los cl\u00e1sicos de <strong>Batushka<\/strong> con la voz original<\/p>\n<ul>\n<li><strong>Martes 20 Enero Puertas:17h30<br \/><\/strong><\/li>\n<li><strong>Sala Mon (Madrid)<br \/><\/strong><\/li>\n<li><strong>Escridiscos| <a href=\"https:\/\/www.ticketmaster.es\/?fbclid=IwZXh0bgNhZW0CMTAAc3J0YwZhcHBfaWQQMjIyMDM5MTc4ODIwMDg5MgABHrR4944Lllxxj4vV1wR5D2x372M2ne-4Mbhxm2qiTjuX5R3gjbbA_FAa57QF_aem_X7UsevlD1zz-r7GjLEaKtA\" target=\"_blank\" rel=\"noopener nofollow\">Ticketmaster.es<\/a><\/strong><\/li>\n<li><strong>Mi\u00e9rcoles 21 Enero | Puertas: 17h30<br \/><\/strong><\/li>\n<li><strong>Sala: Salamandra (L\u2019H, Barcelona)<br \/><\/strong><\/li>\n<li><strong>Pentagram | <a href=\"https:\/\/www.ticketmaster.es\/?fbclid=IwZXh0bgNhZW0CMTAAc3J0YwZhcHBfaWQQMjIyMDM5MTc4ODIwMDg5MgABHrR4944Lllxxj4vV1wR5D2x372M2ne-4Mbhxm2qiTjuX5R3gjbbA_FAa57QF_aem_X7UsevlD1zz-r7GjLEaKtA\" target=\"_blank\" rel=\"noopener nofollow\">Ticketmaster.es<\/a><br \/><\/strong><\/li>\n<\/ul>\n<p><img loading=\"lazy\" decoding=\"async\" src=\"https:\/\/www.europesays.com\/es\/wp-content\/uploads\/2025\/12\/enero26.jpg\" alt=\"PATRIARKH + ARKONA + HATE en Madrid y Barcelona\" width=\"500\" height=\"669\"\/><\/p>\n<p>\u00a0<\/p>\n<p>\u00a0<\/p>\n<p>\u00a0<\/p>\n<p>  &#13;<\/p>\n<tr>&#13;<\/p>\n<td width=\"50%\"><a href=\"https:\/\/www.youtube.com\/channel\/UCD5y9cNy8pOMICffaN5CKnw\" rel=\"nofollow noopener\" target=\"_blank\"><img loading=\"lazy\" decoding=\"async\" src=\"https:\/\/www.europesays.com\/es\/wp-content\/uploads\/2026\/01\/banner_nurcry_video22_12_25.jpg\" alt=\"NURCRY - La Enfermdad\" width=\"216\" height=\"216\"\/><\/a><\/td>\n<p>&#13;<\/p>\n<td width=\"50%\"><a href=\"https:\/\/www.leyendasdelrockfestival.com\/tickets\/\" rel=\"nofollow noopener\" target=\"_blank\"><img loading=\"lazy\" decoding=\"async\" src=\"https:\/\/www.europesays.com\/es\/wp-content\/uploads\/2026\/01\/banner_leyendas08_12_25.jpg\" alt=\"LEYENDAS DEL ROCK 2026\" width=\"216\" height=\"270\"\/><\/a><\/td>\n<p>&#13;<br \/>\n  <\/tr>\n<p>&#13;<\/p>\n","protected":false},"excerpt":{"rendered":"\u00a0 \u00a0 PATRIARKH + ARKONA + HATE en Madrid y Barcelona Esta es la nota oficial: PATRIARKH arrasar\u00e1&hellip;\n","protected":false},"author":2,"featured_media":314344,"comment_status":"","ping_status":"","sticky":false,"template":"","format":"standard","meta":{"footnotes":""},"categories":[170],"tags":[146,147,25,24,184,185,73693,23],"class_list":{"0":"post-341225","1":"post","2":"type-post","3":"status-publish","4":"format-standard","5":"has-post-thumbnail","7":"category-musica","8":"tag-entertainment","9":"tag-entretenimiento","10":"tag-es","11":"tag-espana","12":"tag-music","13":"tag-musica","14":"tag-patriarkh","15":"tag-spain"},"share_on_mastodon":{"url":"https:\/\/pubeurope.com\/@es\/115896346548989587","error":""},"_links":{"self":[{"href":"https:\/\/www.europesays.com\/es\/wp-json\/wp\/v2\/posts\/341225","targetHints":{"allow":["GET"]}}],"collection":[{"href":"https:\/\/www.europesays.com\/es\/wp-json\/wp\/v2\/posts"}],"about":[{"href":"https:\/\/www.europesays.com\/es\/wp-json\/wp\/v2\/types\/post"}],"author":[{"embeddable":true,"href":"https:\/\/www.europesays.com\/es\/wp-json\/wp\/v2\/users\/2"}],"replies":[{"embeddable":true,"href":"https:\/\/www.europesays.com\/es\/wp-json\/wp\/v2\/comments?post=341225"}],"version-history":[{"count":0,"href":"https:\/\/www.europesays.com\/es\/wp-json\/wp\/v2\/posts\/341225\/revisions"}],"wp:featuredmedia":[{"embeddable":true,"href":"https:\/\/www.europesays.com\/es\/wp-json\/wp\/v2\/media\/314344"}],"wp:attachment":[{"href":"https:\/\/www.europesays.com\/es\/wp-json\/wp\/v2\/media?parent=341225"}],"wp:term":[{"taxonomy":"category","embeddable":true,"href":"https:\/\/www.europesays.com\/es\/wp-json\/wp\/v2\/categories?post=341225"},{"taxonomy":"post_tag","embeddable":true,"href":"https:\/\/www.europesays.com\/es\/wp-json\/wp\/v2\/tags?post=341225"}],"curies":[{"name":"wp","href":"https:\/\/api.w.org\/{rel}","templated":true}]}}