{"id":341226,"date":"2026-01-15T00:44:13","date_gmt":"2026-01-15T00:44:13","guid":{"rendered":"https:\/\/www.europesays.com\/es\/341226\/"},"modified":"2026-01-15T00:44:13","modified_gmt":"2026-01-15T00:44:13","slug":"lo-ultimo-de-isabelle-huppert-con-conchita-wurst-y-un-documental-sobre-judas-priest-en-la-berlinale","status":"publish","type":"post","link":"https:\/\/www.europesays.com\/es\/341226\/","title":{"rendered":"Lo \u00faltimo de Isabelle Huppert (con Conchita Wurst) y un documental sobre Judas Priest, en la Berlinale"},"content":{"rendered":"<p class=\"ft-text\">Una nueva adaptaci\u00f3n de<strong> &#8216;El se\u00f1or de las moscas&#8217;, de William Golding, un documental sobre Judas Priest <\/strong>o pel\u00edculas con <strong>Ethan Hawke y Russel Crowe o John Turturro<\/strong>, forman parte de la programaci\u00f3n de la secci\u00f3n Special de la Berlinale, que se celebrar\u00e1 del 12 al 21 de febrero.<\/p>\n<p class=\"ft-text\">La Berlinale anunci\u00f3 este mi\u00e9rcoles los t\u00edtulos que compondr\u00e1n las secciones Special y Panorama de su 76 edici\u00f3n. Y en Berlinale Special, una amplia secci\u00f3n de proyecciones especiales, ha incluido &#8216;Lord of the Flies&#8217; (&#8216;El se\u00f1or de las moscas&#8217;), una nueva adaptaci\u00f3n del libro de referencia de Golding, dirigida por Marc Munden y protagonizada por<strong> Winston Sawyers, Lox Pratt y David McKenna.<\/strong><\/p>\n<p class=\"ft-text\">Tambi\u00e9n destaca el documental &#8216;The Ballad of Judas Priest&#8217;, que sigue a la veterana banda brit\u00e1nica de heavy metal, una cinta dirigida por <strong>Sam Dunn y Tom Morelo.<\/strong><\/p>\n<p class=\"ft-text\">&#8216;The Weight&#8217; es el t\u00edtulo que une a Hawke y Crowe en una historia que se desarrolla en los a\u00f1os 30 en Oregon en un ambiente de contrabando de oro y de explotaci\u00f3n.<\/p>\n<p class=\"ft-text\">Mientras que Turturro es el protagonista de<strong> &#8216;The Only Living Pickpocket in New York&#8217;, la historia de Harry, un carterista veterano que lucha por sobrevivir en una Nueva York transformada. Le acompa\u00f1an Steve Buscemi y Giancarlo Esposito.<\/strong><\/p>\n<p class=\"ft-text\"><strong>Isabelle Huppert encabeza en reparto de &#8216;The Blood Countess&#8217;, <\/strong>mientras que Sam Rockwell y Juno Temple protagonizan el nuevo trabajo del inclasificable Gore Verbinski, &#8216;Good Luck, Hav Fun, Don&#8217;t Die&#8217;. Tom Neuwirth, alias <strong>Conchita Wurst, <\/strong>la diva austriaca con barba que gan\u00f3 el Festival de la Canci\u00f3n de Eurovisi\u00f3n 2014, har\u00e1 su <strong>debut como actriz<\/strong> en \u201cThe Blood Countess\u201d.<\/p>\n<p class=\"ft-text\">Dirigida por la reconocida cineasta de la nueva ola alemana Ulrike Ottinger,<strong> \u00abLa Condesa Sangrienta\u00bb se inspira en la vida y la leyenda de la condesa Elizabeth B\u00e1thory<\/strong>, la infame noble h\u00fangara del siglo XVI, interpretada por Huppert. El guion fue escrito por Ottinger y <strong>Elfriede Jelinek, ganadora del Premio Nobel de Literatura y aclamada autora de \u00abLa pianista\u00bb,<\/strong> que dio fama internacional a Huppert.<\/p>\n<p class=\"ft-text\">Dentro de Berlinale Special tambi\u00e9n se proyectar\u00e1 el nuevo cap\u00edtulo de Mark Cousin en su monumental historia del cine, esta vez centrado en el documenal; &#8216;Tutu&#8217;, que sigue la historia del arzobispo sudafricano Desmond Tutu, o &#8216;The Testament of Ann Lee&#8217; (&#8216;El testamento de Ann Lee&#8217;), una pel\u00edcula con Amanda Seyfried que ya se present\u00f3 en la Mostra de Venecia.<\/p>\n<p>La mexicana Fernanda Tovar debutar\u00e1 en la Berlinale con &#8216;Chicas Tristes&#8217;<\/p>\n<p class=\"ft-text\">La mexicana Fernanda Tovar estrenar\u00e1 en la secci\u00f3n Generaci\u00f3n de la 76\u00aa edici\u00f3n del festival de cine Berlinale su opera prima <strong>&#8216;Chicas Tristes&#8217;<\/strong>, una coproducci\u00f3n de M\u00e9xico, Espa\u00f1a y Francia que estar\u00e1 acompa\u00f1ada en la capital germana por otros filmes de Brasil, Per\u00fa, Colombia, Chile o la Rep\u00fablica Dominicana.<\/p>\n<p class=\"ft-text\">La pel\u00edcula, que se exhibir\u00e1 concretamente en la programaci\u00f3n de Generaci\u00f3n 14plus, relata la amistad entre<strong> la Maestra y Paula, que son las mejores nadadoras de su equipo, pero un incidente en una fiesta las obliga a decidir entre callar o hablar, poniendo a prueba su hasta entonces inseparable lazo.<\/strong><\/p>\n<p class=\"ft-text\">En el mismo apartado celebrar\u00e1 su estreno mundial la pel\u00edcula peruana &#8216;All\u00e1 en el cielo&#8217;, de Roddy Dextre, que narra la infancia en las afueras de Lima del ni\u00f1o de once a\u00f1os Chito, que cuida palomas mensajeras que su hermano utiliza para negocios de droga.<\/p>\n<p class=\"ft-text\">Asimismo, se estrenar\u00e1 en la Berlinale el corto mexicano de Edgar Adri\u00e1n &#8216;Cuando llegue a casa&#8217;, centrado en Paco, un adolescente de Guadalajara, que explora su identidad a trav\u00e9s de su amistad con Andrea y su afecto por Mario.<\/p>\n<p class=\"ft-text\">Acompa\u00f1a en Generaci\u00f3n 14plus a estos filmes la colombiana &#8216;J\u00fclap\u00fcin Yonna&#8217;, de Luzbeidy Moonterrosa Atencio, que capta con la c\u00e1mara c\u00f3mo en la regi\u00f3n des\u00e9rtica de La Alta Guajira, Weinshi, una joven wayuu de 15 a\u00f1os cuyo nombre significa \u00abtiempo\u00bb, escucha en sue\u00f1os el llamado de sus antepasados.<\/p>\n<p class=\"ft-text\">Otro estreno mundial en la misma categor\u00eda ser\u00e1 la dominicana &#8216;No salgas&#8217;, de Victoria Linares Villegas, que cuenta c\u00f3mo Liz oculta su verdadero yo tras la muerte de su mejor amiga hasta que un viaje de fin de semana despierta un deseo prohibido.<\/p>\n<p class=\"ft-text\">&#8216;Quatro Meninas&#8217;, una coproducci\u00f3n brasile\u00f1o-holandesa y opera prima de Karen Suzane, se centra en cuatro chicas esclavizadas que sue\u00f1an con la libertad y se exhibir\u00e1 en Berl\u00edn en su estreno internacional.<\/p>\n<p class=\"ft-text\">A su vez, el estreno europeo del debut chileno de <strong>Diego \u00abMapache\u00bb Fuentes &#8216;Matapanki&#8217; gira en torno a Ricardo, un punk duro por fuera y tierno por dentro que experimenta por una mezcla llamada Matapanki superpoderes y se lanza a cambiar el mundo y acaba desencadenando un conflicto internacional.<\/strong><\/p>\n<p class=\"ft-text\">En el apartado de Generaci\u00f3n Kplus, celebrar\u00e1 su estreno mundial la brasile\u00f1a &#8216;A Fabulosa M\u00e1quina do Tempo&#8217; (&#8216;La fabulosa m\u00e1quina del tiempo&#8217;), de Eliza Capai, un documental, en el que se cuenta la historia de unas ni\u00f1as en su paso a la adolescencia en el interior de Brasil.<\/p>\n<p class=\"ft-text\">En la misma programaci\u00f3n tendr\u00e1 su estreno internacional la pel\u00edcula brasile\u00f1a de animaci\u00f3n &#8216;Papaya&#8217;, de Priscilla Kellen, que sigue a una diminuta semilla de la selva amaz\u00f3nica. EFE<\/p>\n<p>La serie espa\u00f1ola &#8216;Ravalear&#8217;, seleccionada en la Berlinale &#8216;Special Series&#8217;<\/p>\n<p class=\"ft-text\">La serie espa\u00f1ola &#8216;Ravalear&#8217; ha sido seleccionada en la 76.\u00aa edici\u00f3n de la Berlinale como parte de la programaci\u00f3n de su secci\u00f3n &#8216;Special Series&#8217;, donde se estrenar\u00e1 a nivel mundial, anunci\u00f3 este mi\u00e9rcoles el festival de cine.<\/p>\n<p class=\"ft-text\"><strong>Se trata de \u00abla primera serie espa\u00f1ola seleccionada por el festival como parte de su secci\u00f3n oficial en este apartado\u00bb,<\/strong> seg\u00fan un comunicado de HBO Max -plataforma que ha participado en la producci\u00f3n de la serie-, ya que hasta ahora las series espa\u00f1olas solo hab\u00edan sido exhibidas como parte del mercado audiovisual &#8216;Berlinale Series Market&#8217;.<\/p>\n<p class=\"ft-text\"><strong>La serie &#8216;Ravalear&#8217; cuenta la historia del restaurante familiar Can Mosques en el barrio del Raval de Barcelona, que se enfrenta al desalojo tras la compra del edificio por parte de un fondo de inversi\u00f3n, que pretende vaciarlo y acelerar as\u00ed la transformaci\u00f3n del barrio.<\/strong><\/p>\n<p class=\"ft-text\">Su creador, Pol Rodr\u00edguez, ha construido este relato inspirado en su propia historia familiar, seg\u00fan recoge el comunicado.<\/p>\n<p class=\"ft-text\">La serie cuenta con un reparto coral protagonizado por Enric Auquer (conocido por pel\u00edculas como &#8216;El maestro que prometi\u00f3 el mar&#8217;), Mar\u00eda Rodr\u00edguez Soto (&#8216;Casa en llamas&#8217;), Sergi L\u00f3pez (&#8216;Sirat&#8217;) y Francesc Orella (&#8216;Merl\u00ed&#8217;), entre otros.<\/p>\n<p class=\"ft-text\">Este thriller ha sido rodado mayoritariamente en catal\u00e1n, pero incluye di\u00e1logos en diferentes idiomas como el castellano, \u00e1rabe, urdu e ingl\u00e9s y tiene como escenario diferentes localizaciones de la ciudad de Barcelona, en concreto del barrio del Raval.<\/p>\n<p class=\"ft-text\"><strong>&#8216;Ravalear&#8217; se estrenar\u00e1 en Espa\u00f1a en HBO Max en 2026 y, posteriormente, en 3Cat. <\/strong>Se trata de una producci\u00f3n de Arcadia, Eter y Supernova en coproducci\u00f3n con 3Cat y UMEDIA (B\u00e9lgica), que cuenta con la participaci\u00f3n de HBO Max.<\/p>\n<p class=\"ft-text\">La espa\u00f1ola comparte secci\u00f3n con otros 18 t\u00edtulos procedentes de diferentes pa\u00edses, como son el western &#8216;The Weight&#8217;, protagonizada por Ethan Hawke y Russell Crowe; la adaptaci\u00f3n chilena &#8216;La casa de los esp\u00edritus&#8217; o la nueva adaptaci\u00f3n de &#8216;El se\u00f1or de las moscas&#8217;, dirigida por Marc Munden y escrita por Jack Thorne (&#8216;Adolescencia&#8217;).<\/p>\n<p class=\"ft-text\">La 76\u00aa edici\u00f3n de la Berlinale tendr\u00e1 lugar en Berl\u00edn del 12 al 22 de febrero. EFE<\/p>\n","protected":false},"excerpt":{"rendered":"Una nueva adaptaci\u00f3n de &#8216;El se\u00f1or de las moscas&#8217;, de William Golding, un documental sobre Judas Priest o&hellip;\n","protected":false},"author":2,"featured_media":341227,"comment_status":"","ping_status":"","sticky":false,"template":"","format":"standard","meta":{"footnotes":""},"categories":[169],"tags":[63088,177,77719,77721,146,147,25,24,3931,176,11943,448,77718,18061,175,23,3667,77720],"class_list":{"0":"post-341226","1":"post","2":"type-post","3":"status-publish","4":"format-standard","5":"has-post-thumbnail","7":"category-cine","8":"tag-berlinale","9":"tag-cine","10":"tag-conchita","11":"tag-conchita-wurst","12":"tag-entertainment","13":"tag-entretenimiento","14":"tag-es","15":"tag-espana","16":"tag-festival","17":"tag-film","18":"tag-hbo","19":"tag-historia","20":"tag-hupert","21":"tag-isabelle","22":"tag-movies","23":"tag-spain","24":"tag-ultimo","25":"tag-wurst"},"share_on_mastodon":{"url":"https:\/\/pubeurope.com\/@es\/115896350391683262","error":""},"_links":{"self":[{"href":"https:\/\/www.europesays.com\/es\/wp-json\/wp\/v2\/posts\/341226","targetHints":{"allow":["GET"]}}],"collection":[{"href":"https:\/\/www.europesays.com\/es\/wp-json\/wp\/v2\/posts"}],"about":[{"href":"https:\/\/www.europesays.com\/es\/wp-json\/wp\/v2\/types\/post"}],"author":[{"embeddable":true,"href":"https:\/\/www.europesays.com\/es\/wp-json\/wp\/v2\/users\/2"}],"replies":[{"embeddable":true,"href":"https:\/\/www.europesays.com\/es\/wp-json\/wp\/v2\/comments?post=341226"}],"version-history":[{"count":0,"href":"https:\/\/www.europesays.com\/es\/wp-json\/wp\/v2\/posts\/341226\/revisions"}],"wp:featuredmedia":[{"embeddable":true,"href":"https:\/\/www.europesays.com\/es\/wp-json\/wp\/v2\/media\/341227"}],"wp:attachment":[{"href":"https:\/\/www.europesays.com\/es\/wp-json\/wp\/v2\/media?parent=341226"}],"wp:term":[{"taxonomy":"category","embeddable":true,"href":"https:\/\/www.europesays.com\/es\/wp-json\/wp\/v2\/categories?post=341226"},{"taxonomy":"post_tag","embeddable":true,"href":"https:\/\/www.europesays.com\/es\/wp-json\/wp\/v2\/tags?post=341226"}],"curies":[{"name":"wp","href":"https:\/\/api.w.org\/{rel}","templated":true}]}}