{"id":341238,"date":"2026-01-15T00:50:09","date_gmt":"2026-01-15T00:50:09","guid":{"rendered":"https:\/\/www.europesays.com\/es\/341238\/"},"modified":"2026-01-15T00:50:09","modified_gmt":"2026-01-15T00:50:09","slug":"trump-mantiene-una-llamada-con-delcy-rodriguez-y-dice-que-es-una-persona-fantastica-rtve-es","status":"publish","type":"post","link":"https:\/\/www.europesays.com\/es\/341238\/","title":{"rendered":"Trump mantiene una llamada con Delcy Rodr\u00edguez y dice que es una &quot;persona fant\u00e1stica&quot; &#8211; RTVE.es"},"content":{"rendered":"<ol>\n<li><a href=\"https:\/\/news.google.com\/rss\/articles\/CBMiuwFBVV95cUxNRG80TjZRcjR0WFZheG1ybFNUSDV6czNvSWxSSFVEeWotQnE2ak1iSkEyWUdfRnZZMzdXcmF0dmxXUDhEY2dtX01GY1F4dVlkQkZYY1o4U24yVzJGdWl3QVo2LU01M0cyZFR4SkZvMW9od2NTa0p3bVF4elJCZ3ViYnktTmcwMHRQQWU0MUhrUVY2c2tHdGtnd3FZaFU1QWlqbE5vQjBDbjF6U3ZWTzBCRWNQTlh4SmgxdHVN0gG7AUFVX3lxTE85OVZ4UkQ0TlEweXEyVG5PcjlpaDlrcXp6eEJ1c01Kc0o0dE0xZWhva25KeFBFMlJoMzVqbzBCdEZaSm9GbzJjUHJBWmZCQW9vcUZQaGpweWV2NG1rcTNXZ0psVEx6MGVJWDVUb0cwWlZnYy1fT3ZyeTdWSGJQY3NjQlEyRFV6WTZ0V3dhWDJVUUhhYXVCQUVDR3l4UUNPSlNnOHVZTHNrdjd4ak42el9uYkd4TkE4S0ljSmc?oc=5\" target=\"_blank\" rel=\"nofollow noopener\">Trump mantiene una llamada con Delcy Rodr\u00edguez y dice que es una \u00abpersona fant\u00e1stica\u00bb<\/a>&nbsp;&nbsp;RTVE.es<\/li>\n<li><a href=\"https:\/\/news.google.com\/rss\/articles\/CBMigwFBVV95cUxQdk5DVWpkcExlYkdhQXNmaF9pYS0yZG5oTmRDTXVDYTdWcjJwZWRtNVNqVkVlWHdPc00zald5WTlGUzJfN1JySWN0cm4zTnplckt0WEtEWlpReW9Ga2dURmdWVFhtam5uQmQ1bEIwTGttR1VzRmwyN0hqVDdKTDVWaXZiRdIBgwFBVV95cUxPRzBqanZ0cDdVS0hjUklXdUxmdllUM3JXZkxXeXNpSkxmdHowcFgzRk40Um5lS3NXUmtvVTNkdkotTDFVYkRnNFNDYWVwQXNyLWQ2VnVwcmZQQ1NjMmNaRnd4S1hpYzdKZG9rUmVIRTBqSEF4WWtBQUsybm5mYUVTcjNrMA?oc=5\" target=\"_blank\" rel=\"nofollow noopener\">Golpe de efecto de Delcy Rodr\u00edguez en v\u00edsperas de la minicumbre de Washington: libera a casi todos los periodistas presos<\/a>&nbsp;&nbsp;El Mundo<\/li>\n<li><a href=\"https:\/\/news.google.com\/rss\/articles\/CBMiW0FVX3lxTFBvaWtvT1lNcXFpemdQUmNzeHZsV1pGZC1mRzRfeGhGejNSZmFidWhsMWFCNnZZMmhPNVF1VENfNzd2VTVneFZ0ZWRFaXBxNFZYM3NjVWdPQjlfUkU?oc=5\" target=\"_blank\" rel=\"nofollow noopener\">Trump elogia a la presidenta encargada de Venezuela, Delcy Rodr\u00edguez, un d\u00eda antes de reunirse con la l\u00edder opositora, Mar\u00eda Corina Machado<\/a>&nbsp;&nbsp;BBC<\/li>\n<li><a href=\"https:\/\/news.google.com\/rss\/articles\/CBMigwFBVV95cUxPbV9kblBOQzJNYkJwaVcwX1l3UTBNOHUyd2NkbnBBWkQwUVBJeEE5b0xLeXJqZ3p2cklkSTREZktvdlBuZkhWODhhZDZkVlk5SkFsSWNHS2QwTHVyaG9CTDQxTjM5MkxWVHFyXzJhNGk0ZDBrN0Y5Z3RoMU54Zk1fU2NfY9IBngFBVV95cUxObDA2dG8xWHVubXVPZFNUb0Z2aHhxbnRvbXYzdjVENnVnZ201UldvX19zdnkxbVFzMW13ZHNIQXNVdlA0WkpqVVYxVXVPNVV4d2x0S2hRdmlmRm5uVnAyX0dSNGRYOGNBQ1dyYjhhUjdycUt2aTBzMlc2OW93ajBlVFh1V3VuVHp3Z1hXM3o4azJ0VkxndGpqaEJVVzUtdw?oc=5\" target=\"_blank\" rel=\"nofollow noopener\">EN VIVO | Donald Trump dijo que sostuvo una \u201clarga conversaci\u00f3n\u201d con Delcy Rodr\u00edguez<\/a>&nbsp;&nbsp;Infobae<\/li>\n<li><a href=\"https:\/\/news.google.com\/rss\/articles\/CBMirwFBVV95cUxQZjlzRnNJYkVIRXpiVG1md0lpZ1Q4RVZxRmpVdTRDVWlUTXdDM2U4TTRDMjJIQUZCQlFEbGQ1bGJVLTYtQ2NMSkFSdFB0blNJWlBLc0xqR0FnNHZvdThQSFNBZnVMODA4Qm4xSTlRNDBUSENONXo0QU1oQ25xLVZRQkN3X2NMNUx4c1J3SUJfRFJkSG5neVNGTmNsR21oUFV3T2U1MTlCZlA5aVl3Y3Vv?oc=5\" target=\"_blank\" rel=\"nofollow noopener\">Trump insiste en tomar Groenlandia y mantiene una \u00ablarga\u00bb llamada con Delcy Rodr\u00edguez<\/a>&nbsp;&nbsp;ABC<\/li>\n<\/ol>\n","protected":false},"excerpt":{"rendered":"Trump mantiene una llamada con Delcy Rodr\u00edguez y dice que es una \u00abpersona fant\u00e1stica\u00bb&nbsp;&nbsp;RTVE.es Golpe de efecto de&hellip;\n","protected":false},"author":2,"featured_media":341239,"comment_status":"","ping_status":"","sticky":false,"template":"","format":"standard","meta":{"footnotes":""},"categories":[42],"tags":[17,18,13,14,11,61,62,63,64,19,20,9,10,15,16,12,21,22,65,66,67],"class_list":{"0":"post-341238","1":"post","2":"type-post","3":"status-publish","4":"format-standard","5":"has-post-thumbnail","7":"category-internacional","8":"tag-breaking-news","9":"tag-breakingnews","10":"tag-featured-news","11":"tag-featurednews","12":"tag-headlines","13":"tag-internacional","14":"tag-international","15":"tag-international-news","16":"tag-internationalnews","17":"tag-latest-news","18":"tag-latestnews","19":"tag-news","20":"tag-noticias","21":"tag-noticias-destacadas","22":"tag-noticiasdestacadas","23":"tag-titulares","24":"tag-ultimas-noticias","25":"tag-ultimasnoticias","26":"tag-world","27":"tag-world-news","28":"tag-worldnews"},"share_on_mastodon":{"url":"https:\/\/pubeurope.com\/@es\/115896373988437754","error":""},"_links":{"self":[{"href":"https:\/\/www.europesays.com\/es\/wp-json\/wp\/v2\/posts\/341238","targetHints":{"allow":["GET"]}}],"collection":[{"href":"https:\/\/www.europesays.com\/es\/wp-json\/wp\/v2\/posts"}],"about":[{"href":"https:\/\/www.europesays.com\/es\/wp-json\/wp\/v2\/types\/post"}],"author":[{"embeddable":true,"href":"https:\/\/www.europesays.com\/es\/wp-json\/wp\/v2\/users\/2"}],"replies":[{"embeddable":true,"href":"https:\/\/www.europesays.com\/es\/wp-json\/wp\/v2\/comments?post=341238"}],"version-history":[{"count":0,"href":"https:\/\/www.europesays.com\/es\/wp-json\/wp\/v2\/posts\/341238\/revisions"}],"wp:featuredmedia":[{"embeddable":true,"href":"https:\/\/www.europesays.com\/es\/wp-json\/wp\/v2\/media\/341239"}],"wp:attachment":[{"href":"https:\/\/www.europesays.com\/es\/wp-json\/wp\/v2\/media?parent=341238"}],"wp:term":[{"taxonomy":"category","embeddable":true,"href":"https:\/\/www.europesays.com\/es\/wp-json\/wp\/v2\/categories?post=341238"},{"taxonomy":"post_tag","embeddable":true,"href":"https:\/\/www.europesays.com\/es\/wp-json\/wp\/v2\/tags?post=341238"}],"curies":[{"name":"wp","href":"https:\/\/api.w.org\/{rel}","templated":true}]}}