{"id":341240,"date":"2026-01-15T00:51:13","date_gmt":"2026-01-15T00:51:13","guid":{"rendered":"https:\/\/www.europesays.com\/es\/341240\/"},"modified":"2026-01-15T00:51:13","modified_gmt":"2026-01-15T00:51:13","slug":"los-reyes-conocen-la-transformacion-de-valencia-en-160-anos-y-los-recuerdos-salvados-de-la-dana","status":"publish","type":"post","link":"https:\/\/www.europesays.com\/es\/341240\/","title":{"rendered":"Los Reyes conocen la transformaci\u00f3n de Valencia en 160 a\u00f1os y los recuerdos salvados de la dana"},"content":{"rendered":"<p style=\"\">Los Reyes Felipe VI y do\u00f1a Letizia han viajado a <a href=\"https:\/\/www.abc.es\/noticias\/valencia-ciudad\/\" target=\"_self\" data-voc-vtm-id=\"in-text-traffic\" title=\"Valencia\" data-mrf-link=\"www.abc.es\" rel=\"nofollow noopener\">Valencia<\/a> este mi\u00e9rcoles para visitar una muestra sobre los cambios de la ciudad organizada por el peri\u00f3dico Las Provincias con motivo de su 160 aniversario, as\u00ed como uno de los laboratorios en los que  &#8230; tratan de recuperar las fotograf\u00edas da\u00f1adas por la catastr\u00f3fica dana.<\/p>\n<p class=\"voc-p\" style=\"\">Precisamente, durante su recorrido por la exposici\u00f3n <strong>&#8216;La transformaci\u00f3n de Val\u00e8ncia 1866-2026&#8217;<\/strong>, acompa\u00f1ados por autoridades y tras ser recibidos con aplausos por los ciudadanos que se han acercado al Centre del Carme, han destacado aquellas obras e im\u00e1genes relacionadas con la cat\u00e1strofe para poner en valor el trabajo del periodismo local durante la tragedia.<\/p>\n<p class=\"voc-p\" style=\"\">Felipe VI ha mostrado inter\u00e9s por el cuadro que abre la muestra, una obra del pintor valenciano Luis Lonjedo que homenajea a los voluntarios que acudieron a la zona cero. \u00abMe ha preguntado por qu\u00e9 pintaba con ca\u00f1as -de bamb\u00fa con un pincel en el extremo- y le he explicado que es para tener perspectiva suficiente, para tener vista del conjunto de las obras, de las figuras, porque as\u00ed se aprecia mejor que a una distancia corta\u00bb, ha explicado Lonjedo. Los monarcas han recibido un boceto del mismo.<\/p>\n<p class=\"voc-p\" style=\"\">La exhibici\u00f3n, comisariada por Beatriz de Z\u00fa\u00f1iga y Pablo Salazar y abierta al p\u00fablico <strong>hasta el 22 de febrero<\/strong>, recorre los principales cambios experimentados por Valencia entre dos hitos: el inicio del derribo de las murallas de la ciudad en 1865 y los voluntarios que cruzaron el Puente de la Solidaridad tras la barrancada. Las treinta portadas de Las Provincias escogidas, ic\u00f3nicas porque reflejan momentos clave en la historia de la capital del Turia, van acompa\u00f1adas de ilustraciones de espacios emblem\u00e1ticos de la ciudad. La mayor\u00eda realizadas por artistas j\u00f3venes, algo que tambi\u00e9n han resaltado los Reyes.<\/p>\n<p class=\"voc-p\" style=\"\">De Z\u00fa\u00f1iga, jefa de Artes y Nuevas Narrativas del diario, ha explicado que a do\u00f1a Letizia \u00able ha llamado la atenci\u00f3n que no se haya hecho un cat\u00e1logo al uso para esta exposici\u00f3n\u00bb. \u00abHemos hecho lo que sabemos hacer, un peri\u00f3dico\u00bb, en este caso, \u00aba tama\u00f1o s\u00e1bana que remite a los antiguos\u00bb.<\/p>\n<p><img decoding=\"async\" loading=\"lazy\" src=\"https:\/\/www.europesays.com\/es\/wp-content\/uploads\/2026\/01\/reyes-upv-U54326827602GkQ-760x427@diario_abc.jpg\" class=\"voc-img\" width=\"760\" height=\"427\" alt=\"Los Reyes, este mi\u00e9rcoles en la Universidad Polit\u00e9cnica de Valencia\" data-voc-vtm-id=\"in-text-traffic\"\/><\/p>\n<p>Los Reyes, este mi\u00e9rcoles en la Universidad Polit\u00e9cnica de Valencia<\/p>\n<p>EFE<\/p>\n<p class=\"voc-p\" style=\"\">La agenda de los Reyes en Valencia ha continuado con un recorrido por la Facultad de Bellas Artes de la Universidad Polit\u00e9cnica para visitar el proyecto <strong>&#8216;Salvem les Fotos UPV \/ Recuperar las memorias&#8217;<\/strong>, que tiene como objetivo rescatar el patrimonio fotogr\u00e1fico de las familias afectadas por la dana del 29 de octubre de 2024.<\/p>\n<p class=\"voc-p\" style=\"\">A trav\u00e9s de procesos t\u00e9cnicos de limpieza y digitalizaci\u00f3n que los monarcas han conocido de primera mano, se ha conseguido la restituci\u00f3n con Inteligencia Artificial de m\u00e1s de 340.000 im\u00e1genes deterioradas: alrededor de tres mil \u00e1lbumes de cuatrocientas familias.<\/p>\n<p class=\"voc-p\" style=\"\">De hecho, han podido contemplar algunas de ellas, expuestas en la propia facultad. En la visita han podido hablar no s\u00f3lo con voluntarios que pusieron en marcha este proyecto, al se sumaron tambi\u00e9n otras universidades p\u00fablicas valencianas, y sus coordinadores -Esther Nebot D\u00edaz, Pilar Soriano Sancho y Pedro Vicente-Mullor-, sino tambi\u00e9n algunas de las personas que han podido rescatar sus recuerdos manchados de barro.<\/p>\n<p class=\"voc-p\" style=\"\">\u00abEran fotos con un gran valor para todos nosotros, de nuestra boda, de las comuniones de nuestras hijas, de reuniones familiares, viajes&#8230; momentos inolvidables de nuestras vidas. Para nosotros, haber podido recuperarlas, que cada uno de esos recuerdos no haya sido arrasado tambi\u00e9n por la dana ha sido maravilloso, reparador. Por eso, no podemos tener m\u00e1s que palabras de agradecimiento a todas las personas que han participado en la recuperaci\u00f3n de cada una de nuestras fotos\u00bb, han explicado tres miembros de <strong>una familia de Paiporta<\/strong> a quienes la casa se les inund\u00f3 hasta casi el segundo piso.<\/p>\n","protected":false},"excerpt":{"rendered":"Los Reyes Felipe VI y do\u00f1a Letizia han viajado a Valencia este mi\u00e9rcoles para visitar una muestra sobre&hellip;\n","protected":false},"author":2,"featured_media":341241,"comment_status":"","ping_status":"","sticky":false,"template":"","format":"standard","meta":{"footnotes":""},"categories":[8],"tags":[17,18,25,24,2003,13,14,11,19,20,9,10,15,16,37901,3051,23,12,21,22],"class_list":{"0":"post-341240","1":"post","2":"type-post","3":"status-publish","4":"format-standard","5":"has-post-thumbnail","7":"category-espana","8":"tag-breaking-news","9":"tag-breakingnews","10":"tag-es","11":"tag-espana","12":"tag-exposicion","13":"tag-featured-news","14":"tag-featurednews","15":"tag-headlines","16":"tag-latest-news","17":"tag-latestnews","18":"tag-news","19":"tag-noticias","20":"tag-noticias-destacadas","21":"tag-noticiasdestacadas","22":"tag-recorren","23":"tag-reyes","24":"tag-spain","25":"tag-titulares","26":"tag-ultimas-noticias","27":"tag-ultimasnoticias"},"share_on_mastodon":{"url":"https:\/\/pubeurope.com\/@es\/115896377978400424","error":""},"_links":{"self":[{"href":"https:\/\/www.europesays.com\/es\/wp-json\/wp\/v2\/posts\/341240","targetHints":{"allow":["GET"]}}],"collection":[{"href":"https:\/\/www.europesays.com\/es\/wp-json\/wp\/v2\/posts"}],"about":[{"href":"https:\/\/www.europesays.com\/es\/wp-json\/wp\/v2\/types\/post"}],"author":[{"embeddable":true,"href":"https:\/\/www.europesays.com\/es\/wp-json\/wp\/v2\/users\/2"}],"replies":[{"embeddable":true,"href":"https:\/\/www.europesays.com\/es\/wp-json\/wp\/v2\/comments?post=341240"}],"version-history":[{"count":0,"href":"https:\/\/www.europesays.com\/es\/wp-json\/wp\/v2\/posts\/341240\/revisions"}],"wp:featuredmedia":[{"embeddable":true,"href":"https:\/\/www.europesays.com\/es\/wp-json\/wp\/v2\/media\/341241"}],"wp:attachment":[{"href":"https:\/\/www.europesays.com\/es\/wp-json\/wp\/v2\/media?parent=341240"}],"wp:term":[{"taxonomy":"category","embeddable":true,"href":"https:\/\/www.europesays.com\/es\/wp-json\/wp\/v2\/categories?post=341240"},{"taxonomy":"post_tag","embeddable":true,"href":"https:\/\/www.europesays.com\/es\/wp-json\/wp\/v2\/tags?post=341240"}],"curies":[{"name":"wp","href":"https:\/\/api.w.org\/{rel}","templated":true}]}}