{"id":341242,"date":"2026-01-15T00:52:10","date_gmt":"2026-01-15T00:52:10","guid":{"rendered":"https:\/\/www.europesays.com\/es\/341242\/"},"modified":"2026-01-15T00:52:10","modified_gmt":"2026-01-15T00:52:10","slug":"tenemos-que-dar-muchisimo-mas-pedimos-perdon-a-la-aficion","status":"publish","type":"post","link":"https:\/\/www.europesays.com\/es\/341242\/","title":{"rendered":"Tenemos que dar much\u00edsimo m\u00e1s, pedimos perd\u00f3n a la afici\u00f3n"},"content":{"rendered":"<p><a href=\"https:\/\/www.realmadrid.com\/es-ES\/futbol\/primer-equipo-masculino\/plantilla\/daniel-carvajal-ramos\" target=\"_blank\" style=\"font-weight: bold;\" rel=\"noopener noreferrer nofollow\">Carvajal\u00a0<\/a>atendi\u00f3 a los medios de comunicaci\u00f3n tras el partido ante el Albacete. Nuestro capit\u00e1n dijo: \u00abHoy hemos tocado fondo. Nos ha eliminado un equipo de Segunda Divisi\u00f3n y enhorabuena para ellos. A partir de ma\u00f1ana tenemos que hacer una autocr\u00edtica individual y colectivamente. Estamos a tiempo de remontar la temporada. Tenemos dos competiciones fant\u00e1sticas por las que vamos a luchar. El equipo ahora mismo no est\u00e1 en su mejor momento y hay que trabajar duro\u00bb.<\/p>\n<p>\u00abTodos tenemos que dar much\u00edsimo m\u00e1s y es una realidad. Ese es el mensaje: ir a por todas. Pedimos perd\u00f3n tambi\u00e9n a la afici\u00f3n y no estamos, yo el primero, a la altura y las expectativas de este club. Prometemos dejarnos la vida en los partidos de los pr\u00f3ximos meses para que la situaci\u00f3n se revierta\u00bb.\u00a0<\/p>\n","protected":false},"excerpt":{"rendered":"Carvajal\u00a0atendi\u00f3 a los medios de comunicaci\u00f3n tras el partido ante el Albacete. Nuestro capit\u00e1n dijo: \u00abHoy hemos tocado&hellip;\n","protected":false},"author":2,"featured_media":341243,"comment_status":"","ping_status":"","sticky":false,"template":"","format":"standard","meta":{"footnotes":""},"categories":[5],"tags":[17,18,25,24,13,14,11,19,20,9,10,15,16,23,12,21,22],"class_list":{"0":"post-341242","1":"post","2":"type-post","3":"status-publish","4":"format-standard","5":"has-post-thumbnail","7":"category-titulares","8":"tag-breaking-news","9":"tag-breakingnews","10":"tag-es","11":"tag-espana","12":"tag-featured-news","13":"tag-featurednews","14":"tag-headlines","15":"tag-latest-news","16":"tag-latestnews","17":"tag-news","18":"tag-noticias","19":"tag-noticias-destacadas","20":"tag-noticiasdestacadas","21":"tag-spain","22":"tag-titulares","23":"tag-ultimas-noticias","24":"tag-ultimasnoticias"},"share_on_mastodon":{"url":"https:\/\/pubeurope.com\/@es\/115896381797004222","error":""},"_links":{"self":[{"href":"https:\/\/www.europesays.com\/es\/wp-json\/wp\/v2\/posts\/341242","targetHints":{"allow":["GET"]}}],"collection":[{"href":"https:\/\/www.europesays.com\/es\/wp-json\/wp\/v2\/posts"}],"about":[{"href":"https:\/\/www.europesays.com\/es\/wp-json\/wp\/v2\/types\/post"}],"author":[{"embeddable":true,"href":"https:\/\/www.europesays.com\/es\/wp-json\/wp\/v2\/users\/2"}],"replies":[{"embeddable":true,"href":"https:\/\/www.europesays.com\/es\/wp-json\/wp\/v2\/comments?post=341242"}],"version-history":[{"count":0,"href":"https:\/\/www.europesays.com\/es\/wp-json\/wp\/v2\/posts\/341242\/revisions"}],"wp:featuredmedia":[{"embeddable":true,"href":"https:\/\/www.europesays.com\/es\/wp-json\/wp\/v2\/media\/341243"}],"wp:attachment":[{"href":"https:\/\/www.europesays.com\/es\/wp-json\/wp\/v2\/media?parent=341242"}],"wp:term":[{"taxonomy":"category","embeddable":true,"href":"https:\/\/www.europesays.com\/es\/wp-json\/wp\/v2\/categories?post=341242"},{"taxonomy":"post_tag","embeddable":true,"href":"https:\/\/www.europesays.com\/es\/wp-json\/wp\/v2\/tags?post=341242"}],"curies":[{"name":"wp","href":"https:\/\/api.w.org\/{rel}","templated":true}]}}