{"id":341260,"date":"2026-01-15T01:07:20","date_gmt":"2026-01-15T01:07:20","guid":{"rendered":"https:\/\/www.europesays.com\/es\/341260\/"},"modified":"2026-01-15T01:07:20","modified_gmt":"2026-01-15T01:07:20","slug":"el-live-action-de-enredados-se-rodara-en-burgos","status":"publish","type":"post","link":"https:\/\/www.europesays.com\/es\/341260\/","title":{"rendered":"\u00bfEl live-action de &#8216;Enredados&#8217; se rodar\u00e1 en Burgos?"},"content":{"rendered":"<p>Tras unos meses en los que parec\u00eda que el proyecto iba a ser guardado definitivamente en un caj\u00f3n, Disney ha decidido continuar con el live-action de &#8216;<a href=\"https:\/\/www.ecartelera.com\/peliculas\/enredados\/\" data-mention-type=\"pelicula\" data-mention-id=\"3859\" rel=\"nofollow noopener\" target=\"_blank\">Enredados<\/a>&#8216; buscando el \u00e9xito que no encontr\u00f3 en &#8216;<a href=\"https:\/\/www.ecartelera.com\/peliculas\/blancanieves-2025\/\" data-mention-type=\"pelicula\" data-mention-id=\"18711\" rel=\"nofollow noopener\" target=\"_blank\">Blancanieves<\/a>&#8216;. Para ello, tan importante como elegir bien a los actores es acompa\u00f1arlos de unas localizaciones a la altura del Reino de Corona, y <strong>Disney parece tener una favorita: ni m\u00e1s ni menos que&#8230; \u00a1Burgos! <\/strong><\/p>\n<p>Tr\u00e1iler &#8216;Enredados&#8217;<\/p>\n<p><video id=\"vid-1716\" class=\"video-js vjs-default-skin\" data-title=\"Tr\u00e1iler 'Enredados'\" poster=\"https:\/\/www.ecartelera.com\/images\/videos\/1700\/1716-m.jpg\" controls=\"\" preload=\"auto\" width=\"640\" height=\"360\" playsinline=\"\" data-vtt=\"\/\/v1.ecartelera.com\/video\/1700\/1716_sprite.vtt\" data-stream=\"1\">El navegador no soporta el tag de v\u00eddeo.<\/video><\/p>\n<p>X<\/p>\n<p>Seg\u00fan informa <a href=\"https:\/\/www.diariodeburgos.es\/noticia\/z0d5adad4-81fe-46d8-9df7eb80cca3608c\/202601\/disney-baraja-rodar-su-proxima-pelicula-en-la-catedral\" target=\"_blank\" rel=\"nofollow noopener\">Diario de Burgos<\/a>, varios responsables de localizaci\u00f3n de Disney se encuentran en la ciudad castellana y ya se han reunido con varios cargos municipales para transmitirles su inter\u00e9s en rodar all\u00ed parte de la pel\u00edcula. En concreto, <strong>su intenci\u00f3n ser\u00eda grabar en el castillo de Burgos y alrededores<\/strong>, as\u00ed como en la puerta de Pellejer\u00eda, aunque no descartan ampliarlo a m\u00e1s zonas de la ciudad.<\/p>\n<p>Como se\u00f1ala el medio, el rodaje de &#8216;Enredados&#8217; <strong>se asentar\u00eda en Burgos entre una y tres semanas<\/strong> para filmar todas las tomas necesarias, un proceso intenso que obligar\u00eda a dejar la zona m\u00e1s tur\u00edstica a disposici\u00f3n del estudio esos d\u00edas. Pr\u00f3ximamente sabremos si las negociaciones han llegado a buen puerto y &#8216;Enredados&#8217; tendr\u00e1 lugar en Burgos.<\/p>\n<p>\t\t\t\t\t\t\t<img decoding=\"async\" loading=\"lazy\" src=\"https:\/\/www.europesays.com\/es\/wp-content\/uploads\/2026\/01\/26114_enredados.jpg\" alt=\"\u00bfBurgos, el nuevo Reino de Corona?\" width=\"1200\" height=\"633\"\/><\/p>\n<p>\t\t\t\t\t\t\u00bfBurgos, el nuevo Reino de Corona? (Disney)<br \/>\n\t\t\t\t\t\tYa tenemos protagonistas <\/p>\n<p>Aunque se rumore\u00f3 con <a href=\"https:\/\/www.ecartelera.com\/personas\/sabrina-carpenter\/\" data-mention-type=\"persona\" data-mention-id=\"16714\" rel=\"nofollow noopener\" target=\"_blank\">Sabrina Carpenter<\/a>, finalmente <strong>la actriz australiana <a href=\"https:\/\/www.ecartelera.com\/personas\/teagan-croft\/\" data-mention-type=\"persona\" data-mention-id=\"21689\" rel=\"nofollow noopener\" target=\"_blank\">Teagan Croft<\/a> ser\u00e1 la encargada de interpretar a Rapunzel<\/strong> en el live-action, mientras que <a href=\"https:\/\/www.ecartelera.com\/personas\/milo-manheim\/\" data-mention-type=\"persona\" data-mention-id=\"29350\" rel=\"nofollow noopener\" target=\"_blank\">Milo Manheim<\/a> ser\u00e1 Flynn. Un d\u00fao menos conocido de lo esperado pero que seguro supondr\u00e1 un soplo de aire fresco en una industria cada vez m\u00e1s copada por los mismos rostros.<\/p>\n<p>\t\t\t\t\t\t\t<img decoding=\"async\" loading=\"lazy\" src=\"https:\/\/www.europesays.com\/es\/wp-content\/uploads\/2026\/01\/26129_enredados.jpg\" alt=\"Los nuevos Rapunzel y Flynn ya est\u00e1n confirmados\" width=\"1200\" height=\"633\"\/><\/p>\n<p>\t\t\t\t\t\tLos nuevos Rapunzel y Flynn ya est\u00e1n confirmados (Disney)<\/p>\n<p>Como contrapunto, parece que <a href=\"https:\/\/www.ecartelera.com\/personas\/kathryn-hahn\/\" data-mention-type=\"persona\" data-mention-id=\"3528\" rel=\"nofollow noopener\" target=\"_blank\">Kathryn Hahn<\/a> ser\u00e1 la malvada Gothel en el remake dirigido por <a href=\"https:\/\/www.ecartelera.com\/personas\/michael-gracey\/\" data-mention-type=\"persona\" data-mention-id=\"18573\" rel=\"nofollow noopener\" target=\"_blank\">Michael Gracey<\/a> (&#8216;<a href=\"https:\/\/www.ecartelera.com\/peliculas\/the-greatest-showman\/\" data-mention-type=\"pelicula\" data-mention-id=\"12573\" rel=\"nofollow noopener\" target=\"_blank\">El Gran Showman<\/a>&#8216;, &#8216;<a href=\"https:\/\/www.ecartelera.com\/peliculas\/better-man\/\" data-mention-type=\"pelicula\" data-mention-id=\"18866\" rel=\"nofollow noopener\" target=\"_blank\">Better Man<\/a>&#8216;) que <strong>llegar\u00e1 a las salas de cine en 2027<\/strong>.<\/p>\n","protected":false},"excerpt":{"rendered":"Tras unos meses en los que parec\u00eda que el proyecto iba a ser guardado definitivamente en un caj\u00f3n,&hellip;\n","protected":false},"author":2,"featured_media":341261,"comment_status":"","ping_status":"","sticky":false,"template":"","format":"standard","meta":{"footnotes":""},"categories":[169],"tags":[1014,1015,1013,177,1011,146,147,25,24,782,176,1019,1016,175,753,1012,23,1017,1018],"class_list":{"0":"post-341260","1":"post","2":"type-post","3":"status-publish","4":"format-standard","5":"has-post-thumbnail","7":"category-cine","8":"tag-actores","9":"tag-actrices","10":"tag-cartelera","11":"tag-cine","12":"tag-ecartelera","13":"tag-entertainment","14":"tag-entretenimiento","15":"tag-es","16":"tag-espana","17":"tag-estrellas","18":"tag-film","19":"tag-fotogramas","20":"tag-fotos","21":"tag-movies","22":"tag-peliculas","23":"tag-pelis","24":"tag-spain","25":"tag-trailers","26":"tag-videos"},"share_on_mastodon":{"url":"https:\/\/pubeurope.com\/@es\/115896440855247554","error":""},"_links":{"self":[{"href":"https:\/\/www.europesays.com\/es\/wp-json\/wp\/v2\/posts\/341260","targetHints":{"allow":["GET"]}}],"collection":[{"href":"https:\/\/www.europesays.com\/es\/wp-json\/wp\/v2\/posts"}],"about":[{"href":"https:\/\/www.europesays.com\/es\/wp-json\/wp\/v2\/types\/post"}],"author":[{"embeddable":true,"href":"https:\/\/www.europesays.com\/es\/wp-json\/wp\/v2\/users\/2"}],"replies":[{"embeddable":true,"href":"https:\/\/www.europesays.com\/es\/wp-json\/wp\/v2\/comments?post=341260"}],"version-history":[{"count":0,"href":"https:\/\/www.europesays.com\/es\/wp-json\/wp\/v2\/posts\/341260\/revisions"}],"wp:featuredmedia":[{"embeddable":true,"href":"https:\/\/www.europesays.com\/es\/wp-json\/wp\/v2\/media\/341261"}],"wp:attachment":[{"href":"https:\/\/www.europesays.com\/es\/wp-json\/wp\/v2\/media?parent=341260"}],"wp:term":[{"taxonomy":"category","embeddable":true,"href":"https:\/\/www.europesays.com\/es\/wp-json\/wp\/v2\/categories?post=341260"},{"taxonomy":"post_tag","embeddable":true,"href":"https:\/\/www.europesays.com\/es\/wp-json\/wp\/v2\/tags?post=341260"}],"curies":[{"name":"wp","href":"https:\/\/api.w.org\/{rel}","templated":true}]}}