{"id":341309,"date":"2026-01-15T01:38:38","date_gmt":"2026-01-15T01:38:38","guid":{"rendered":"https:\/\/www.europesays.com\/es\/341309\/"},"modified":"2026-01-15T01:38:38","modified_gmt":"2026-01-15T01:38:38","slug":"las-hermanas-de-la-cruz-reciben-una-nueva-donacion-de-azucar-de-la-empresa-azucarera","status":"publish","type":"post","link":"https:\/\/www.europesays.com\/es\/341309\/","title":{"rendered":"Las Hermanas de la Cruz reciben una nueva donaci\u00f3n de az\u00facar de la empresa Azucarera"},"content":{"rendered":"<p>La empresa Azucarera ha renovado un a\u00f1o m\u00e1s su compromiso con las Hermanas de la Cruz de Lebrija con la entrega de m\u00e1s de 670 kilos de az\u00facar para apoyar el reparto de alimentos que realiza la citada congregaci\u00f3n.<\/p>\n<p>Gracias a las gestiones realizadas por el Ayuntamiento de Lebrija, la citada entidad ha realizado esta nueva donaci\u00f3n a las Hermanas.<\/p>\n<p>En la ma\u00f1ana de este mi\u00e9rcoles, 14 de enero, las Hermanas de la Cruz han recibido el nuevo cargamento de az\u00facar, lo que les permitir\u00e1 incluir este producto b\u00e1sico en los paquetes de alimentos que destinan a familias con recursos limitados.<\/p>\n<p>En el acto de entrega, en el que tambi\u00e9n estuvo presente el delegado de Participaci\u00f3n Ciudadana, Alberto P\u00e9rez L\u00f3pez, las Hermanas se han mostrado \u00abmuy agradecidas\u00bb tanto con la empresa Azucarera como con el Ayuntamiento.<\/p>\n<p>\u00a0<\/p>\n","protected":false},"excerpt":{"rendered":"La empresa Azucarera ha renovado un a\u00f1o m\u00e1s su compromiso con las Hermanas de la Cruz de Lebrija&hellip;\n","protected":false},"author":2,"featured_media":341310,"comment_status":"","ping_status":"","sticky":false,"template":"","format":"standard","meta":{"footnotes":""},"categories":[5],"tags":[17,18,25,24,13,14,11,19,20,9,10,15,16,23,12,21,22],"class_list":{"0":"post-341309","1":"post","2":"type-post","3":"status-publish","4":"format-standard","5":"has-post-thumbnail","7":"category-titulares","8":"tag-breaking-news","9":"tag-breakingnews","10":"tag-es","11":"tag-espana","12":"tag-featured-news","13":"tag-featurednews","14":"tag-headlines","15":"tag-latest-news","16":"tag-latestnews","17":"tag-news","18":"tag-noticias","19":"tag-noticias-destacadas","20":"tag-noticiasdestacadas","21":"tag-spain","22":"tag-titulares","23":"tag-ultimas-noticias","24":"tag-ultimasnoticias"},"share_on_mastodon":{"url":"https:\/\/pubeurope.com\/@es\/115896562662210020","error":""},"_links":{"self":[{"href":"https:\/\/www.europesays.com\/es\/wp-json\/wp\/v2\/posts\/341309","targetHints":{"allow":["GET"]}}],"collection":[{"href":"https:\/\/www.europesays.com\/es\/wp-json\/wp\/v2\/posts"}],"about":[{"href":"https:\/\/www.europesays.com\/es\/wp-json\/wp\/v2\/types\/post"}],"author":[{"embeddable":true,"href":"https:\/\/www.europesays.com\/es\/wp-json\/wp\/v2\/users\/2"}],"replies":[{"embeddable":true,"href":"https:\/\/www.europesays.com\/es\/wp-json\/wp\/v2\/comments?post=341309"}],"version-history":[{"count":0,"href":"https:\/\/www.europesays.com\/es\/wp-json\/wp\/v2\/posts\/341309\/revisions"}],"wp:featuredmedia":[{"embeddable":true,"href":"https:\/\/www.europesays.com\/es\/wp-json\/wp\/v2\/media\/341310"}],"wp:attachment":[{"href":"https:\/\/www.europesays.com\/es\/wp-json\/wp\/v2\/media?parent=341309"}],"wp:term":[{"taxonomy":"category","embeddable":true,"href":"https:\/\/www.europesays.com\/es\/wp-json\/wp\/v2\/categories?post=341309"},{"taxonomy":"post_tag","embeddable":true,"href":"https:\/\/www.europesays.com\/es\/wp-json\/wp\/v2\/tags?post=341309"}],"curies":[{"name":"wp","href":"https:\/\/api.w.org\/{rel}","templated":true}]}}